{"id":1002812,"date":"2024-10-21T14:08:38","date_gmt":"2024-10-21T14:08:38","guid":{"rendered":"https:\/\/www.icnova.fcsh.unl.pt\/?p=1002812"},"modified":"2024-10-21T18:09:50","modified_gmt":"2024-10-21T18:09:50","slug":"chamada-para-contribuicoes-interact-no40","status":"publish","type":"post","link":"https:\/\/www.icnova.fcsh.unl.pt\/en\/chamada-para-contribuicoes-interact-no40\/","title":{"rendered":"Chamada para contribui\u00e7\u00f5es INTERACT N\u00ba40"},"content":{"rendered":"<div class=\"vgblk-rw-wrapper limit-wrapper\">\n<p>Chamada para contribui\u00e7\u00f5es <strong>INTERACT N\u00ba40<\/strong><\/p>\n\n\n\n<h6 class=\"wp-block-heading\">Open Call <strong>INTERACT N\u00ba40<\/strong> &#8211; At\u00e9 5 de Dezembro de 2024 &#8211; Organiza\u00e7\u00e3o: Jo\u00e3o Pedro Soares e F\u00e1bio Silva<\/h6>\n\n\n\n<p><\/p>\n\n\n\n<p><strong><em>Regenera\u00e7\u00e3o: Arte, Ecologia e P\u00f3s-Colonialismo<\/em><\/strong><\/p>\n\n\n\n<p>Para a pr\u00f3xima edi\u00e7\u00e3o da Revista INTERACT \u2013 Revista Online de Arte, Cultura e Tecnologia, apresentamos como tema <em>Regenera\u00e7\u00e3o: Arte, Ecologia e P\u00f3s-Colonialismo. <\/em>Face aos crescentes problemas apresentados pela actual situa\u00e7\u00e3o geopol\u00edtica mundial, que cimenta o imperativo capitalista na base da explora\u00e7\u00e3o desmedida de recursos naturais, \u00e0 custa de extremas diferen\u00e7as sociais, territoriais e econ\u00f3micas, este editorial procurar\u00e1 convocar um questionamento que surja da cr\u00edtica e da pr\u00e1tica art\u00edstica, para reflectir sobre os bin\u00f3mios natureza\/cultura, e humano\/mais-que-humano.&nbsp;<\/p>\n\n\n\n<p>Conscientes do actual novo regime clim\u00e1tico, onde o activismo ambiental reage ao negacionismo, bem como diante das crescentes invetivas dos extremismos pol\u00edticos, que auspiciam uma valida\u00e7\u00e3o de retr\u00f3gradas descrimina\u00e7\u00f5es raciais, e que perpetuam regimes herdeiros do esp\u00edrito colonialista; caber\u00e1 a este editorial fomentar uma reflex\u00e3o cr\u00edtica sobre o papel da arte enquanto mediadora essencial para a constru\u00e7\u00e3o de comunidades sustent\u00e1veis.<\/p>\n\n\n\n<p>Neste sentido, este n\u00famero da Interact pretende suscitar um questionamento sobre a actual crise clim\u00e1tica e pol\u00edtica. Debru\u00e7ar-se-\u00e1 sobre quest\u00f5es ecol\u00f3gicas, de \u00e9tica ambiental e ecocr\u00edtica, como tamb\u00e9m por quest\u00f5es p\u00f3s-coloniais que t\u00eam estado em estreito di\u00e1logo com a ecologia. Por conseguinte, nomeamos algumas sugest\u00f5es de reflex\u00e3o: abordagens sobre quest\u00f5es ecol\u00f3gicas, p\u00f3s-coloniais ou ambas, diferentes g\u00e9neros cinematogr\u00e1ficos (slow cinema, climate fiction, aceleracionismo, eco-horror, etc), \u00e9tica ambiental e ecofeminismo. Queer ecology, ideias de extin\u00e7\u00e3o e conserva\u00e7\u00e3o, de rela\u00e7\u00f5es entre escravatura e ecossistemas, reflex\u00f5es sobre conceitos como plantationoceno, capitaloceno, e decrescimento econ\u00f3mico, novas mundivid\u00eancias e perspectivas (por exemplo os contributos do cinema ind\u00edgena), s\u00e3o alguns potenciais exemplos a investigar.<\/p>\n\n\n\n<p>Deste modo, e tendo presente os efeitos dos danos ambientais e sociais actuais, fortemente contestados pelos campos de estudos ecocr\u00edticos e p\u00f3s-coloniais, perspectiva-se, atrav\u00e9s dos contributos recolhidos nesta chamada, contemplar formas de regenera\u00e7\u00e3o futuras, que surjam enquanto alternativas para a desigualdade e viol\u00eancia clim\u00e1tica, social e racial que hoje atravessamos.<\/p>\n\n\n\n<p>Convocamos assim \u00e0 participa\u00e7\u00e3o nas diferentes sec\u00e7\u00f5es da revista \u2014 Ensaio, Interfaces, Laborat\u00f3rio ou Entrevista \u2014 atrav\u00e9s da submiss\u00e3o de propostas que podem assumir o formato de texto, imagem, som ou v\u00eddeo (at\u00e9 ao limite de 10 minutos) ou outros dispositivos imag\u00e9ticos e discursivos que se adequem ao modelo desta revista nativamente online. Incentiva-se o uso das capacidades de conectividade da pr\u00f3pria rede atrav\u00e9s de hiperliga\u00e7\u00f5es ou outras formas de interatividade.<\/p>\n\n\n\n<p>A submiss\u00e3o de cada proposta deve incluir: t\u00edtulo, resumo entre 150 e 450 palavras, nota biogr\u00e1fica e indica\u00e7\u00e3o da sec\u00e7\u00e3o em que se enquadra. Para a sec\u00e7\u00e3o \u201cLaborat\u00f3rio\u201d dever\u00e1 ser enviado igualmente um excerto do trabalho, ou outros materiais que documentem a proposta. As submiss\u00f5es devem ser realizadas at\u00e9 <strong>5 de Dezembro<\/strong> <strong>de 2024<\/strong> para o e-mail dos editores do n\u00famero (regeneracaoearte@gmail.com). E, se aceites para publica\u00e7\u00e3o, dever\u00e1 ser entregue na sua vers\u00e3o definitiva at\u00e9 <strong>5 de Fevereiro de 2025<\/strong>.<\/p>\n\n\n\n<p>Cabe aos editores a decis\u00e3o relativamente \u00e0 publica\u00e7\u00e3o ou rejei\u00e7\u00e3o das propostas submetidas, tendo em considera\u00e7\u00e3o a articula\u00e7\u00e3o da dimens\u00e3o experimental da revista com o tema proposto.<\/p>\n\n\n\n<p>Sauda\u00e7\u00f5es cordiais,<\/p>\n\n\n\n<p>Jo\u00e3o Pedro Soares e F\u00e1bio Silva<\/p>\n\n\n\n<p>(contacto: regeneracaoearte@gmail.com)<\/p>\n\n\n\n<p><strong>SEC\u00c7\u00d5ES<\/strong><\/p>\n\n\n\n<p><strong>ENSAIO<\/strong>: O ensaio \u00e9 uma sec\u00e7\u00e3o-chave do projeto da Interact, que visa contribuir para um fortalecimento da presen\u00e7a do pensamento (em particular do pensamento portugu\u00eas) nas redes de informa\u00e7\u00e3o. Os textos para esta sec\u00e7\u00e3o devem ter entre 4 a 5 p\u00e1ginas (10000 a 12500 caracteres), com uma utiliza\u00e7\u00e3o reduzida ou moderada de notas de rodap\u00e9 e it\u00e1licos. Desaconselham-se tamb\u00e9m: bolds, cabe\u00e7alhos e diferenciamento de fontes por tamanhos de letra.<\/p>\n\n\n\n<p><strong>INTERFACES<\/strong>: \u00c9 objetivo desta sec\u00e7\u00e3o afrontar duas lacunas importantes da atividade contempor\u00e2nea da cr\u00edtica no espa\u00e7o da cultura portuguesa: a presen\u00e7a muito insuficiente da cr\u00edtica cultural especializada na Internet, a\u00ed se incluindo o coment\u00e1rio e a recens\u00e3o, e a falta de aten\u00e7\u00e3o da cr\u00edtica a temas e objetos provenientes da cibercultura. T\u00eam tamb\u00e9m aqui lugar artigos de car\u00e1ter mais curto e mais experimental. Os textos para esta sec\u00e7\u00e3o devem, tamb\u00e9m, ter entre 4 a 5 p\u00e1ginas (10000 a 12500 caracteres), privilegiando-se o uso de elementos multimedia e liga\u00e7\u00f5es, e desaconselhando-se o recurso a notas de rodap\u00e9, bolds, cabe\u00e7alhos, diferenciamento de fontes por tamanhos de letra e it\u00e1licos.<\/p>\n\n\n\n<p><strong>LABORAT\u00d3RIO<\/strong>: Esta sec\u00e7\u00e3o, concebida como mostra de trabalhos art\u00edsticos, \u00e9 inteiramente livre no que respeita aos meios de express\u00e3o a utilizar (escrita, grafismo, v\u00eddeo, imagem digital, som, \u2026), aos temas e aos g\u00e9neros, incentivando-se a experimenta\u00e7\u00e3o das caracter\u00edsticas pr\u00f3prias das tecnologias digitais. As propostas aqui apresentadas s\u00e3o da inteira responsabilidade dos respetivos autores, embora a sua realiza\u00e7\u00e3o e implementa\u00e7\u00e3o online possa resultar do trabalho conjunto com a equipa da Interact.<\/p>\n\n\n\n<p><strong>ENTREVISTA<\/strong>: A presen\u00e7a da cultura na Internet ao longo dos \u00faltimos anos tem mostrado que a entrevista \u00e9 um dos g\u00e9neros mais bem sucedidos na divulga\u00e7\u00e3o e no debate de ideias e na express\u00e3o do estilo pr\u00f3prio que faz de algu\u00e9m um autor. Noutros meios, a entrevista \u00e9 frequentemente uma par\u00f3dia de si pr\u00f3pria pela escrita, uma exibi\u00e7\u00e3o menor de uma oralidade de improviso (como na r\u00e1dio ou na televis\u00e3o) ou um g\u00e9nero adulterado pelo rewriting jornal\u00edstico. A natureza dos instrumentos de comunica\u00e7\u00e3o pr\u00f3prios do online oferece hoje a possibilidade de praticar a entrevista sob formas diversas e extremamente flex\u00edveis, mesmo \u00e0 dist\u00e2ncia, permitindo contribuir para a divulga\u00e7\u00e3o, junto de um p\u00fablico mais alargado, de autores de qualidade nas \u00e1reas contempor\u00e2neas do pensamento, da cultura e da arte.<\/p>\n\n\n\n<p><strong>Notas biogr\u00e1ficas:<\/strong><\/p>\n\n\n\n<p><strong>Jo\u00e3o Pedro Soares<\/strong> (1995, Almada) \u00e9 investigador e cineasta, atualmente doutorando em Estudos Art\u00edsticos na NOVA FCSH em Lisboa, onde desenvolve investiga\u00e7\u00e3o sobre Ecologia no Document\u00e1rio Portugu\u00eas Contempor\u00e2neo. O seu portf\u00f3lio criativo inclui duas curtas-metragens \u2013 \u201cRetrato de um Homem enquanto Ilha\u201d (vencedora do Pr\u00e9mio Novos Talentos Fnac &#8217;21) e \u201cA Incessante Conquista da Escurid\u00e3o\u201d \u2013 ambas exibidas nos principais festivais nacionais. Al\u00e9m do seu trabalho cinematogr\u00e1fico, j\u00e1 recebeu reconhecimento pelos seus contos e poemas, e tem publicado ensaios em revistas acad\u00e9micas com foco em cinema e ecologia.<\/p>\n\n\n\n<p><strong>F\u00e1bio Silva<\/strong> (1992, Lisboa) \u00e9 doutorando em Estudos Art\u00edsticos na Faculdade de Ci\u00eancias Sociais e Humanas. A sua proposta de tese financiada pela FCT procura compreender de que forma os cineastas portugueses relativos ao Estado Novo partiram para Cabo-Verde, tornando o corpo do colonizado num instrumento de propaganda. E, por outro lado, analisar a forma como os realizadores contempor\u00e2neos t\u00eam, nos \u00faltimos 30 anos, trabalhado com as comunidades cabo-verdianas que vivem em Portugal. Al\u00e9m de investigador \u00e9 tamb\u00e9m cineasta, tendo realizado obras como <em>Fruto do Vosso Ventre<\/em> (2021), obra selecionada em v\u00e1rios festivais nacionais e internacionais, que reflete sobre a identidade dos seus pais, ambos caboverdianos.&nbsp;<\/p>\n\n\n\n<figure class=\"wp-block-image size-large\"><img fetchpriority=\"high\" decoding=\"async\" width=\"1024\" height=\"1024\" src=\"https:\/\/www.icnova.fcsh.unl.pt\/wp-content\/uploads\/2024\/10\/CallInteract2-1-1024x1024.jpg\" alt=\"\" class=\"wp-image-1002815\" srcset=\"https:\/\/www.icnova.fcsh.unl.pt\/wp-content\/uploads\/2024\/10\/CallInteract2-1-1024x1024.jpg 1024w, https:\/\/www.icnova.fcsh.unl.pt\/wp-content\/uploads\/2024\/10\/CallInteract2-1-300x300.jpg 300w, https:\/\/www.icnova.fcsh.unl.pt\/wp-content\/uploads\/2024\/10\/CallInteract2-1-150x150.jpg 150w, https:\/\/www.icnova.fcsh.unl.pt\/wp-content\/uploads\/2024\/10\/CallInteract2-1-768x768.jpg 768w, https:\/\/www.icnova.fcsh.unl.pt\/wp-content\/uploads\/2024\/10\/CallInteract2-1-1536x1536.jpg 1536w, https:\/\/www.icnova.fcsh.unl.pt\/wp-content\/uploads\/2024\/10\/CallInteract2-1-2048x2048.jpg 2048w\" sizes=\"(max-width: 1024px) 100vw, 1024px\" \/><\/figure>\n\n\n\n<p>A imagem do cartaz \u00e9 da autoria da fot\u00f3grafa Matilde Quesada \u00a9.<\/p>\n\n\n\n<p>Saiba mais: <a href=\"https:\/\/revistainteract.pt\/\" target=\"_blank\" rel=\"noreferrer noopener\">https:\/\/revistainteract.pt\/<\/a><\/p>\n<\/div><!-- .vgblk-rw-wrapper -->","protected":false},"excerpt":{"rendered":"<p>Chamada para contribui\u00e7\u00f5es INTERACT N\u00ba40 Open Call INTERACT N\u00ba40 &#8211; At\u00e9 5 de Dezembro de 2024 &#8211; Organiza\u00e7\u00e3o: Jo\u00e3o Pedro Soares e F\u00e1bio Silva Regenera\u00e7\u00e3o: Arte, Ecologia e P\u00f3s-Colonialismo Para a pr\u00f3xima edi\u00e7\u00e3o da Revista INTERACT \u2013 Revista Online de Arte, Cultura e Tecnologia, apresentamos como tema Regenera\u00e7\u00e3o: Arte, Ecologia e P\u00f3s-Colonialismo. Face aos crescentes&#8230;<\/p>\n","protected":false},"author":12,"featured_media":1002813,"comment_status":"closed","ping_status":"closed","sticky":false,"template":"","format":"standard","meta":{"footnotes":""},"categories":[42],"tags":[188],"class_list":["post-1002812","post","type-post","status-publish","format-standard","has-post-thumbnail","hentry","category-calls-icnova","tag-cultura-mediacao-e-artes"],"acf":[],"yoast_head":"<!-- This site is optimized with the Yoast SEO plugin v23.2 - https:\/\/yoast.com\/wordpress\/plugins\/seo\/ -->\n<title>Chamada para contribui\u00e7\u00f5es INTERACT N\u00ba40 - ICNOVA<\/title>\n<meta name=\"robots\" content=\"index, follow, max-snippet:-1, max-image-preview:large, max-video-preview:-1\" \/>\n<link rel=\"canonical\" href=\"https:\/\/www.icnova.fcsh.unl.pt\/chamada-para-contribuicoes-interact-no40\/\" \/>\n<meta property=\"og:locale\" content=\"en_US\" \/>\n<meta property=\"og:type\" content=\"article\" \/>\n<meta property=\"og:title\" content=\"Chamada para contribui\u00e7\u00f5es INTERACT N\u00ba40 - ICNOVA\" \/>\n<meta property=\"og:description\" content=\"Chamada para contribui\u00e7\u00f5es INTERACT N\u00ba40 Open Call INTERACT N\u00ba40 &#8211; At\u00e9 5 de Dezembro de 2024 &#8211; Organiza\u00e7\u00e3o: Jo\u00e3o Pedro Soares e F\u00e1bio Silva Regenera\u00e7\u00e3o: Arte, Ecologia e P\u00f3s-Colonialismo Para a pr\u00f3xima edi\u00e7\u00e3o da Revista INTERACT \u2013 Revista Online de Arte, Cultura e Tecnologia, apresentamos como tema Regenera\u00e7\u00e3o: Arte, Ecologia e P\u00f3s-Colonialismo. Face aos crescentes...\" \/>\n<meta property=\"og:url\" content=\"https:\/\/www.icnova.fcsh.unl.pt\/chamada-para-contribuicoes-interact-no40\/\" \/>\n<meta property=\"og:site_name\" content=\"ICNOVA\" \/>\n<meta property=\"article:published_time\" content=\"2024-10-21T14:08:38+00:00\" \/>\n<meta property=\"article:modified_time\" content=\"2024-10-21T18:09:50+00:00\" \/>\n<meta property=\"og:image\" content=\"https:\/\/www.icnova.fcsh.unl.pt\/wp-content\/uploads\/2024\/10\/CallInteract-1.png\" \/>\n\t<meta property=\"og:image:width\" content=\"4500\" \/>\n\t<meta property=\"og:image:height\" content=\"4500\" \/>\n\t<meta property=\"og:image:type\" content=\"image\/png\" \/>\n<meta name=\"author\" content=\"B\u00e1rbara B. Novaes\" \/>\n<meta name=\"twitter:card\" content=\"summary_large_image\" \/>\n<meta name=\"twitter:label1\" content=\"Written by\" \/>\n\t<meta name=\"twitter:data1\" content=\"B\u00e1rbara B. Novaes\" \/>\n\t<meta name=\"twitter:label2\" content=\"Est. reading time\" \/>\n\t<meta name=\"twitter:data2\" content=\"7 minutes\" \/>\n<script type=\"application\/ld+json\" class=\"yoast-schema-graph\">{\"@context\":\"https:\/\/schema.org\",\"@graph\":[{\"@type\":\"Article\",\"@id\":\"https:\/\/www.icnova.fcsh.unl.pt\/chamada-para-contribuicoes-interact-no40\/#article\",\"isPartOf\":{\"@id\":\"https:\/\/www.icnova.fcsh.unl.pt\/chamada-para-contribuicoes-interact-no40\/\"},\"author\":{\"name\":\"B\u00e1rbara B. Novaes\",\"@id\":\"https:\/\/icnova.staging.widgilabs-sites.com\/#\/schema\/person\/448361a3369e91f99e516588a123c7ee\"},\"headline\":\"Chamada para contribui\u00e7\u00f5es INTERACT N\u00ba40\",\"datePublished\":\"2024-10-21T14:08:38+00:00\",\"dateModified\":\"2024-10-21T18:09:50+00:00\",\"mainEntityOfPage\":{\"@id\":\"https:\/\/www.icnova.fcsh.unl.pt\/chamada-para-contribuicoes-interact-no40\/\"},\"wordCount\":1248,\"publisher\":{\"@id\":\"https:\/\/icnova.staging.widgilabs-sites.com\/#organization\"},\"image\":{\"@id\":\"https:\/\/www.icnova.fcsh.unl.pt\/chamada-para-contribuicoes-interact-no40\/#primaryimage\"},\"thumbnailUrl\":\"https:\/\/www.icnova.fcsh.unl.pt\/wp-content\/uploads\/2024\/10\/CallInteract-1.png\",\"keywords\":[\"Cultura Media\u00e7\u00e3o e Artes\"],\"articleSection\":[\"Calls ICNOVA\"],\"inLanguage\":\"en-US\"},{\"@type\":\"WebPage\",\"@id\":\"https:\/\/www.icnova.fcsh.unl.pt\/chamada-para-contribuicoes-interact-no40\/\",\"url\":\"https:\/\/www.icnova.fcsh.unl.pt\/chamada-para-contribuicoes-interact-no40\/\",\"name\":\"Chamada para contribui\u00e7\u00f5es INTERACT N\u00ba40 - ICNOVA\",\"isPartOf\":{\"@id\":\"https:\/\/icnova.staging.widgilabs-sites.com\/#website\"},\"primaryImageOfPage\":{\"@id\":\"https:\/\/www.icnova.fcsh.unl.pt\/chamada-para-contribuicoes-interact-no40\/#primaryimage\"},\"image\":{\"@id\":\"https:\/\/www.icnova.fcsh.unl.pt\/chamada-para-contribuicoes-interact-no40\/#primaryimage\"},\"thumbnailUrl\":\"https:\/\/www.icnova.fcsh.unl.pt\/wp-content\/uploads\/2024\/10\/CallInteract-1.png\",\"datePublished\":\"2024-10-21T14:08:38+00:00\",\"dateModified\":\"2024-10-21T18:09:50+00:00\",\"breadcrumb\":{\"@id\":\"https:\/\/www.icnova.fcsh.unl.pt\/chamada-para-contribuicoes-interact-no40\/#breadcrumb\"},\"inLanguage\":\"en-US\",\"potentialAction\":[{\"@type\":\"ReadAction\",\"target\":[\"https:\/\/www.icnova.fcsh.unl.pt\/chamada-para-contribuicoes-interact-no40\/\"]}]},{\"@type\":\"ImageObject\",\"inLanguage\":\"en-US\",\"@id\":\"https:\/\/www.icnova.fcsh.unl.pt\/chamada-para-contribuicoes-interact-no40\/#primaryimage\",\"url\":\"https:\/\/www.icnova.fcsh.unl.pt\/wp-content\/uploads\/2024\/10\/CallInteract-1.png\",\"contentUrl\":\"https:\/\/www.icnova.fcsh.unl.pt\/wp-content\/uploads\/2024\/10\/CallInteract-1.png\",\"width\":4500,\"height\":4500},{\"@type\":\"BreadcrumbList\",\"@id\":\"https:\/\/www.icnova.fcsh.unl.pt\/chamada-para-contribuicoes-interact-no40\/#breadcrumb\",\"itemListElement\":[{\"@type\":\"ListItem\",\"position\":1,\"name\":\"Home\",\"item\":\"https:\/\/www.icnova.fcsh.unl.pt\/en\/home\/\"},{\"@type\":\"ListItem\",\"position\":2,\"name\":\"Chamada para contribui\u00e7\u00f5es INTERACT N\u00ba40\"}]},{\"@type\":\"WebSite\",\"@id\":\"https:\/\/icnova.staging.widgilabs-sites.com\/#website\",\"url\":\"https:\/\/icnova.staging.widgilabs-sites.com\/\",\"name\":\"ICNOVA\",\"description\":\"INSTITUTO DE COMUNICA\u00c7\u00c3O DA NOVA\",\"publisher\":{\"@id\":\"https:\/\/icnova.staging.widgilabs-sites.com\/#organization\"},\"potentialAction\":[{\"@type\":\"SearchAction\",\"target\":{\"@type\":\"EntryPoint\",\"urlTemplate\":\"https:\/\/icnova.staging.widgilabs-sites.com\/?s={search_term_string}\"},\"query-input\":\"required name=search_term_string\"}],\"inLanguage\":\"en-US\"},{\"@type\":\"Organization\",\"@id\":\"https:\/\/icnova.staging.widgilabs-sites.com\/#organization\",\"name\":\"ICNOVA\",\"url\":\"https:\/\/icnova.staging.widgilabs-sites.com\/\",\"logo\":{\"@type\":\"ImageObject\",\"inLanguage\":\"en-US\",\"@id\":\"https:\/\/icnova.staging.widgilabs-sites.com\/#\/schema\/logo\/image\/\",\"url\":\"https:\/\/www.icnova.fcsh.unl.pt\/wp-content\/uploads\/2020\/02\/logo2.png\",\"contentUrl\":\"https:\/\/www.icnova.fcsh.unl.pt\/wp-content\/uploads\/2020\/02\/logo2.png\",\"width\":730,\"height\":209,\"caption\":\"ICNOVA\"},\"image\":{\"@id\":\"https:\/\/icnova.staging.widgilabs-sites.com\/#\/schema\/logo\/image\/\"}},{\"@type\":\"Person\",\"@id\":\"https:\/\/icnova.staging.widgilabs-sites.com\/#\/schema\/person\/448361a3369e91f99e516588a123c7ee\",\"name\":\"B\u00e1rbara B. Novaes\",\"image\":{\"@type\":\"ImageObject\",\"inLanguage\":\"en-US\",\"@id\":\"https:\/\/icnova.staging.widgilabs-sites.com\/#\/schema\/person\/image\/\",\"url\":\"https:\/\/secure.gravatar.com\/avatar\/980018600039737321d16d8a0fe94fbf?s=96&d=mm&r=g\",\"contentUrl\":\"https:\/\/secure.gravatar.com\/avatar\/980018600039737321d16d8a0fe94fbf?s=96&d=mm&r=g\",\"caption\":\"B\u00e1rbara B. Novaes\"},\"url\":\"https:\/\/www.icnova.fcsh.unl.pt\/en\/author\/barbarabergg\/\"}]}<\/script>\n<!-- \/ Yoast SEO plugin. -->","yoast_head_json":{"title":"Chamada para contribui\u00e7\u00f5es INTERACT N\u00ba40 - ICNOVA","robots":{"index":"index","follow":"follow","max-snippet":"max-snippet:-1","max-image-preview":"max-image-preview:large","max-video-preview":"max-video-preview:-1"},"canonical":"https:\/\/www.icnova.fcsh.unl.pt\/chamada-para-contribuicoes-interact-no40\/","og_locale":"en_US","og_type":"article","og_title":"Chamada para contribui\u00e7\u00f5es INTERACT N\u00ba40 - ICNOVA","og_description":"Chamada para contribui\u00e7\u00f5es INTERACT N\u00ba40 Open Call INTERACT N\u00ba40 &#8211; At\u00e9 5 de Dezembro de 2024 &#8211; Organiza\u00e7\u00e3o: Jo\u00e3o Pedro Soares e F\u00e1bio Silva Regenera\u00e7\u00e3o: Arte, Ecologia e P\u00f3s-Colonialismo Para a pr\u00f3xima edi\u00e7\u00e3o da Revista INTERACT \u2013 Revista Online de Arte, Cultura e Tecnologia, apresentamos como tema Regenera\u00e7\u00e3o: Arte, Ecologia e P\u00f3s-Colonialismo. Face aos crescentes...","og_url":"https:\/\/www.icnova.fcsh.unl.pt\/chamada-para-contribuicoes-interact-no40\/","og_site_name":"ICNOVA","article_published_time":"2024-10-21T14:08:38+00:00","article_modified_time":"2024-10-21T18:09:50+00:00","og_image":[{"width":4500,"height":4500,"url":"https:\/\/www.icnova.fcsh.unl.pt\/wp-content\/uploads\/2024\/10\/CallInteract-1.png","type":"image\/png"}],"author":"B\u00e1rbara B. Novaes","twitter_card":"summary_large_image","twitter_misc":{"Written by":"B\u00e1rbara B. Novaes","Est. reading time":"7 minutes"},"schema":{"@context":"https:\/\/schema.org","@graph":[{"@type":"Article","@id":"https:\/\/www.icnova.fcsh.unl.pt\/chamada-para-contribuicoes-interact-no40\/#article","isPartOf":{"@id":"https:\/\/www.icnova.fcsh.unl.pt\/chamada-para-contribuicoes-interact-no40\/"},"author":{"name":"B\u00e1rbara B. Novaes","@id":"https:\/\/icnova.staging.widgilabs-sites.com\/#\/schema\/person\/448361a3369e91f99e516588a123c7ee"},"headline":"Chamada para contribui\u00e7\u00f5es INTERACT N\u00ba40","datePublished":"2024-10-21T14:08:38+00:00","dateModified":"2024-10-21T18:09:50+00:00","mainEntityOfPage":{"@id":"https:\/\/www.icnova.fcsh.unl.pt\/chamada-para-contribuicoes-interact-no40\/"},"wordCount":1248,"publisher":{"@id":"https:\/\/icnova.staging.widgilabs-sites.com\/#organization"},"image":{"@id":"https:\/\/www.icnova.fcsh.unl.pt\/chamada-para-contribuicoes-interact-no40\/#primaryimage"},"thumbnailUrl":"https:\/\/www.icnova.fcsh.unl.pt\/wp-content\/uploads\/2024\/10\/CallInteract-1.png","keywords":["Cultura Media\u00e7\u00e3o e Artes"],"articleSection":["Calls ICNOVA"],"inLanguage":"en-US"},{"@type":"WebPage","@id":"https:\/\/www.icnova.fcsh.unl.pt\/chamada-para-contribuicoes-interact-no40\/","url":"https:\/\/www.icnova.fcsh.unl.pt\/chamada-para-contribuicoes-interact-no40\/","name":"Chamada para contribui\u00e7\u00f5es INTERACT N\u00ba40 - ICNOVA","isPartOf":{"@id":"https:\/\/icnova.staging.widgilabs-sites.com\/#website"},"primaryImageOfPage":{"@id":"https:\/\/www.icnova.fcsh.unl.pt\/chamada-para-contribuicoes-interact-no40\/#primaryimage"},"image":{"@id":"https:\/\/www.icnova.fcsh.unl.pt\/chamada-para-contribuicoes-interact-no40\/#primaryimage"},"thumbnailUrl":"https:\/\/www.icnova.fcsh.unl.pt\/wp-content\/uploads\/2024\/10\/CallInteract-1.png","datePublished":"2024-10-21T14:08:38+00:00","dateModified":"2024-10-21T18:09:50+00:00","breadcrumb":{"@id":"https:\/\/www.icnova.fcsh.unl.pt\/chamada-para-contribuicoes-interact-no40\/#breadcrumb"},"inLanguage":"en-US","potentialAction":[{"@type":"ReadAction","target":["https:\/\/www.icnova.fcsh.unl.pt\/chamada-para-contribuicoes-interact-no40\/"]}]},{"@type":"ImageObject","inLanguage":"en-US","@id":"https:\/\/www.icnova.fcsh.unl.pt\/chamada-para-contribuicoes-interact-no40\/#primaryimage","url":"https:\/\/www.icnova.fcsh.unl.pt\/wp-content\/uploads\/2024\/10\/CallInteract-1.png","contentUrl":"https:\/\/www.icnova.fcsh.unl.pt\/wp-content\/uploads\/2024\/10\/CallInteract-1.png","width":4500,"height":4500},{"@type":"BreadcrumbList","@id":"https:\/\/www.icnova.fcsh.unl.pt\/chamada-para-contribuicoes-interact-no40\/#breadcrumb","itemListElement":[{"@type":"ListItem","position":1,"name":"Home","item":"https:\/\/www.icnova.fcsh.unl.pt\/en\/home\/"},{"@type":"ListItem","position":2,"name":"Chamada para contribui\u00e7\u00f5es INTERACT N\u00ba40"}]},{"@type":"WebSite","@id":"https:\/\/icnova.staging.widgilabs-sites.com\/#website","url":"https:\/\/icnova.staging.widgilabs-sites.com\/","name":"ICNOVA","description":"INSTITUTO DE COMUNICA\u00c7\u00c3O DA NOVA","publisher":{"@id":"https:\/\/icnova.staging.widgilabs-sites.com\/#organization"},"potentialAction":[{"@type":"SearchAction","target":{"@type":"EntryPoint","urlTemplate":"https:\/\/icnova.staging.widgilabs-sites.com\/?s={search_term_string}"},"query-input":"required name=search_term_string"}],"inLanguage":"en-US"},{"@type":"Organization","@id":"https:\/\/icnova.staging.widgilabs-sites.com\/#organization","name":"ICNOVA","url":"https:\/\/icnova.staging.widgilabs-sites.com\/","logo":{"@type":"ImageObject","inLanguage":"en-US","@id":"https:\/\/icnova.staging.widgilabs-sites.com\/#\/schema\/logo\/image\/","url":"https:\/\/www.icnova.fcsh.unl.pt\/wp-content\/uploads\/2020\/02\/logo2.png","contentUrl":"https:\/\/www.icnova.fcsh.unl.pt\/wp-content\/uploads\/2020\/02\/logo2.png","width":730,"height":209,"caption":"ICNOVA"},"image":{"@id":"https:\/\/icnova.staging.widgilabs-sites.com\/#\/schema\/logo\/image\/"}},{"@type":"Person","@id":"https:\/\/icnova.staging.widgilabs-sites.com\/#\/schema\/person\/448361a3369e91f99e516588a123c7ee","name":"B\u00e1rbara B. Novaes","image":{"@type":"ImageObject","inLanguage":"en-US","@id":"https:\/\/icnova.staging.widgilabs-sites.com\/#\/schema\/person\/image\/","url":"https:\/\/secure.gravatar.com\/avatar\/980018600039737321d16d8a0fe94fbf?s=96&d=mm&r=g","contentUrl":"https:\/\/secure.gravatar.com\/avatar\/980018600039737321d16d8a0fe94fbf?s=96&d=mm&r=g","caption":"B\u00e1rbara B. Novaes"},"url":"https:\/\/www.icnova.fcsh.unl.pt\/en\/author\/barbarabergg\/"}]}},"_links":{"self":[{"href":"https:\/\/www.icnova.fcsh.unl.pt\/en\/wp-json\/wp\/v2\/posts\/1002812"}],"collection":[{"href":"https:\/\/www.icnova.fcsh.unl.pt\/en\/wp-json\/wp\/v2\/posts"}],"about":[{"href":"https:\/\/www.icnova.fcsh.unl.pt\/en\/wp-json\/wp\/v2\/types\/post"}],"author":[{"embeddable":true,"href":"https:\/\/www.icnova.fcsh.unl.pt\/en\/wp-json\/wp\/v2\/users\/12"}],"replies":[{"embeddable":true,"href":"https:\/\/www.icnova.fcsh.unl.pt\/en\/wp-json\/wp\/v2\/comments?post=1002812"}],"version-history":[{"count":3,"href":"https:\/\/www.icnova.fcsh.unl.pt\/en\/wp-json\/wp\/v2\/posts\/1002812\/revisions"}],"predecessor-version":[{"id":1002829,"href":"https:\/\/www.icnova.fcsh.unl.pt\/en\/wp-json\/wp\/v2\/posts\/1002812\/revisions\/1002829"}],"wp:featuredmedia":[{"embeddable":true,"href":"https:\/\/www.icnova.fcsh.unl.pt\/en\/wp-json\/wp\/v2\/media\/1002813"}],"wp:attachment":[{"href":"https:\/\/www.icnova.fcsh.unl.pt\/en\/wp-json\/wp\/v2\/media?parent=1002812"}],"wp:term":[{"taxonomy":"category","embeddable":true,"href":"https:\/\/www.icnova.fcsh.unl.pt\/en\/wp-json\/wp\/v2\/categories?post=1002812"},{"taxonomy":"post_tag","embeddable":true,"href":"https:\/\/www.icnova.fcsh.unl.pt\/en\/wp-json\/wp\/v2\/tags?post=1002812"}],"curies":[{"name":"wp","href":"https:\/\/api.w.org\/{rel}","templated":true}]}}