{"id":1003115,"date":"2024-11-08T15:29:04","date_gmt":"2024-11-08T15:29:04","guid":{"rendered":"https:\/\/www.icnova.fcsh.unl.pt\/?p=1003115"},"modified":"2024-11-08T15:32:04","modified_gmt":"2024-11-08T15:32:04","slug":"estreia-mundial-novo-filme-de-paulo-filipe-monteiro","status":"publish","type":"post","link":"https:\/\/www.icnova.fcsh.unl.pt\/en\/estreia-mundial-novo-filme-de-paulo-filipe-monteiro\/","title":{"rendered":"Estreia mundial do novo filme de Paulo Filipe Monteiro"},"content":{"rendered":"<div class=\"vgblk-rw-wrapper limit-wrapper\">\n<p><em>&nbsp;14 de novembro |&nbsp;&nbsp;Festival del Cinema Europeo |&nbsp;It\u00e1lia<\/em><\/p>\n\n\n\n<p>Noites Claras\/Clear Nights, &nbsp;com produ\u00e7\u00e3o da&nbsp;<a href=\"https:\/\/www.instagram.com\/ukbarfilmes\/?next=%2Fjustjacque%2Ftagged%2F&amp;hl=ja\">@ukbarfilmes<\/a>, escrito e realizado por Paulo Filipe Monteiro, investigador no ICNOVA e coordenador do LEC &#8211; Laborat\u00f3rio de Experimenta\u00e7\u00e3o C\u00e9nica, ser\u00e1 um dos 10 filmes na competi\u00e7\u00e3o principal do <em>Festival del Cinema Europeo<\/em>.<\/p>\n\n\n\n<p>O filme  incorpora a pesquisa feita nos \u00faltimos anos no ICNOVA, ser\u00e1 exibido dia 14 de novembro na &nbsp;It\u00e1lia.<\/p>\n\n\n\n<p> <\/p>\n\n\n\n<p><strong>Sinopse<\/strong>: Noites Claras conta a hist\u00f3ria de um irm\u00e3o e uma irm\u00e3, numa fase da vida em que ambos se redescobrem, enfrentam seus dem\u00f4nios e passam por uma profunda transforma\u00e7\u00e3o interna. L\u00eddia luta para cuidar do filho rec\u00e9m-nascido, n\u00e3o consegue lidar com as expectativas, n\u00e3o reconhece mais seu corpo e por isso decide se afastar de casa e do companheiro. Seu irm\u00e3o Lauro trabalha em uma funer\u00e1ria. Divorciado e com um filho, lida com a consci\u00eancia e aceita\u00e7\u00e3o de sua bissexualidade. Embora os irm\u00e3os raramente se vejam, os desafios partilhados os unem num caminho de redescoberta e metamorfose interna. N\u00e3o a luz no fim do t\u00fanel, mas o pr\u00f3prio t\u00fanel \u00e9 a verdadeira ilus\u00e3o.<\/p>\n\n\n\n<p>Saiba mais:<a href=\"https:\/\/www.festivaldelcinemaeuropeo.com\/sezioni\/concorso-ulivo-oro\/\" target=\"_blank\" rel=\"noreferrer noopener\"> &nbsp;https:\/\/www.festivaldelcinemaeuropeo.com\/sezioni\/concorso-ulivo-oro\/<\/a><\/p>\n\n\n\n<figure class=\"wp-block-image size-large\"><img fetchpriority=\"high\" decoding=\"async\" width=\"691\" height=\"1024\" src=\"https:\/\/www.icnova.fcsh.unl.pt\/wp-content\/uploads\/2024\/11\/464284525_959276616011914_4369786763970695518_n-691x1024.jpg\" alt=\"\" class=\"wp-image-1003123\" srcset=\"https:\/\/www.icnova.fcsh.unl.pt\/wp-content\/uploads\/2024\/11\/464284525_959276616011914_4369786763970695518_n-691x1024.jpg 691w, https:\/\/www.icnova.fcsh.unl.pt\/wp-content\/uploads\/2024\/11\/464284525_959276616011914_4369786763970695518_n-203x300.jpg 203w, https:\/\/www.icnova.fcsh.unl.pt\/wp-content\/uploads\/2024\/11\/464284525_959276616011914_4369786763970695518_n-768x1138.jpg 768w, https:\/\/www.icnova.fcsh.unl.pt\/wp-content\/uploads\/2024\/11\/464284525_959276616011914_4369786763970695518_n-1037x1536.jpg 1037w, https:\/\/www.icnova.fcsh.unl.pt\/wp-content\/uploads\/2024\/11\/464284525_959276616011914_4369786763970695518_n.jpg 1080w\" sizes=\"(max-width: 691px) 100vw, 691px\" \/><\/figure>\n\n\n\n<figure class=\"wp-block-embed is-type-wp-embed is-provider-international-sales wp-block-embed-international-sales\"><div class=\"wp-block-embed__wrapper\">\n<blockquote class=\"wp-embedded-content\" data-secret=\"zRzRZHWTUP\"><a href=\"https:\/\/theopenreel.com\/film\/clear-nights\/\">Clear Nights<\/a><\/blockquote><iframe class=\"wp-embedded-content\" sandbox=\"allow-scripts\" security=\"restricted\" style=\"position: absolute; visibility: hidden;\" title=\"&#8220;Clear Nights&#8221; &#8212; International Sales\" src=\"https:\/\/theopenreel.com\/film\/clear-nights\/embed\/#?secret=wFCPx5ezzv#?secret=zRzRZHWTUP\" data-secret=\"zRzRZHWTUP\" width=\"600\" height=\"338\" frameborder=\"0\" marginwidth=\"0\" marginheight=\"0\" scrolling=\"no\"><\/iframe>\n<\/div><\/figure>\n<\/div><!-- .vgblk-rw-wrapper -->","protected":false},"excerpt":{"rendered":"<p>&nbsp;14 de novembro |&nbsp;&nbsp;Festival del Cinema Europeo |&nbsp;It\u00e1lia Noites Claras\/Clear Nights, &nbsp;com produ\u00e7\u00e3o da&nbsp;@ukbarfilmes, escrito e realizado por Paulo Filipe Monteiro, investigador no ICNOVA e coordenador do LEC &#8211; Laborat\u00f3rio de Experimenta\u00e7\u00e3o C\u00e9nica, ser\u00e1 um dos 10 filmes na competi\u00e7\u00e3o principal do Festival del Cinema Europeo. O filme incorpora a pesquisa feita nos \u00faltimos anos&#8230;<\/p>\n","protected":false},"author":12,"featured_media":1003116,"comment_status":"closed","ping_status":"closed","sticky":false,"template":"","format":"standard","meta":{"footnotes":""},"categories":[43,40],"tags":[189],"class_list":["post-1003115","post","type-post","status-publish","format-standard","has-post-thumbnail","hentry","category-eventos","category-news","tag-performance-e-cognicao"],"acf":[],"yoast_head":"<!-- This site is optimized with the Yoast SEO plugin v23.2 - https:\/\/yoast.com\/wordpress\/plugins\/seo\/ -->\n<title>Estreia mundial do novo filme de Paulo Filipe Monteiro - ICNOVA<\/title>\n<meta name=\"robots\" content=\"index, follow, max-snippet:-1, max-image-preview:large, max-video-preview:-1\" \/>\n<link rel=\"canonical\" href=\"https:\/\/www.icnova.fcsh.unl.pt\/estreia-mundial-novo-filme-de-paulo-filipe-monteiro\/\" \/>\n<meta property=\"og:locale\" content=\"en_US\" \/>\n<meta property=\"og:type\" content=\"article\" \/>\n<meta property=\"og:title\" content=\"Estreia mundial do novo filme de Paulo Filipe Monteiro - ICNOVA\" \/>\n<meta property=\"og:description\" content=\"&nbsp;14 de novembro |&nbsp;&nbsp;Festival del Cinema Europeo |&nbsp;It\u00e1lia Noites Claras\/Clear Nights, &nbsp;com produ\u00e7\u00e3o da&nbsp;@ukbarfilmes, escrito e realizado por Paulo Filipe Monteiro, investigador no ICNOVA e coordenador do LEC &#8211; Laborat\u00f3rio de Experimenta\u00e7\u00e3o C\u00e9nica, ser\u00e1 um dos 10 filmes na competi\u00e7\u00e3o principal do Festival del Cinema Europeo. O filme incorpora a pesquisa feita nos \u00faltimos anos...\" \/>\n<meta property=\"og:url\" content=\"https:\/\/www.icnova.fcsh.unl.pt\/estreia-mundial-novo-filme-de-paulo-filipe-monteiro\/\" \/>\n<meta property=\"og:site_name\" content=\"ICNOVA\" \/>\n<meta property=\"article:published_time\" content=\"2024-11-08T15:29:04+00:00\" \/>\n<meta property=\"article:modified_time\" content=\"2024-11-08T15:32:04+00:00\" \/>\n<meta property=\"og:image\" content=\"https:\/\/www.icnova.fcsh.unl.pt\/wp-content\/uploads\/2024\/11\/LOCANDINA-italiana-sem-nomes.jpg\" \/>\n\t<meta property=\"og:image:width\" content=\"1080\" \/>\n\t<meta property=\"og:image:height\" content=\"1080\" \/>\n\t<meta property=\"og:image:type\" content=\"image\/jpeg\" \/>\n<meta name=\"author\" content=\"B\u00e1rbara B. Novaes\" \/>\n<meta name=\"twitter:card\" content=\"summary_large_image\" \/>\n<meta name=\"twitter:label1\" content=\"Written by\" \/>\n\t<meta name=\"twitter:data1\" content=\"B\u00e1rbara B. Novaes\" \/>\n\t<meta name=\"twitter:label2\" content=\"Est. reading time\" \/>\n\t<meta name=\"twitter:data2\" content=\"2 minutes\" \/>\n<script type=\"application\/ld+json\" class=\"yoast-schema-graph\">{\"@context\":\"https:\/\/schema.org\",\"@graph\":[{\"@type\":\"Article\",\"@id\":\"https:\/\/www.icnova.fcsh.unl.pt\/estreia-mundial-novo-filme-de-paulo-filipe-monteiro\/#article\",\"isPartOf\":{\"@id\":\"https:\/\/www.icnova.fcsh.unl.pt\/estreia-mundial-novo-filme-de-paulo-filipe-monteiro\/\"},\"author\":{\"name\":\"B\u00e1rbara B. Novaes\",\"@id\":\"https:\/\/icnova.staging.widgilabs-sites.com\/#\/schema\/person\/448361a3369e91f99e516588a123c7ee\"},\"headline\":\"Estreia mundial do novo filme de Paulo Filipe Monteiro\",\"datePublished\":\"2024-11-08T15:29:04+00:00\",\"dateModified\":\"2024-11-08T15:32:04+00:00\",\"mainEntityOfPage\":{\"@id\":\"https:\/\/www.icnova.fcsh.unl.pt\/estreia-mundial-novo-filme-de-paulo-filipe-monteiro\/\"},\"wordCount\":232,\"publisher\":{\"@id\":\"https:\/\/icnova.staging.widgilabs-sites.com\/#organization\"},\"image\":{\"@id\":\"https:\/\/www.icnova.fcsh.unl.pt\/estreia-mundial-novo-filme-de-paulo-filipe-monteiro\/#primaryimage\"},\"thumbnailUrl\":\"https:\/\/www.icnova.fcsh.unl.pt\/wp-content\/uploads\/2024\/11\/LOCANDINA-italiana-sem-nomes.jpg\",\"keywords\":[\"Performance e Cogni\u00e7\u00e3o\"],\"articleSection\":[\"Eventos\",\"Not\u00edcias\"],\"inLanguage\":\"en-US\"},{\"@type\":\"WebPage\",\"@id\":\"https:\/\/www.icnova.fcsh.unl.pt\/estreia-mundial-novo-filme-de-paulo-filipe-monteiro\/\",\"url\":\"https:\/\/www.icnova.fcsh.unl.pt\/estreia-mundial-novo-filme-de-paulo-filipe-monteiro\/\",\"name\":\"Estreia mundial do novo filme de Paulo Filipe Monteiro - ICNOVA\",\"isPartOf\":{\"@id\":\"https:\/\/icnova.staging.widgilabs-sites.com\/#website\"},\"primaryImageOfPage\":{\"@id\":\"https:\/\/www.icnova.fcsh.unl.pt\/estreia-mundial-novo-filme-de-paulo-filipe-monteiro\/#primaryimage\"},\"image\":{\"@id\":\"https:\/\/www.icnova.fcsh.unl.pt\/estreia-mundial-novo-filme-de-paulo-filipe-monteiro\/#primaryimage\"},\"thumbnailUrl\":\"https:\/\/www.icnova.fcsh.unl.pt\/wp-content\/uploads\/2024\/11\/LOCANDINA-italiana-sem-nomes.jpg\",\"datePublished\":\"2024-11-08T15:29:04+00:00\",\"dateModified\":\"2024-11-08T15:32:04+00:00\",\"breadcrumb\":{\"@id\":\"https:\/\/www.icnova.fcsh.unl.pt\/estreia-mundial-novo-filme-de-paulo-filipe-monteiro\/#breadcrumb\"},\"inLanguage\":\"en-US\",\"potentialAction\":[{\"@type\":\"ReadAction\",\"target\":[\"https:\/\/www.icnova.fcsh.unl.pt\/estreia-mundial-novo-filme-de-paulo-filipe-monteiro\/\"]}]},{\"@type\":\"ImageObject\",\"inLanguage\":\"en-US\",\"@id\":\"https:\/\/www.icnova.fcsh.unl.pt\/estreia-mundial-novo-filme-de-paulo-filipe-monteiro\/#primaryimage\",\"url\":\"https:\/\/www.icnova.fcsh.unl.pt\/wp-content\/uploads\/2024\/11\/LOCANDINA-italiana-sem-nomes.jpg\",\"contentUrl\":\"https:\/\/www.icnova.fcsh.unl.pt\/wp-content\/uploads\/2024\/11\/LOCANDINA-italiana-sem-nomes.jpg\",\"width\":1080,\"height\":1080},{\"@type\":\"BreadcrumbList\",\"@id\":\"https:\/\/www.icnova.fcsh.unl.pt\/estreia-mundial-novo-filme-de-paulo-filipe-monteiro\/#breadcrumb\",\"itemListElement\":[{\"@type\":\"ListItem\",\"position\":1,\"name\":\"Home\",\"item\":\"https:\/\/www.icnova.fcsh.unl.pt\/en\/home\/\"},{\"@type\":\"ListItem\",\"position\":2,\"name\":\"Estreia mundial do novo filme de Paulo Filipe Monteiro\"}]},{\"@type\":\"WebSite\",\"@id\":\"https:\/\/icnova.staging.widgilabs-sites.com\/#website\",\"url\":\"https:\/\/icnova.staging.widgilabs-sites.com\/\",\"name\":\"ICNOVA\",\"description\":\"INSTITUTO DE COMUNICA\u00c7\u00c3O DA NOVA\",\"publisher\":{\"@id\":\"https:\/\/icnova.staging.widgilabs-sites.com\/#organization\"},\"potentialAction\":[{\"@type\":\"SearchAction\",\"target\":{\"@type\":\"EntryPoint\",\"urlTemplate\":\"https:\/\/icnova.staging.widgilabs-sites.com\/?s={search_term_string}\"},\"query-input\":\"required name=search_term_string\"}],\"inLanguage\":\"en-US\"},{\"@type\":\"Organization\",\"@id\":\"https:\/\/icnova.staging.widgilabs-sites.com\/#organization\",\"name\":\"ICNOVA\",\"url\":\"https:\/\/icnova.staging.widgilabs-sites.com\/\",\"logo\":{\"@type\":\"ImageObject\",\"inLanguage\":\"en-US\",\"@id\":\"https:\/\/icnova.staging.widgilabs-sites.com\/#\/schema\/logo\/image\/\",\"url\":\"https:\/\/www.icnova.fcsh.unl.pt\/wp-content\/uploads\/2020\/02\/logo2.png\",\"contentUrl\":\"https:\/\/www.icnova.fcsh.unl.pt\/wp-content\/uploads\/2020\/02\/logo2.png\",\"width\":730,\"height\":209,\"caption\":\"ICNOVA\"},\"image\":{\"@id\":\"https:\/\/icnova.staging.widgilabs-sites.com\/#\/schema\/logo\/image\/\"}},{\"@type\":\"Person\",\"@id\":\"https:\/\/icnova.staging.widgilabs-sites.com\/#\/schema\/person\/448361a3369e91f99e516588a123c7ee\",\"name\":\"B\u00e1rbara B. Novaes\",\"image\":{\"@type\":\"ImageObject\",\"inLanguage\":\"en-US\",\"@id\":\"https:\/\/icnova.staging.widgilabs-sites.com\/#\/schema\/person\/image\/\",\"url\":\"https:\/\/secure.gravatar.com\/avatar\/980018600039737321d16d8a0fe94fbf?s=96&d=mm&r=g\",\"contentUrl\":\"https:\/\/secure.gravatar.com\/avatar\/980018600039737321d16d8a0fe94fbf?s=96&d=mm&r=g\",\"caption\":\"B\u00e1rbara B. Novaes\"},\"url\":\"https:\/\/www.icnova.fcsh.unl.pt\/en\/author\/barbarabergg\/\"}]}<\/script>\n<!-- \/ Yoast SEO plugin. -->","yoast_head_json":{"title":"Estreia mundial do novo filme de Paulo Filipe Monteiro - ICNOVA","robots":{"index":"index","follow":"follow","max-snippet":"max-snippet:-1","max-image-preview":"max-image-preview:large","max-video-preview":"max-video-preview:-1"},"canonical":"https:\/\/www.icnova.fcsh.unl.pt\/estreia-mundial-novo-filme-de-paulo-filipe-monteiro\/","og_locale":"en_US","og_type":"article","og_title":"Estreia mundial do novo filme de Paulo Filipe Monteiro - ICNOVA","og_description":"&nbsp;14 de novembro |&nbsp;&nbsp;Festival del Cinema Europeo |&nbsp;It\u00e1lia Noites Claras\/Clear Nights, &nbsp;com produ\u00e7\u00e3o da&nbsp;@ukbarfilmes, escrito e realizado por Paulo Filipe Monteiro, investigador no ICNOVA e coordenador do LEC &#8211; Laborat\u00f3rio de Experimenta\u00e7\u00e3o C\u00e9nica, ser\u00e1 um dos 10 filmes na competi\u00e7\u00e3o principal do Festival del Cinema Europeo. O filme incorpora a pesquisa feita nos \u00faltimos anos...","og_url":"https:\/\/www.icnova.fcsh.unl.pt\/estreia-mundial-novo-filme-de-paulo-filipe-monteiro\/","og_site_name":"ICNOVA","article_published_time":"2024-11-08T15:29:04+00:00","article_modified_time":"2024-11-08T15:32:04+00:00","og_image":[{"width":1080,"height":1080,"url":"https:\/\/www.icnova.fcsh.unl.pt\/wp-content\/uploads\/2024\/11\/LOCANDINA-italiana-sem-nomes.jpg","type":"image\/jpeg"}],"author":"B\u00e1rbara B. Novaes","twitter_card":"summary_large_image","twitter_misc":{"Written by":"B\u00e1rbara B. Novaes","Est. reading time":"2 minutes"},"schema":{"@context":"https:\/\/schema.org","@graph":[{"@type":"Article","@id":"https:\/\/www.icnova.fcsh.unl.pt\/estreia-mundial-novo-filme-de-paulo-filipe-monteiro\/#article","isPartOf":{"@id":"https:\/\/www.icnova.fcsh.unl.pt\/estreia-mundial-novo-filme-de-paulo-filipe-monteiro\/"},"author":{"name":"B\u00e1rbara B. Novaes","@id":"https:\/\/icnova.staging.widgilabs-sites.com\/#\/schema\/person\/448361a3369e91f99e516588a123c7ee"},"headline":"Estreia mundial do novo filme de Paulo Filipe Monteiro","datePublished":"2024-11-08T15:29:04+00:00","dateModified":"2024-11-08T15:32:04+00:00","mainEntityOfPage":{"@id":"https:\/\/www.icnova.fcsh.unl.pt\/estreia-mundial-novo-filme-de-paulo-filipe-monteiro\/"},"wordCount":232,"publisher":{"@id":"https:\/\/icnova.staging.widgilabs-sites.com\/#organization"},"image":{"@id":"https:\/\/www.icnova.fcsh.unl.pt\/estreia-mundial-novo-filme-de-paulo-filipe-monteiro\/#primaryimage"},"thumbnailUrl":"https:\/\/www.icnova.fcsh.unl.pt\/wp-content\/uploads\/2024\/11\/LOCANDINA-italiana-sem-nomes.jpg","keywords":["Performance e Cogni\u00e7\u00e3o"],"articleSection":["Eventos","Not\u00edcias"],"inLanguage":"en-US"},{"@type":"WebPage","@id":"https:\/\/www.icnova.fcsh.unl.pt\/estreia-mundial-novo-filme-de-paulo-filipe-monteiro\/","url":"https:\/\/www.icnova.fcsh.unl.pt\/estreia-mundial-novo-filme-de-paulo-filipe-monteiro\/","name":"Estreia mundial do novo filme de Paulo Filipe Monteiro - ICNOVA","isPartOf":{"@id":"https:\/\/icnova.staging.widgilabs-sites.com\/#website"},"primaryImageOfPage":{"@id":"https:\/\/www.icnova.fcsh.unl.pt\/estreia-mundial-novo-filme-de-paulo-filipe-monteiro\/#primaryimage"},"image":{"@id":"https:\/\/www.icnova.fcsh.unl.pt\/estreia-mundial-novo-filme-de-paulo-filipe-monteiro\/#primaryimage"},"thumbnailUrl":"https:\/\/www.icnova.fcsh.unl.pt\/wp-content\/uploads\/2024\/11\/LOCANDINA-italiana-sem-nomes.jpg","datePublished":"2024-11-08T15:29:04+00:00","dateModified":"2024-11-08T15:32:04+00:00","breadcrumb":{"@id":"https:\/\/www.icnova.fcsh.unl.pt\/estreia-mundial-novo-filme-de-paulo-filipe-monteiro\/#breadcrumb"},"inLanguage":"en-US","potentialAction":[{"@type":"ReadAction","target":["https:\/\/www.icnova.fcsh.unl.pt\/estreia-mundial-novo-filme-de-paulo-filipe-monteiro\/"]}]},{"@type":"ImageObject","inLanguage":"en-US","@id":"https:\/\/www.icnova.fcsh.unl.pt\/estreia-mundial-novo-filme-de-paulo-filipe-monteiro\/#primaryimage","url":"https:\/\/www.icnova.fcsh.unl.pt\/wp-content\/uploads\/2024\/11\/LOCANDINA-italiana-sem-nomes.jpg","contentUrl":"https:\/\/www.icnova.fcsh.unl.pt\/wp-content\/uploads\/2024\/11\/LOCANDINA-italiana-sem-nomes.jpg","width":1080,"height":1080},{"@type":"BreadcrumbList","@id":"https:\/\/www.icnova.fcsh.unl.pt\/estreia-mundial-novo-filme-de-paulo-filipe-monteiro\/#breadcrumb","itemListElement":[{"@type":"ListItem","position":1,"name":"Home","item":"https:\/\/www.icnova.fcsh.unl.pt\/en\/home\/"},{"@type":"ListItem","position":2,"name":"Estreia mundial do novo filme de Paulo Filipe Monteiro"}]},{"@type":"WebSite","@id":"https:\/\/icnova.staging.widgilabs-sites.com\/#website","url":"https:\/\/icnova.staging.widgilabs-sites.com\/","name":"ICNOVA","description":"INSTITUTO DE COMUNICA\u00c7\u00c3O DA NOVA","publisher":{"@id":"https:\/\/icnova.staging.widgilabs-sites.com\/#organization"},"potentialAction":[{"@type":"SearchAction","target":{"@type":"EntryPoint","urlTemplate":"https:\/\/icnova.staging.widgilabs-sites.com\/?s={search_term_string}"},"query-input":"required name=search_term_string"}],"inLanguage":"en-US"},{"@type":"Organization","@id":"https:\/\/icnova.staging.widgilabs-sites.com\/#organization","name":"ICNOVA","url":"https:\/\/icnova.staging.widgilabs-sites.com\/","logo":{"@type":"ImageObject","inLanguage":"en-US","@id":"https:\/\/icnova.staging.widgilabs-sites.com\/#\/schema\/logo\/image\/","url":"https:\/\/www.icnova.fcsh.unl.pt\/wp-content\/uploads\/2020\/02\/logo2.png","contentUrl":"https:\/\/www.icnova.fcsh.unl.pt\/wp-content\/uploads\/2020\/02\/logo2.png","width":730,"height":209,"caption":"ICNOVA"},"image":{"@id":"https:\/\/icnova.staging.widgilabs-sites.com\/#\/schema\/logo\/image\/"}},{"@type":"Person","@id":"https:\/\/icnova.staging.widgilabs-sites.com\/#\/schema\/person\/448361a3369e91f99e516588a123c7ee","name":"B\u00e1rbara B. Novaes","image":{"@type":"ImageObject","inLanguage":"en-US","@id":"https:\/\/icnova.staging.widgilabs-sites.com\/#\/schema\/person\/image\/","url":"https:\/\/secure.gravatar.com\/avatar\/980018600039737321d16d8a0fe94fbf?s=96&d=mm&r=g","contentUrl":"https:\/\/secure.gravatar.com\/avatar\/980018600039737321d16d8a0fe94fbf?s=96&d=mm&r=g","caption":"B\u00e1rbara B. Novaes"},"url":"https:\/\/www.icnova.fcsh.unl.pt\/en\/author\/barbarabergg\/"}]}},"_links":{"self":[{"href":"https:\/\/www.icnova.fcsh.unl.pt\/en\/wp-json\/wp\/v2\/posts\/1003115"}],"collection":[{"href":"https:\/\/www.icnova.fcsh.unl.pt\/en\/wp-json\/wp\/v2\/posts"}],"about":[{"href":"https:\/\/www.icnova.fcsh.unl.pt\/en\/wp-json\/wp\/v2\/types\/post"}],"author":[{"embeddable":true,"href":"https:\/\/www.icnova.fcsh.unl.pt\/en\/wp-json\/wp\/v2\/users\/12"}],"replies":[{"embeddable":true,"href":"https:\/\/www.icnova.fcsh.unl.pt\/en\/wp-json\/wp\/v2\/comments?post=1003115"}],"version-history":[{"count":5,"href":"https:\/\/www.icnova.fcsh.unl.pt\/en\/wp-json\/wp\/v2\/posts\/1003115\/revisions"}],"predecessor-version":[{"id":1003126,"href":"https:\/\/www.icnova.fcsh.unl.pt\/en\/wp-json\/wp\/v2\/posts\/1003115\/revisions\/1003126"}],"wp:featuredmedia":[{"embeddable":true,"href":"https:\/\/www.icnova.fcsh.unl.pt\/en\/wp-json\/wp\/v2\/media\/1003116"}],"wp:attachment":[{"href":"https:\/\/www.icnova.fcsh.unl.pt\/en\/wp-json\/wp\/v2\/media?parent=1003115"}],"wp:term":[{"taxonomy":"category","embeddable":true,"href":"https:\/\/www.icnova.fcsh.unl.pt\/en\/wp-json\/wp\/v2\/categories?post=1003115"},{"taxonomy":"post_tag","embeddable":true,"href":"https:\/\/www.icnova.fcsh.unl.pt\/en\/wp-json\/wp\/v2\/tags?post=1003115"}],"curies":[{"name":"wp","href":"https:\/\/api.w.org\/{rel}","templated":true}]}}