{"id":1003168,"date":"2024-11-18T15:20:31","date_gmt":"2024-11-18T15:20:31","guid":{"rendered":"https:\/\/www.icnova.fcsh.unl.pt\/?p=1003168"},"modified":"2024-11-18T15:20:50","modified_gmt":"2024-11-18T15:20:50","slug":"novo-numero-da-revista-media-jornalismo-vol-24-n-o-45-2024","status":"publish","type":"post","link":"https:\/\/www.icnova.fcsh.unl.pt\/en\/novo-numero-da-revista-media-jornalismo-vol-24-n-o-45-2024\/","title":{"rendered":"Novo n\u00famero da Revista Media &amp; Jornalismo Vol. 24 N.\u00ba 45 (2024)"},"content":{"rendered":"<div class=\"vgblk-rw-wrapper limit-wrapper\">\n<p>Nova Publica\u00e7\u00e3o na Revista Media &amp; Jornalismo (ICNOVA)<\/p>\n\n\n\n<p>J\u00e1 est\u00e1 dispon\u00edvel o novo n\u00famero da revista Media &amp; Jornalismo Vol. 24 N.\u00ba 45 (2024): Perspetivas dos jovens sobre o mundo que os rodeia e contextos de cidadania digital, editado por Maria Jos\u00e9 Brites (Universidade Lus\u00f3fona, CICANT), Teresa Sofia Castro (Universidade Lus\u00f3fona, CICANT) e Paloma Contreras-Pulido (Universidade Internacional de La Rioja, UNIR).<\/p>\n\n\n\n<p>Este n\u00famero especial explora como a gera\u00e7\u00e3o jovem perceciona o mundo e a sua rela\u00e7\u00e3o com as not\u00edcias e a cidadania digital. Com artigos te\u00f3ricos e emp\u00edricos de v\u00e1rias geografias, desde a Am\u00e9rica Latina \u00e0 Europa, os textos s\u00e3o apresentados em Espanhol, Ingl\u00eas e Portugu\u00eas. As contribui\u00e7\u00f5es ajudam a clarificar como os jovens interagem com as not\u00edcias e as mudan\u00e7as nos contextos atuais.<\/p>\n\n\n\n<p>A edi\u00e7\u00e3o conta tamb\u00e9m com um artigo de Ana C\u00e1tia Ferreira, doutoranda do ICNOVA.<\/p>\n\n\n\n<p>Aceda ao n\u00famero completo: <a href=\"https:\/\/doi.org\/10.14195\/2183-5462_45?fbclid=IwZXh0bgNhZW0CMTAAAR3gjZNDAKoaVea41BLy9PPhFiW9VZmHPJvKRpxPr9vAuJXYv2LCQUv_r-I_aem_oapncPeNuX_du_EqpQ7BDA\" target=\"_blank\" rel=\"noreferrer noopener\">https:\/\/doi.org\/10.14195\/2183-5462_45<\/a><\/p>\n\n\n\n<p><a href=\"https:\/\/www.facebook.com\/hashtag\/mediaejornalismo?__eep__=6&amp;__cft__[0]=AZU1gZ5wHVq3oHsHi1WTtAtjCqOZohv9E-1YTts-JngcJI1POd6PqLw8d-VQn7Bhdk4Fb5Rn5B4JvvKharDUKTAOPNnUZHQDc7IXxc9-dIVQjgf032RxU-KW-aAyGJMYv-_ky-CFqe-4GDckXMRgj_fdJ9HkWNiEgV5kYre5B0obRgfH_jDBOIU2Ew7n7vzWvjg&amp;__tn__=*NK-R\">#MediaEJornalismo<\/a><a href=\"https:\/\/www.facebook.com\/hashtag\/icnova?__eep__=6&amp;__cft__[0]=AZU1gZ5wHVq3oHsHi1WTtAtjCqOZohv9E-1YTts-JngcJI1POd6PqLw8d-VQn7Bhdk4Fb5Rn5B4JvvKharDUKTAOPNnUZHQDc7IXxc9-dIVQjgf032RxU-KW-aAyGJMYv-_ky-CFqe-4GDckXMRgj_fdJ9HkWNiEgV5kYre5B0obRgfH_jDBOIU2Ew7n7vzWvjg&amp;__tn__=*NK-R\">#ICNOVA<\/a><a href=\"https:\/\/www.facebook.com\/hashtag\/cidadaniadigital?__eep__=6&amp;__cft__[0]=AZU1gZ5wHVq3oHsHi1WTtAtjCqOZohv9E-1YTts-JngcJI1POd6PqLw8d-VQn7Bhdk4Fb5Rn5B4JvvKharDUKTAOPNnUZHQDc7IXxc9-dIVQjgf032RxU-KW-aAyGJMYv-_ky-CFqe-4GDckXMRgj_fdJ9HkWNiEgV5kYre5B0obRgfH_jDBOIU2Ew7n7vzWvjg&amp;__tn__=*NK-R\">#CidadaniaDigital<\/a><a href=\"https:\/\/www.facebook.com\/hashtag\/jovens?__eep__=6&amp;__cft__[0]=AZU1gZ5wHVq3oHsHi1WTtAtjCqOZohv9E-1YTts-JngcJI1POd6PqLw8d-VQn7Bhdk4Fb5Rn5B4JvvKharDUKTAOPNnUZHQDc7IXxc9-dIVQjgf032RxU-KW-aAyGJMYv-_ky-CFqe-4GDckXMRgj_fdJ9HkWNiEgV5kYre5B0obRgfH_jDBOIU2Ew7n7vzWvjg&amp;__tn__=*NK-R\">#Jovens<\/a><a href=\"https:\/\/www.facebook.com\/hashtag\/jornalismo?__eep__=6&amp;__cft__[0]=AZU1gZ5wHVq3oHsHi1WTtAtjCqOZohv9E-1YTts-JngcJI1POd6PqLw8d-VQn7Bhdk4Fb5Rn5B4JvvKharDUKTAOPNnUZHQDc7IXxc9-dIVQjgf032RxU-KW-aAyGJMYv-_ky-CFqe-4GDckXMRgj_fdJ9HkWNiEgV5kYre5B0obRgfH_jDBOIU2Ew7n7vzWvjg&amp;__tn__=*NK-R\">#Jornalismo<\/a><\/p>\n\n\n\n<figure class=\"wp-block-gallery has-nested-images columns-default is-cropped wp-block-gallery-1 is-layout-flex wp-block-gallery-is-layout-flex\">\n<figure class=\"wp-block-image size-large\"><img fetchpriority=\"high\" decoding=\"async\" width=\"1024\" height=\"1024\" data-id=\"1003173\" src=\"https:\/\/www.icnova.fcsh.unl.pt\/wp-content\/uploads\/2024\/11\/466905291_18061812538806718_8271437997484700783_n-1024x1024.jpg\" alt=\"\" class=\"wp-image-1003173\" srcset=\"https:\/\/www.icnova.fcsh.unl.pt\/wp-content\/uploads\/2024\/11\/466905291_18061812538806718_8271437997484700783_n-1024x1024.jpg 1024w, https:\/\/www.icnova.fcsh.unl.pt\/wp-content\/uploads\/2024\/11\/466905291_18061812538806718_8271437997484700783_n-300x300.jpg 300w, https:\/\/www.icnova.fcsh.unl.pt\/wp-content\/uploads\/2024\/11\/466905291_18061812538806718_8271437997484700783_n-150x150.jpg 150w, https:\/\/www.icnova.fcsh.unl.pt\/wp-content\/uploads\/2024\/11\/466905291_18061812538806718_8271437997484700783_n-768x768.jpg 768w, https:\/\/www.icnova.fcsh.unl.pt\/wp-content\/uploads\/2024\/11\/466905291_18061812538806718_8271437997484700783_n.jpg 1440w\" sizes=\"(max-width: 1024px) 100vw, 1024px\" \/><\/figure>\n\n\n\n<figure class=\"wp-block-image size-large\"><img decoding=\"async\" width=\"1024\" height=\"1024\" data-id=\"1003175\" src=\"https:\/\/www.icnova.fcsh.unl.pt\/wp-content\/uploads\/2024\/11\/466614948_18061812523806718_6069327082621404632_n-1-1024x1024.jpg\" alt=\"\" class=\"wp-image-1003175\" srcset=\"https:\/\/www.icnova.fcsh.unl.pt\/wp-content\/uploads\/2024\/11\/466614948_18061812523806718_6069327082621404632_n-1-1024x1024.jpg 1024w, https:\/\/www.icnova.fcsh.unl.pt\/wp-content\/uploads\/2024\/11\/466614948_18061812523806718_6069327082621404632_n-1-300x300.jpg 300w, https:\/\/www.icnova.fcsh.unl.pt\/wp-content\/uploads\/2024\/11\/466614948_18061812523806718_6069327082621404632_n-1-150x150.jpg 150w, https:\/\/www.icnova.fcsh.unl.pt\/wp-content\/uploads\/2024\/11\/466614948_18061812523806718_6069327082621404632_n-1-768x768.jpg 768w, https:\/\/www.icnova.fcsh.unl.pt\/wp-content\/uploads\/2024\/11\/466614948_18061812523806718_6069327082621404632_n-1.jpg 1440w\" sizes=\"(max-width: 1024px) 100vw, 1024px\" \/><\/figure>\n\n\n\n<figure class=\"wp-block-image size-large\"><img decoding=\"async\" width=\"1024\" height=\"1024\" data-id=\"1003171\" src=\"https:\/\/www.icnova.fcsh.unl.pt\/wp-content\/uploads\/2024\/11\/466527002_18061812541806718_2310948520658274689_n-1024x1024.jpg\" alt=\"\" class=\"wp-image-1003171\" srcset=\"https:\/\/www.icnova.fcsh.unl.pt\/wp-content\/uploads\/2024\/11\/466527002_18061812541806718_2310948520658274689_n-1024x1024.jpg 1024w, https:\/\/www.icnova.fcsh.unl.pt\/wp-content\/uploads\/2024\/11\/466527002_18061812541806718_2310948520658274689_n-300x300.jpg 300w, https:\/\/www.icnova.fcsh.unl.pt\/wp-content\/uploads\/2024\/11\/466527002_18061812541806718_2310948520658274689_n-150x150.jpg 150w, https:\/\/www.icnova.fcsh.unl.pt\/wp-content\/uploads\/2024\/11\/466527002_18061812541806718_2310948520658274689_n-768x768.jpg 768w, https:\/\/www.icnova.fcsh.unl.pt\/wp-content\/uploads\/2024\/11\/466527002_18061812541806718_2310948520658274689_n.jpg 1440w\" sizes=\"(max-width: 1024px) 100vw, 1024px\" \/><\/figure>\n<\/figure>\n<\/div><!-- .vgblk-rw-wrapper -->","protected":false},"excerpt":{"rendered":"<p>Nova Publica\u00e7\u00e3o na Revista Media &amp; Jornalismo (ICNOVA) J\u00e1 est\u00e1 dispon\u00edvel o novo n\u00famero da revista Media &amp; Jornalismo Vol. 24 N.\u00ba 45 (2024): Perspetivas dos jovens sobre o mundo que os rodeia e contextos de cidadania digital, editado por Maria Jos\u00e9 Brites (Universidade Lus\u00f3fona, CICANT), Teresa Sofia Castro (Universidade Lus\u00f3fona, CICANT) e Paloma Contreras-Pulido&#8230;<\/p>\n","protected":false},"author":12,"featured_media":1003169,"comment_status":"closed","ping_status":"closed","sticky":false,"template":"","format":"standard","meta":{"footnotes":""},"categories":[40,1],"tags":[185],"class_list":["post-1003168","post","type-post","status-publish","format-standard","has-post-thumbnail","hentry","category-news","category-sem-categoria","tag-media-e-jornalismo"],"acf":[],"yoast_head":"<!-- This site is optimized with the Yoast SEO plugin v23.2 - https:\/\/yoast.com\/wordpress\/plugins\/seo\/ -->\n<title>Novo n\u00famero da Revista Media &amp; Jornalismo Vol. 24 N.\u00ba 45 (2024) - ICNOVA<\/title>\n<meta name=\"robots\" content=\"index, follow, max-snippet:-1, max-image-preview:large, max-video-preview:-1\" \/>\n<link rel=\"canonical\" href=\"https:\/\/www.icnova.fcsh.unl.pt\/novo-numero-da-revista-media-jornalismo-vol-24-n-o-45-2024\/\" \/>\n<meta property=\"og:locale\" content=\"en_US\" \/>\n<meta property=\"og:type\" content=\"article\" \/>\n<meta property=\"og:title\" content=\"Novo n\u00famero da Revista Media &amp; Jornalismo Vol. 24 N.\u00ba 45 (2024) - ICNOVA\" \/>\n<meta property=\"og:description\" content=\"Nova Publica\u00e7\u00e3o na Revista Media &amp; Jornalismo (ICNOVA) J\u00e1 est\u00e1 dispon\u00edvel o novo n\u00famero da revista Media &amp; Jornalismo Vol. 24 N.\u00ba 45 (2024): Perspetivas dos jovens sobre o mundo que os rodeia e contextos de cidadania digital, editado por Maria Jos\u00e9 Brites (Universidade Lus\u00f3fona, CICANT), Teresa Sofia Castro (Universidade Lus\u00f3fona, CICANT) e Paloma Contreras-Pulido...\" \/>\n<meta property=\"og:url\" content=\"https:\/\/www.icnova.fcsh.unl.pt\/novo-numero-da-revista-media-jornalismo-vol-24-n-o-45-2024\/\" \/>\n<meta property=\"og:site_name\" content=\"ICNOVA\" \/>\n<meta property=\"article:published_time\" content=\"2024-11-18T15:20:31+00:00\" \/>\n<meta property=\"article:modified_time\" content=\"2024-11-18T15:20:50+00:00\" \/>\n<meta property=\"og:image\" content=\"https:\/\/www.icnova.fcsh.unl.pt\/wp-content\/uploads\/2024\/11\/466614948_18061812523806718_6069327082621404632_n.jpg\" \/>\n\t<meta property=\"og:image:width\" content=\"1440\" \/>\n\t<meta property=\"og:image:height\" content=\"1440\" \/>\n\t<meta property=\"og:image:type\" content=\"image\/jpeg\" \/>\n<meta name=\"author\" content=\"B\u00e1rbara B. Novaes\" \/>\n<meta name=\"twitter:card\" content=\"summary_large_image\" \/>\n<meta name=\"twitter:label1\" content=\"Written by\" \/>\n\t<meta name=\"twitter:data1\" content=\"B\u00e1rbara B. Novaes\" \/>\n\t<meta name=\"twitter:label2\" content=\"Est. reading time\" \/>\n\t<meta name=\"twitter:data2\" content=\"2 minutes\" \/>\n<script type=\"application\/ld+json\" class=\"yoast-schema-graph\">{\"@context\":\"https:\/\/schema.org\",\"@graph\":[{\"@type\":\"Article\",\"@id\":\"https:\/\/www.icnova.fcsh.unl.pt\/novo-numero-da-revista-media-jornalismo-vol-24-n-o-45-2024\/#article\",\"isPartOf\":{\"@id\":\"https:\/\/www.icnova.fcsh.unl.pt\/novo-numero-da-revista-media-jornalismo-vol-24-n-o-45-2024\/\"},\"author\":{\"name\":\"B\u00e1rbara B. Novaes\",\"@id\":\"https:\/\/icnova.staging.widgilabs-sites.com\/#\/schema\/person\/448361a3369e91f99e516588a123c7ee\"},\"headline\":\"Novo n\u00famero da Revista Media &amp; Jornalismo Vol. 24 N.\u00ba 45 (2024)\",\"datePublished\":\"2024-11-18T15:20:31+00:00\",\"dateModified\":\"2024-11-18T15:20:50+00:00\",\"mainEntityOfPage\":{\"@id\":\"https:\/\/www.icnova.fcsh.unl.pt\/novo-numero-da-revista-media-jornalismo-vol-24-n-o-45-2024\/\"},\"wordCount\":180,\"publisher\":{\"@id\":\"https:\/\/icnova.staging.widgilabs-sites.com\/#organization\"},\"image\":{\"@id\":\"https:\/\/www.icnova.fcsh.unl.pt\/novo-numero-da-revista-media-jornalismo-vol-24-n-o-45-2024\/#primaryimage\"},\"thumbnailUrl\":\"https:\/\/www.icnova.fcsh.unl.pt\/wp-content\/uploads\/2024\/11\/466614948_18061812523806718_6069327082621404632_n.jpg\",\"keywords\":[\"Media e Jornalismo\"],\"articleSection\":[\"Not\u00edcias\",\"Sem categoria\"],\"inLanguage\":\"en-US\"},{\"@type\":\"WebPage\",\"@id\":\"https:\/\/www.icnova.fcsh.unl.pt\/novo-numero-da-revista-media-jornalismo-vol-24-n-o-45-2024\/\",\"url\":\"https:\/\/www.icnova.fcsh.unl.pt\/novo-numero-da-revista-media-jornalismo-vol-24-n-o-45-2024\/\",\"name\":\"Novo n\u00famero da Revista Media &amp; Jornalismo Vol. 24 N.\u00ba 45 (2024) - ICNOVA\",\"isPartOf\":{\"@id\":\"https:\/\/icnova.staging.widgilabs-sites.com\/#website\"},\"primaryImageOfPage\":{\"@id\":\"https:\/\/www.icnova.fcsh.unl.pt\/novo-numero-da-revista-media-jornalismo-vol-24-n-o-45-2024\/#primaryimage\"},\"image\":{\"@id\":\"https:\/\/www.icnova.fcsh.unl.pt\/novo-numero-da-revista-media-jornalismo-vol-24-n-o-45-2024\/#primaryimage\"},\"thumbnailUrl\":\"https:\/\/www.icnova.fcsh.unl.pt\/wp-content\/uploads\/2024\/11\/466614948_18061812523806718_6069327082621404632_n.jpg\",\"datePublished\":\"2024-11-18T15:20:31+00:00\",\"dateModified\":\"2024-11-18T15:20:50+00:00\",\"breadcrumb\":{\"@id\":\"https:\/\/www.icnova.fcsh.unl.pt\/novo-numero-da-revista-media-jornalismo-vol-24-n-o-45-2024\/#breadcrumb\"},\"inLanguage\":\"en-US\",\"potentialAction\":[{\"@type\":\"ReadAction\",\"target\":[\"https:\/\/www.icnova.fcsh.unl.pt\/novo-numero-da-revista-media-jornalismo-vol-24-n-o-45-2024\/\"]}]},{\"@type\":\"ImageObject\",\"inLanguage\":\"en-US\",\"@id\":\"https:\/\/www.icnova.fcsh.unl.pt\/novo-numero-da-revista-media-jornalismo-vol-24-n-o-45-2024\/#primaryimage\",\"url\":\"https:\/\/www.icnova.fcsh.unl.pt\/wp-content\/uploads\/2024\/11\/466614948_18061812523806718_6069327082621404632_n.jpg\",\"contentUrl\":\"https:\/\/www.icnova.fcsh.unl.pt\/wp-content\/uploads\/2024\/11\/466614948_18061812523806718_6069327082621404632_n.jpg\",\"width\":1440,\"height\":1440},{\"@type\":\"BreadcrumbList\",\"@id\":\"https:\/\/www.icnova.fcsh.unl.pt\/novo-numero-da-revista-media-jornalismo-vol-24-n-o-45-2024\/#breadcrumb\",\"itemListElement\":[{\"@type\":\"ListItem\",\"position\":1,\"name\":\"Home\",\"item\":\"https:\/\/www.icnova.fcsh.unl.pt\/en\/home\/\"},{\"@type\":\"ListItem\",\"position\":2,\"name\":\"Novo n\u00famero da Revista Media &amp; Jornalismo Vol. 24 N.\u00ba 45 (2024)\"}]},{\"@type\":\"WebSite\",\"@id\":\"https:\/\/icnova.staging.widgilabs-sites.com\/#website\",\"url\":\"https:\/\/icnova.staging.widgilabs-sites.com\/\",\"name\":\"ICNOVA\",\"description\":\"INSTITUTO DE COMUNICA\u00c7\u00c3O DA NOVA\",\"publisher\":{\"@id\":\"https:\/\/icnova.staging.widgilabs-sites.com\/#organization\"},\"potentialAction\":[{\"@type\":\"SearchAction\",\"target\":{\"@type\":\"EntryPoint\",\"urlTemplate\":\"https:\/\/icnova.staging.widgilabs-sites.com\/?s={search_term_string}\"},\"query-input\":\"required name=search_term_string\"}],\"inLanguage\":\"en-US\"},{\"@type\":\"Organization\",\"@id\":\"https:\/\/icnova.staging.widgilabs-sites.com\/#organization\",\"name\":\"ICNOVA\",\"url\":\"https:\/\/icnova.staging.widgilabs-sites.com\/\",\"logo\":{\"@type\":\"ImageObject\",\"inLanguage\":\"en-US\",\"@id\":\"https:\/\/icnova.staging.widgilabs-sites.com\/#\/schema\/logo\/image\/\",\"url\":\"https:\/\/www.icnova.fcsh.unl.pt\/wp-content\/uploads\/2020\/02\/logo2.png\",\"contentUrl\":\"https:\/\/www.icnova.fcsh.unl.pt\/wp-content\/uploads\/2020\/02\/logo2.png\",\"width\":730,\"height\":209,\"caption\":\"ICNOVA\"},\"image\":{\"@id\":\"https:\/\/icnova.staging.widgilabs-sites.com\/#\/schema\/logo\/image\/\"}},{\"@type\":\"Person\",\"@id\":\"https:\/\/icnova.staging.widgilabs-sites.com\/#\/schema\/person\/448361a3369e91f99e516588a123c7ee\",\"name\":\"B\u00e1rbara B. Novaes\",\"image\":{\"@type\":\"ImageObject\",\"inLanguage\":\"en-US\",\"@id\":\"https:\/\/icnova.staging.widgilabs-sites.com\/#\/schema\/person\/image\/\",\"url\":\"https:\/\/secure.gravatar.com\/avatar\/980018600039737321d16d8a0fe94fbf?s=96&d=mm&r=g\",\"contentUrl\":\"https:\/\/secure.gravatar.com\/avatar\/980018600039737321d16d8a0fe94fbf?s=96&d=mm&r=g\",\"caption\":\"B\u00e1rbara B. Novaes\"},\"url\":\"https:\/\/www.icnova.fcsh.unl.pt\/en\/author\/barbarabergg\/\"}]}<\/script>\n<!-- \/ Yoast SEO plugin. -->","yoast_head_json":{"title":"Novo n\u00famero da Revista Media &amp; Jornalismo Vol. 24 N.\u00ba 45 (2024) - ICNOVA","robots":{"index":"index","follow":"follow","max-snippet":"max-snippet:-1","max-image-preview":"max-image-preview:large","max-video-preview":"max-video-preview:-1"},"canonical":"https:\/\/www.icnova.fcsh.unl.pt\/novo-numero-da-revista-media-jornalismo-vol-24-n-o-45-2024\/","og_locale":"en_US","og_type":"article","og_title":"Novo n\u00famero da Revista Media &amp; Jornalismo Vol. 24 N.\u00ba 45 (2024) - ICNOVA","og_description":"Nova Publica\u00e7\u00e3o na Revista Media &amp; Jornalismo (ICNOVA) J\u00e1 est\u00e1 dispon\u00edvel o novo n\u00famero da revista Media &amp; Jornalismo Vol. 24 N.\u00ba 45 (2024): Perspetivas dos jovens sobre o mundo que os rodeia e contextos de cidadania digital, editado por Maria Jos\u00e9 Brites (Universidade Lus\u00f3fona, CICANT), Teresa Sofia Castro (Universidade Lus\u00f3fona, CICANT) e Paloma Contreras-Pulido...","og_url":"https:\/\/www.icnova.fcsh.unl.pt\/novo-numero-da-revista-media-jornalismo-vol-24-n-o-45-2024\/","og_site_name":"ICNOVA","article_published_time":"2024-11-18T15:20:31+00:00","article_modified_time":"2024-11-18T15:20:50+00:00","og_image":[{"width":1440,"height":1440,"url":"https:\/\/www.icnova.fcsh.unl.pt\/wp-content\/uploads\/2024\/11\/466614948_18061812523806718_6069327082621404632_n.jpg","type":"image\/jpeg"}],"author":"B\u00e1rbara B. Novaes","twitter_card":"summary_large_image","twitter_misc":{"Written by":"B\u00e1rbara B. Novaes","Est. reading time":"2 minutes"},"schema":{"@context":"https:\/\/schema.org","@graph":[{"@type":"Article","@id":"https:\/\/www.icnova.fcsh.unl.pt\/novo-numero-da-revista-media-jornalismo-vol-24-n-o-45-2024\/#article","isPartOf":{"@id":"https:\/\/www.icnova.fcsh.unl.pt\/novo-numero-da-revista-media-jornalismo-vol-24-n-o-45-2024\/"},"author":{"name":"B\u00e1rbara B. Novaes","@id":"https:\/\/icnova.staging.widgilabs-sites.com\/#\/schema\/person\/448361a3369e91f99e516588a123c7ee"},"headline":"Novo n\u00famero da Revista Media &amp; Jornalismo Vol. 24 N.\u00ba 45 (2024)","datePublished":"2024-11-18T15:20:31+00:00","dateModified":"2024-11-18T15:20:50+00:00","mainEntityOfPage":{"@id":"https:\/\/www.icnova.fcsh.unl.pt\/novo-numero-da-revista-media-jornalismo-vol-24-n-o-45-2024\/"},"wordCount":180,"publisher":{"@id":"https:\/\/icnova.staging.widgilabs-sites.com\/#organization"},"image":{"@id":"https:\/\/www.icnova.fcsh.unl.pt\/novo-numero-da-revista-media-jornalismo-vol-24-n-o-45-2024\/#primaryimage"},"thumbnailUrl":"https:\/\/www.icnova.fcsh.unl.pt\/wp-content\/uploads\/2024\/11\/466614948_18061812523806718_6069327082621404632_n.jpg","keywords":["Media e Jornalismo"],"articleSection":["Not\u00edcias","Sem categoria"],"inLanguage":"en-US"},{"@type":"WebPage","@id":"https:\/\/www.icnova.fcsh.unl.pt\/novo-numero-da-revista-media-jornalismo-vol-24-n-o-45-2024\/","url":"https:\/\/www.icnova.fcsh.unl.pt\/novo-numero-da-revista-media-jornalismo-vol-24-n-o-45-2024\/","name":"Novo n\u00famero da Revista Media &amp; Jornalismo Vol. 24 N.\u00ba 45 (2024) - ICNOVA","isPartOf":{"@id":"https:\/\/icnova.staging.widgilabs-sites.com\/#website"},"primaryImageOfPage":{"@id":"https:\/\/www.icnova.fcsh.unl.pt\/novo-numero-da-revista-media-jornalismo-vol-24-n-o-45-2024\/#primaryimage"},"image":{"@id":"https:\/\/www.icnova.fcsh.unl.pt\/novo-numero-da-revista-media-jornalismo-vol-24-n-o-45-2024\/#primaryimage"},"thumbnailUrl":"https:\/\/www.icnova.fcsh.unl.pt\/wp-content\/uploads\/2024\/11\/466614948_18061812523806718_6069327082621404632_n.jpg","datePublished":"2024-11-18T15:20:31+00:00","dateModified":"2024-11-18T15:20:50+00:00","breadcrumb":{"@id":"https:\/\/www.icnova.fcsh.unl.pt\/novo-numero-da-revista-media-jornalismo-vol-24-n-o-45-2024\/#breadcrumb"},"inLanguage":"en-US","potentialAction":[{"@type":"ReadAction","target":["https:\/\/www.icnova.fcsh.unl.pt\/novo-numero-da-revista-media-jornalismo-vol-24-n-o-45-2024\/"]}]},{"@type":"ImageObject","inLanguage":"en-US","@id":"https:\/\/www.icnova.fcsh.unl.pt\/novo-numero-da-revista-media-jornalismo-vol-24-n-o-45-2024\/#primaryimage","url":"https:\/\/www.icnova.fcsh.unl.pt\/wp-content\/uploads\/2024\/11\/466614948_18061812523806718_6069327082621404632_n.jpg","contentUrl":"https:\/\/www.icnova.fcsh.unl.pt\/wp-content\/uploads\/2024\/11\/466614948_18061812523806718_6069327082621404632_n.jpg","width":1440,"height":1440},{"@type":"BreadcrumbList","@id":"https:\/\/www.icnova.fcsh.unl.pt\/novo-numero-da-revista-media-jornalismo-vol-24-n-o-45-2024\/#breadcrumb","itemListElement":[{"@type":"ListItem","position":1,"name":"Home","item":"https:\/\/www.icnova.fcsh.unl.pt\/en\/home\/"},{"@type":"ListItem","position":2,"name":"Novo n\u00famero da Revista Media &amp; Jornalismo Vol. 24 N.\u00ba 45 (2024)"}]},{"@type":"WebSite","@id":"https:\/\/icnova.staging.widgilabs-sites.com\/#website","url":"https:\/\/icnova.staging.widgilabs-sites.com\/","name":"ICNOVA","description":"INSTITUTO DE COMUNICA\u00c7\u00c3O DA NOVA","publisher":{"@id":"https:\/\/icnova.staging.widgilabs-sites.com\/#organization"},"potentialAction":[{"@type":"SearchAction","target":{"@type":"EntryPoint","urlTemplate":"https:\/\/icnova.staging.widgilabs-sites.com\/?s={search_term_string}"},"query-input":"required name=search_term_string"}],"inLanguage":"en-US"},{"@type":"Organization","@id":"https:\/\/icnova.staging.widgilabs-sites.com\/#organization","name":"ICNOVA","url":"https:\/\/icnova.staging.widgilabs-sites.com\/","logo":{"@type":"ImageObject","inLanguage":"en-US","@id":"https:\/\/icnova.staging.widgilabs-sites.com\/#\/schema\/logo\/image\/","url":"https:\/\/www.icnova.fcsh.unl.pt\/wp-content\/uploads\/2020\/02\/logo2.png","contentUrl":"https:\/\/www.icnova.fcsh.unl.pt\/wp-content\/uploads\/2020\/02\/logo2.png","width":730,"height":209,"caption":"ICNOVA"},"image":{"@id":"https:\/\/icnova.staging.widgilabs-sites.com\/#\/schema\/logo\/image\/"}},{"@type":"Person","@id":"https:\/\/icnova.staging.widgilabs-sites.com\/#\/schema\/person\/448361a3369e91f99e516588a123c7ee","name":"B\u00e1rbara B. Novaes","image":{"@type":"ImageObject","inLanguage":"en-US","@id":"https:\/\/icnova.staging.widgilabs-sites.com\/#\/schema\/person\/image\/","url":"https:\/\/secure.gravatar.com\/avatar\/980018600039737321d16d8a0fe94fbf?s=96&d=mm&r=g","contentUrl":"https:\/\/secure.gravatar.com\/avatar\/980018600039737321d16d8a0fe94fbf?s=96&d=mm&r=g","caption":"B\u00e1rbara B. Novaes"},"url":"https:\/\/www.icnova.fcsh.unl.pt\/en\/author\/barbarabergg\/"}]}},"_links":{"self":[{"href":"https:\/\/www.icnova.fcsh.unl.pt\/en\/wp-json\/wp\/v2\/posts\/1003168"}],"collection":[{"href":"https:\/\/www.icnova.fcsh.unl.pt\/en\/wp-json\/wp\/v2\/posts"}],"about":[{"href":"https:\/\/www.icnova.fcsh.unl.pt\/en\/wp-json\/wp\/v2\/types\/post"}],"author":[{"embeddable":true,"href":"https:\/\/www.icnova.fcsh.unl.pt\/en\/wp-json\/wp\/v2\/users\/12"}],"replies":[{"embeddable":true,"href":"https:\/\/www.icnova.fcsh.unl.pt\/en\/wp-json\/wp\/v2\/comments?post=1003168"}],"version-history":[{"count":1,"href":"https:\/\/www.icnova.fcsh.unl.pt\/en\/wp-json\/wp\/v2\/posts\/1003168\/revisions"}],"predecessor-version":[{"id":1003177,"href":"https:\/\/www.icnova.fcsh.unl.pt\/en\/wp-json\/wp\/v2\/posts\/1003168\/revisions\/1003177"}],"wp:featuredmedia":[{"embeddable":true,"href":"https:\/\/www.icnova.fcsh.unl.pt\/en\/wp-json\/wp\/v2\/media\/1003169"}],"wp:attachment":[{"href":"https:\/\/www.icnova.fcsh.unl.pt\/en\/wp-json\/wp\/v2\/media?parent=1003168"}],"wp:term":[{"taxonomy":"category","embeddable":true,"href":"https:\/\/www.icnova.fcsh.unl.pt\/en\/wp-json\/wp\/v2\/categories?post=1003168"},{"taxonomy":"post_tag","embeddable":true,"href":"https:\/\/www.icnova.fcsh.unl.pt\/en\/wp-json\/wp\/v2\/tags?post=1003168"}],"curies":[{"name":"wp","href":"https:\/\/api.w.org\/{rel}","templated":true}]}}