{"id":1003221,"date":"2024-11-19T12:49:33","date_gmt":"2024-11-19T12:49:33","guid":{"rendered":"https:\/\/www.icnova.fcsh.unl.pt\/?p=1003221"},"modified":"2024-11-21T16:59:45","modified_gmt":"2024-11-21T16:59:45","slug":"icnova-nas-jornadas-de-outono-de-programa-interuniversitario","status":"publish","type":"post","link":"https:\/\/www.icnova.fcsh.unl.pt\/en\/icnova-nas-jornadas-de-outono-de-programa-interuniversitario\/","title":{"rendered":"ICNOVA nas Jornadas de Outono de programa interuniversit\u00e1rio\u00a0"},"content":{"rendered":"<div class=\"vgblk-rw-wrapper limit-wrapper\">\n<p><strong>ICNOVA nas Jornadas de Outono de programa interuniversit\u00e1rio&nbsp;<\/strong><\/p>\n\n\n\n<p>Nos passados dias 14 e 15 de Novembro,&nbsp;Alexandre Duarte,&nbsp;investigador integrado do&nbsp;GI de Comunica\u00e7\u00e3o Estrat\u00e9gica (CE) do&nbsp;ICNOVA,&nbsp;participou como convidado nas Jornadas de Outono do Programa de Doutoramento Interuniversit\u00e1rio de 4 universidades espanholas (<a href=\"https:\/\/www.linkedin.com\/company\/universidad-de-sevilla\/\" target=\"_blank\" rel=\"noreferrer noopener\">Universidad de Sevilla<\/a>,&nbsp;<a href=\"https:\/\/www.linkedin.com\/company\/universidad-de-malaga\/\" target=\"_blank\" rel=\"noreferrer noopener\">Universidad de M\u00e1laga<\/a>,&nbsp;<a href=\"https:\/\/www.linkedin.com\/company\/universidad-de-huelva\/\" target=\"_blank\" rel=\"noreferrer noopener\">Universidad de Huelva<\/a>, e&nbsp;<a href=\"https:\/\/www.linkedin.com\/company\/universidad-de-c-diz\/\" target=\"_blank\" rel=\"noreferrer noopener\">Universidad de C\u00e1diz<\/a>), e da&nbsp;<strong>Universidade Nova de Lisboa<\/strong>, em Sevilha. Tamb\u00e9m a doutoranda&nbsp;Maria do&nbsp;Ros\u00e1rio&nbsp;Silva, do&nbsp;mesmo&nbsp;GI, teve oportunidade de apresentar uma comunica\u00e7\u00e3o sobre a sua investiga\u00e7\u00e3o em curso.<\/p>\n\n\n\n<p>O&nbsp;evento permitiu a troca de contactos e&nbsp;discuss\u00e3o de futuras oportunidades de colabora\u00e7\u00e3o ao n\u00edvel de programas, parcerias, e linhas de investiga\u00e7\u00e3o e \u00e9 um excelente exemplo de colabora\u00e7\u00e3o inter-universit\u00e1ria e transnacional.<\/p>\n\n\n\n<figure class=\"wp-block-gallery has-nested-images columns-default is-cropped wp-block-gallery-1 is-layout-flex wp-block-gallery-is-layout-flex\">\n<figure class=\"wp-block-image size-large\"><img fetchpriority=\"high\" decoding=\"async\" width=\"1024\" height=\"768\" data-id=\"1003228\" src=\"https:\/\/www.icnova.fcsh.unl.pt\/wp-content\/uploads\/2024\/11\/1731674981088-1024x768.jpg\" alt=\"\" class=\"wp-image-1003228\" srcset=\"https:\/\/www.icnova.fcsh.unl.pt\/wp-content\/uploads\/2024\/11\/1731674981088-1024x768.jpg 1024w, https:\/\/www.icnova.fcsh.unl.pt\/wp-content\/uploads\/2024\/11\/1731674981088-300x225.jpg 300w, https:\/\/www.icnova.fcsh.unl.pt\/wp-content\/uploads\/2024\/11\/1731674981088-768x576.jpg 768w, https:\/\/www.icnova.fcsh.unl.pt\/wp-content\/uploads\/2024\/11\/1731674981088-1536x1152.jpg 1536w, https:\/\/www.icnova.fcsh.unl.pt\/wp-content\/uploads\/2024\/11\/1731674981088.jpg 2048w\" sizes=\"(max-width: 1024px) 100vw, 1024px\" \/><\/figure>\n\n\n\n<figure class=\"wp-block-image size-large\"><img decoding=\"async\" width=\"768\" height=\"1024\" data-id=\"1003224\" src=\"https:\/\/www.icnova.fcsh.unl.pt\/wp-content\/uploads\/2024\/11\/1731674981819-768x1024.jpg\" alt=\"\" class=\"wp-image-1003224\" srcset=\"https:\/\/www.icnova.fcsh.unl.pt\/wp-content\/uploads\/2024\/11\/1731674981819-768x1024.jpg 768w, https:\/\/www.icnova.fcsh.unl.pt\/wp-content\/uploads\/2024\/11\/1731674981819-225x300.jpg 225w, https:\/\/www.icnova.fcsh.unl.pt\/wp-content\/uploads\/2024\/11\/1731674981819-1152x1536.jpg 1152w, https:\/\/www.icnova.fcsh.unl.pt\/wp-content\/uploads\/2024\/11\/1731674981819.jpg 1280w\" sizes=\"(max-width: 768px) 100vw, 768px\" \/><\/figure>\n\n\n\n<figure class=\"wp-block-image size-large\"><img decoding=\"async\" width=\"768\" height=\"1024\" data-id=\"1003226\" src=\"https:\/\/www.icnova.fcsh.unl.pt\/wp-content\/uploads\/2024\/11\/1731674980885-768x1024.jpg\" alt=\"\" class=\"wp-image-1003226\" srcset=\"https:\/\/www.icnova.fcsh.unl.pt\/wp-content\/uploads\/2024\/11\/1731674980885-768x1024.jpg 768w, https:\/\/www.icnova.fcsh.unl.pt\/wp-content\/uploads\/2024\/11\/1731674980885-225x300.jpg 225w, https:\/\/www.icnova.fcsh.unl.pt\/wp-content\/uploads\/2024\/11\/1731674980885-1152x1536.jpg 1152w, https:\/\/www.icnova.fcsh.unl.pt\/wp-content\/uploads\/2024\/11\/1731674980885.jpg 1280w\" sizes=\"(max-width: 768px) 100vw, 768px\" \/><\/figure>\n\n\n\n<figure class=\"wp-block-image size-large\"><img loading=\"lazy\" decoding=\"async\" width=\"1024\" height=\"253\" data-id=\"1003222\" src=\"https:\/\/www.icnova.fcsh.unl.pt\/wp-content\/uploads\/2024\/11\/IMG_8275-1024x253.jpg\" alt=\"\" class=\"wp-image-1003222\" srcset=\"https:\/\/www.icnova.fcsh.unl.pt\/wp-content\/uploads\/2024\/11\/IMG_8275-1024x253.jpg 1024w, https:\/\/www.icnova.fcsh.unl.pt\/wp-content\/uploads\/2024\/11\/IMG_8275-300x74.jpg 300w, https:\/\/www.icnova.fcsh.unl.pt\/wp-content\/uploads\/2024\/11\/IMG_8275-768x190.jpg 768w, https:\/\/www.icnova.fcsh.unl.pt\/wp-content\/uploads\/2024\/11\/IMG_8275-1536x380.jpg 1536w, https:\/\/www.icnova.fcsh.unl.pt\/wp-content\/uploads\/2024\/11\/IMG_8275.jpg 2048w\" sizes=\"(max-width: 1024px) 100vw, 1024px\" \/><\/figure>\n<\/figure>\n<\/div><!-- .vgblk-rw-wrapper -->","protected":false},"excerpt":{"rendered":"<p>ICNOVA nas Jornadas de Outono de programa interuniversit\u00e1rio&nbsp; Nos passados dias 14 e 15 de Novembro,&nbsp;Alexandre Duarte,&nbsp;investigador integrado do&nbsp;GI de Comunica\u00e7\u00e3o Estrat\u00e9gica (CE) do&nbsp;ICNOVA,&nbsp;participou como convidado nas Jornadas de Outono do Programa de Doutoramento Interuniversit\u00e1rio de 4 universidades espanholas (Universidad de Sevilla,&nbsp;Universidad de M\u00e1laga,&nbsp;Universidad de Huelva, e&nbsp;Universidad de C\u00e1diz), e da&nbsp;Universidade Nova de Lisboa, em&#8230;<\/p>\n","protected":false},"author":12,"featured_media":1003231,"comment_status":"closed","ping_status":"closed","sticky":false,"template":"","format":"standard","meta":{"footnotes":""},"categories":[40],"tags":[187],"class_list":["post-1003221","post","type-post","status-publish","format-standard","has-post-thumbnail","hentry","category-news","tag-comunicacao-estrategica"],"acf":[],"yoast_head":"<!-- This site is optimized with the Yoast SEO plugin v23.2 - https:\/\/yoast.com\/wordpress\/plugins\/seo\/ -->\n<title>ICNOVA nas Jornadas de Outono de programa interuniversit\u00e1rio\u00a0 - ICNOVA<\/title>\n<meta name=\"robots\" content=\"index, follow, max-snippet:-1, max-image-preview:large, max-video-preview:-1\" \/>\n<link rel=\"canonical\" href=\"https:\/\/www.icnova.fcsh.unl.pt\/icnova-nas-jornadas-de-outono-de-programa-interuniversitario\/\" \/>\n<meta property=\"og:locale\" content=\"en_US\" \/>\n<meta property=\"og:type\" content=\"article\" \/>\n<meta property=\"og:title\" content=\"ICNOVA nas Jornadas de Outono de programa interuniversit\u00e1rio\u00a0 - ICNOVA\" \/>\n<meta property=\"og:description\" content=\"ICNOVA nas Jornadas de Outono de programa interuniversit\u00e1rio&nbsp; Nos passados dias 14 e 15 de Novembro,&nbsp;Alexandre Duarte,&nbsp;investigador integrado do&nbsp;GI de Comunica\u00e7\u00e3o Estrat\u00e9gica (CE) do&nbsp;ICNOVA,&nbsp;participou como convidado nas Jornadas de Outono do Programa de Doutoramento Interuniversit\u00e1rio de 4 universidades espanholas (Universidad de Sevilla,&nbsp;Universidad de M\u00e1laga,&nbsp;Universidad de Huelva, e&nbsp;Universidad de C\u00e1diz), e da&nbsp;Universidade Nova de Lisboa, em...\" \/>\n<meta property=\"og:url\" content=\"https:\/\/www.icnova.fcsh.unl.pt\/icnova-nas-jornadas-de-outono-de-programa-interuniversitario\/\" \/>\n<meta property=\"og:site_name\" content=\"ICNOVA\" \/>\n<meta property=\"article:published_time\" content=\"2024-11-19T12:49:33+00:00\" \/>\n<meta property=\"article:modified_time\" content=\"2024-11-21T16:59:45+00:00\" \/>\n<meta property=\"og:image\" content=\"https:\/\/www.icnova.fcsh.unl.pt\/wp-content\/uploads\/2024\/11\/1731674981088-1.jpg\" \/>\n\t<meta property=\"og:image:width\" content=\"2048\" \/>\n\t<meta property=\"og:image:height\" content=\"1536\" \/>\n\t<meta property=\"og:image:type\" content=\"image\/jpeg\" \/>\n<meta name=\"author\" content=\"B\u00e1rbara B. Novaes\" \/>\n<meta name=\"twitter:card\" content=\"summary_large_image\" \/>\n<meta name=\"twitter:label1\" content=\"Written by\" \/>\n\t<meta name=\"twitter:data1\" content=\"B\u00e1rbara B. Novaes\" \/>\n\t<meta name=\"twitter:label2\" content=\"Est. reading time\" \/>\n\t<meta name=\"twitter:data2\" content=\"2 minutes\" \/>\n<script type=\"application\/ld+json\" class=\"yoast-schema-graph\">{\"@context\":\"https:\/\/schema.org\",\"@graph\":[{\"@type\":\"Article\",\"@id\":\"https:\/\/www.icnova.fcsh.unl.pt\/icnova-nas-jornadas-de-outono-de-programa-interuniversitario\/#article\",\"isPartOf\":{\"@id\":\"https:\/\/www.icnova.fcsh.unl.pt\/icnova-nas-jornadas-de-outono-de-programa-interuniversitario\/\"},\"author\":{\"name\":\"B\u00e1rbara B. Novaes\",\"@id\":\"https:\/\/icnova.staging.widgilabs-sites.com\/#\/schema\/person\/448361a3369e91f99e516588a123c7ee\"},\"headline\":\"ICNOVA nas Jornadas de Outono de programa interuniversit\u00e1rio\u00a0\",\"datePublished\":\"2024-11-19T12:49:33+00:00\",\"dateModified\":\"2024-11-21T16:59:45+00:00\",\"mainEntityOfPage\":{\"@id\":\"https:\/\/www.icnova.fcsh.unl.pt\/icnova-nas-jornadas-de-outono-de-programa-interuniversitario\/\"},\"wordCount\":158,\"publisher\":{\"@id\":\"https:\/\/icnova.staging.widgilabs-sites.com\/#organization\"},\"image\":{\"@id\":\"https:\/\/www.icnova.fcsh.unl.pt\/icnova-nas-jornadas-de-outono-de-programa-interuniversitario\/#primaryimage\"},\"thumbnailUrl\":\"https:\/\/www.icnova.fcsh.unl.pt\/wp-content\/uploads\/2024\/11\/1731674981088-1.jpg\",\"keywords\":[\"Comunica\u00e7\u00e3o Estrat\u00e9gica\"],\"articleSection\":[\"Not\u00edcias\"],\"inLanguage\":\"en-US\"},{\"@type\":\"WebPage\",\"@id\":\"https:\/\/www.icnova.fcsh.unl.pt\/icnova-nas-jornadas-de-outono-de-programa-interuniversitario\/\",\"url\":\"https:\/\/www.icnova.fcsh.unl.pt\/icnova-nas-jornadas-de-outono-de-programa-interuniversitario\/\",\"name\":\"ICNOVA nas Jornadas de Outono de programa interuniversit\u00e1rio\u00a0 - ICNOVA\",\"isPartOf\":{\"@id\":\"https:\/\/icnova.staging.widgilabs-sites.com\/#website\"},\"primaryImageOfPage\":{\"@id\":\"https:\/\/www.icnova.fcsh.unl.pt\/icnova-nas-jornadas-de-outono-de-programa-interuniversitario\/#primaryimage\"},\"image\":{\"@id\":\"https:\/\/www.icnova.fcsh.unl.pt\/icnova-nas-jornadas-de-outono-de-programa-interuniversitario\/#primaryimage\"},\"thumbnailUrl\":\"https:\/\/www.icnova.fcsh.unl.pt\/wp-content\/uploads\/2024\/11\/1731674981088-1.jpg\",\"datePublished\":\"2024-11-19T12:49:33+00:00\",\"dateModified\":\"2024-11-21T16:59:45+00:00\",\"breadcrumb\":{\"@id\":\"https:\/\/www.icnova.fcsh.unl.pt\/icnova-nas-jornadas-de-outono-de-programa-interuniversitario\/#breadcrumb\"},\"inLanguage\":\"en-US\",\"potentialAction\":[{\"@type\":\"ReadAction\",\"target\":[\"https:\/\/www.icnova.fcsh.unl.pt\/icnova-nas-jornadas-de-outono-de-programa-interuniversitario\/\"]}]},{\"@type\":\"ImageObject\",\"inLanguage\":\"en-US\",\"@id\":\"https:\/\/www.icnova.fcsh.unl.pt\/icnova-nas-jornadas-de-outono-de-programa-interuniversitario\/#primaryimage\",\"url\":\"https:\/\/www.icnova.fcsh.unl.pt\/wp-content\/uploads\/2024\/11\/1731674981088-1.jpg\",\"contentUrl\":\"https:\/\/www.icnova.fcsh.unl.pt\/wp-content\/uploads\/2024\/11\/1731674981088-1.jpg\",\"width\":2048,\"height\":1536},{\"@type\":\"BreadcrumbList\",\"@id\":\"https:\/\/www.icnova.fcsh.unl.pt\/icnova-nas-jornadas-de-outono-de-programa-interuniversitario\/#breadcrumb\",\"itemListElement\":[{\"@type\":\"ListItem\",\"position\":1,\"name\":\"Home\",\"item\":\"https:\/\/www.icnova.fcsh.unl.pt\/en\/home\/\"},{\"@type\":\"ListItem\",\"position\":2,\"name\":\"ICNOVA nas Jornadas de Outono de programa interuniversit\u00e1rio\u00a0\"}]},{\"@type\":\"WebSite\",\"@id\":\"https:\/\/icnova.staging.widgilabs-sites.com\/#website\",\"url\":\"https:\/\/icnova.staging.widgilabs-sites.com\/\",\"name\":\"ICNOVA\",\"description\":\"INSTITUTO DE COMUNICA\u00c7\u00c3O DA NOVA\",\"publisher\":{\"@id\":\"https:\/\/icnova.staging.widgilabs-sites.com\/#organization\"},\"potentialAction\":[{\"@type\":\"SearchAction\",\"target\":{\"@type\":\"EntryPoint\",\"urlTemplate\":\"https:\/\/icnova.staging.widgilabs-sites.com\/?s={search_term_string}\"},\"query-input\":\"required name=search_term_string\"}],\"inLanguage\":\"en-US\"},{\"@type\":\"Organization\",\"@id\":\"https:\/\/icnova.staging.widgilabs-sites.com\/#organization\",\"name\":\"ICNOVA\",\"url\":\"https:\/\/icnova.staging.widgilabs-sites.com\/\",\"logo\":{\"@type\":\"ImageObject\",\"inLanguage\":\"en-US\",\"@id\":\"https:\/\/icnova.staging.widgilabs-sites.com\/#\/schema\/logo\/image\/\",\"url\":\"https:\/\/www.icnova.fcsh.unl.pt\/wp-content\/uploads\/2020\/02\/logo2.png\",\"contentUrl\":\"https:\/\/www.icnova.fcsh.unl.pt\/wp-content\/uploads\/2020\/02\/logo2.png\",\"width\":730,\"height\":209,\"caption\":\"ICNOVA\"},\"image\":{\"@id\":\"https:\/\/icnova.staging.widgilabs-sites.com\/#\/schema\/logo\/image\/\"}},{\"@type\":\"Person\",\"@id\":\"https:\/\/icnova.staging.widgilabs-sites.com\/#\/schema\/person\/448361a3369e91f99e516588a123c7ee\",\"name\":\"B\u00e1rbara B. Novaes\",\"image\":{\"@type\":\"ImageObject\",\"inLanguage\":\"en-US\",\"@id\":\"https:\/\/icnova.staging.widgilabs-sites.com\/#\/schema\/person\/image\/\",\"url\":\"https:\/\/secure.gravatar.com\/avatar\/980018600039737321d16d8a0fe94fbf?s=96&d=mm&r=g\",\"contentUrl\":\"https:\/\/secure.gravatar.com\/avatar\/980018600039737321d16d8a0fe94fbf?s=96&d=mm&r=g\",\"caption\":\"B\u00e1rbara B. Novaes\"},\"url\":\"https:\/\/www.icnova.fcsh.unl.pt\/en\/author\/barbarabergg\/\"}]}<\/script>\n<!-- \/ Yoast SEO plugin. -->","yoast_head_json":{"title":"ICNOVA nas Jornadas de Outono de programa interuniversit\u00e1rio\u00a0 - ICNOVA","robots":{"index":"index","follow":"follow","max-snippet":"max-snippet:-1","max-image-preview":"max-image-preview:large","max-video-preview":"max-video-preview:-1"},"canonical":"https:\/\/www.icnova.fcsh.unl.pt\/icnova-nas-jornadas-de-outono-de-programa-interuniversitario\/","og_locale":"en_US","og_type":"article","og_title":"ICNOVA nas Jornadas de Outono de programa interuniversit\u00e1rio\u00a0 - ICNOVA","og_description":"ICNOVA nas Jornadas de Outono de programa interuniversit\u00e1rio&nbsp; Nos passados dias 14 e 15 de Novembro,&nbsp;Alexandre Duarte,&nbsp;investigador integrado do&nbsp;GI de Comunica\u00e7\u00e3o Estrat\u00e9gica (CE) do&nbsp;ICNOVA,&nbsp;participou como convidado nas Jornadas de Outono do Programa de Doutoramento Interuniversit\u00e1rio de 4 universidades espanholas (Universidad de Sevilla,&nbsp;Universidad de M\u00e1laga,&nbsp;Universidad de Huelva, e&nbsp;Universidad de C\u00e1diz), e da&nbsp;Universidade Nova de Lisboa, em...","og_url":"https:\/\/www.icnova.fcsh.unl.pt\/icnova-nas-jornadas-de-outono-de-programa-interuniversitario\/","og_site_name":"ICNOVA","article_published_time":"2024-11-19T12:49:33+00:00","article_modified_time":"2024-11-21T16:59:45+00:00","og_image":[{"width":2048,"height":1536,"url":"https:\/\/www.icnova.fcsh.unl.pt\/wp-content\/uploads\/2024\/11\/1731674981088-1.jpg","type":"image\/jpeg"}],"author":"B\u00e1rbara B. Novaes","twitter_card":"summary_large_image","twitter_misc":{"Written by":"B\u00e1rbara B. Novaes","Est. reading time":"2 minutes"},"schema":{"@context":"https:\/\/schema.org","@graph":[{"@type":"Article","@id":"https:\/\/www.icnova.fcsh.unl.pt\/icnova-nas-jornadas-de-outono-de-programa-interuniversitario\/#article","isPartOf":{"@id":"https:\/\/www.icnova.fcsh.unl.pt\/icnova-nas-jornadas-de-outono-de-programa-interuniversitario\/"},"author":{"name":"B\u00e1rbara B. Novaes","@id":"https:\/\/icnova.staging.widgilabs-sites.com\/#\/schema\/person\/448361a3369e91f99e516588a123c7ee"},"headline":"ICNOVA nas Jornadas de Outono de programa interuniversit\u00e1rio\u00a0","datePublished":"2024-11-19T12:49:33+00:00","dateModified":"2024-11-21T16:59:45+00:00","mainEntityOfPage":{"@id":"https:\/\/www.icnova.fcsh.unl.pt\/icnova-nas-jornadas-de-outono-de-programa-interuniversitario\/"},"wordCount":158,"publisher":{"@id":"https:\/\/icnova.staging.widgilabs-sites.com\/#organization"},"image":{"@id":"https:\/\/www.icnova.fcsh.unl.pt\/icnova-nas-jornadas-de-outono-de-programa-interuniversitario\/#primaryimage"},"thumbnailUrl":"https:\/\/www.icnova.fcsh.unl.pt\/wp-content\/uploads\/2024\/11\/1731674981088-1.jpg","keywords":["Comunica\u00e7\u00e3o Estrat\u00e9gica"],"articleSection":["Not\u00edcias"],"inLanguage":"en-US"},{"@type":"WebPage","@id":"https:\/\/www.icnova.fcsh.unl.pt\/icnova-nas-jornadas-de-outono-de-programa-interuniversitario\/","url":"https:\/\/www.icnova.fcsh.unl.pt\/icnova-nas-jornadas-de-outono-de-programa-interuniversitario\/","name":"ICNOVA nas Jornadas de Outono de programa interuniversit\u00e1rio\u00a0 - ICNOVA","isPartOf":{"@id":"https:\/\/icnova.staging.widgilabs-sites.com\/#website"},"primaryImageOfPage":{"@id":"https:\/\/www.icnova.fcsh.unl.pt\/icnova-nas-jornadas-de-outono-de-programa-interuniversitario\/#primaryimage"},"image":{"@id":"https:\/\/www.icnova.fcsh.unl.pt\/icnova-nas-jornadas-de-outono-de-programa-interuniversitario\/#primaryimage"},"thumbnailUrl":"https:\/\/www.icnova.fcsh.unl.pt\/wp-content\/uploads\/2024\/11\/1731674981088-1.jpg","datePublished":"2024-11-19T12:49:33+00:00","dateModified":"2024-11-21T16:59:45+00:00","breadcrumb":{"@id":"https:\/\/www.icnova.fcsh.unl.pt\/icnova-nas-jornadas-de-outono-de-programa-interuniversitario\/#breadcrumb"},"inLanguage":"en-US","potentialAction":[{"@type":"ReadAction","target":["https:\/\/www.icnova.fcsh.unl.pt\/icnova-nas-jornadas-de-outono-de-programa-interuniversitario\/"]}]},{"@type":"ImageObject","inLanguage":"en-US","@id":"https:\/\/www.icnova.fcsh.unl.pt\/icnova-nas-jornadas-de-outono-de-programa-interuniversitario\/#primaryimage","url":"https:\/\/www.icnova.fcsh.unl.pt\/wp-content\/uploads\/2024\/11\/1731674981088-1.jpg","contentUrl":"https:\/\/www.icnova.fcsh.unl.pt\/wp-content\/uploads\/2024\/11\/1731674981088-1.jpg","width":2048,"height":1536},{"@type":"BreadcrumbList","@id":"https:\/\/www.icnova.fcsh.unl.pt\/icnova-nas-jornadas-de-outono-de-programa-interuniversitario\/#breadcrumb","itemListElement":[{"@type":"ListItem","position":1,"name":"Home","item":"https:\/\/www.icnova.fcsh.unl.pt\/en\/home\/"},{"@type":"ListItem","position":2,"name":"ICNOVA nas Jornadas de Outono de programa interuniversit\u00e1rio\u00a0"}]},{"@type":"WebSite","@id":"https:\/\/icnova.staging.widgilabs-sites.com\/#website","url":"https:\/\/icnova.staging.widgilabs-sites.com\/","name":"ICNOVA","description":"INSTITUTO DE COMUNICA\u00c7\u00c3O DA NOVA","publisher":{"@id":"https:\/\/icnova.staging.widgilabs-sites.com\/#organization"},"potentialAction":[{"@type":"SearchAction","target":{"@type":"EntryPoint","urlTemplate":"https:\/\/icnova.staging.widgilabs-sites.com\/?s={search_term_string}"},"query-input":"required name=search_term_string"}],"inLanguage":"en-US"},{"@type":"Organization","@id":"https:\/\/icnova.staging.widgilabs-sites.com\/#organization","name":"ICNOVA","url":"https:\/\/icnova.staging.widgilabs-sites.com\/","logo":{"@type":"ImageObject","inLanguage":"en-US","@id":"https:\/\/icnova.staging.widgilabs-sites.com\/#\/schema\/logo\/image\/","url":"https:\/\/www.icnova.fcsh.unl.pt\/wp-content\/uploads\/2020\/02\/logo2.png","contentUrl":"https:\/\/www.icnova.fcsh.unl.pt\/wp-content\/uploads\/2020\/02\/logo2.png","width":730,"height":209,"caption":"ICNOVA"},"image":{"@id":"https:\/\/icnova.staging.widgilabs-sites.com\/#\/schema\/logo\/image\/"}},{"@type":"Person","@id":"https:\/\/icnova.staging.widgilabs-sites.com\/#\/schema\/person\/448361a3369e91f99e516588a123c7ee","name":"B\u00e1rbara B. Novaes","image":{"@type":"ImageObject","inLanguage":"en-US","@id":"https:\/\/icnova.staging.widgilabs-sites.com\/#\/schema\/person\/image\/","url":"https:\/\/secure.gravatar.com\/avatar\/980018600039737321d16d8a0fe94fbf?s=96&d=mm&r=g","contentUrl":"https:\/\/secure.gravatar.com\/avatar\/980018600039737321d16d8a0fe94fbf?s=96&d=mm&r=g","caption":"B\u00e1rbara B. Novaes"},"url":"https:\/\/www.icnova.fcsh.unl.pt\/en\/author\/barbarabergg\/"}]}},"_links":{"self":[{"href":"https:\/\/www.icnova.fcsh.unl.pt\/en\/wp-json\/wp\/v2\/posts\/1003221"}],"collection":[{"href":"https:\/\/www.icnova.fcsh.unl.pt\/en\/wp-json\/wp\/v2\/posts"}],"about":[{"href":"https:\/\/www.icnova.fcsh.unl.pt\/en\/wp-json\/wp\/v2\/types\/post"}],"author":[{"embeddable":true,"href":"https:\/\/www.icnova.fcsh.unl.pt\/en\/wp-json\/wp\/v2\/users\/12"}],"replies":[{"embeddable":true,"href":"https:\/\/www.icnova.fcsh.unl.pt\/en\/wp-json\/wp\/v2\/comments?post=1003221"}],"version-history":[{"count":1,"href":"https:\/\/www.icnova.fcsh.unl.pt\/en\/wp-json\/wp\/v2\/posts\/1003221\/revisions"}],"predecessor-version":[{"id":1003230,"href":"https:\/\/www.icnova.fcsh.unl.pt\/en\/wp-json\/wp\/v2\/posts\/1003221\/revisions\/1003230"}],"wp:featuredmedia":[{"embeddable":true,"href":"https:\/\/www.icnova.fcsh.unl.pt\/en\/wp-json\/wp\/v2\/media\/1003231"}],"wp:attachment":[{"href":"https:\/\/www.icnova.fcsh.unl.pt\/en\/wp-json\/wp\/v2\/media?parent=1003221"}],"wp:term":[{"taxonomy":"category","embeddable":true,"href":"https:\/\/www.icnova.fcsh.unl.pt\/en\/wp-json\/wp\/v2\/categories?post=1003221"},{"taxonomy":"post_tag","embeddable":true,"href":"https:\/\/www.icnova.fcsh.unl.pt\/en\/wp-json\/wp\/v2\/tags?post=1003221"}],"curies":[{"name":"wp","href":"https:\/\/api.w.org\/{rel}","templated":true}]}}