{"id":1003255,"date":"2024-11-26T15:32:33","date_gmt":"2024-11-26T15:32:33","guid":{"rendered":"https:\/\/www.icnova.fcsh.unl.pt\/?p=1003255"},"modified":"2024-11-28T10:37:32","modified_gmt":"2024-11-28T10:37:32","slug":"investigadora-do-icnova-participa-como-oradora-convidada-na-conferencia-organizacoes-e-gestao-em-saude","status":"publish","type":"post","link":"https:\/\/www.icnova.fcsh.unl.pt\/en\/investigadora-do-icnova-participa-como-oradora-convidada-na-conferencia-organizacoes-e-gestao-em-saude\/","title":{"rendered":"ICNOVA participa na Confer\u00eancia Organiza\u00e7\u00f5es e Gest\u00e3o em Sa\u00fade"},"content":{"rendered":"<div class=\"vgblk-rw-wrapper limit-wrapper\">\n<h6 class=\"wp-block-heading\"><strong>No dia 25 de novembro Ana Margarida Barreto, vice-coordenadora do Grupo de Investiga\u00e7\u00e3o em Comunica\u00e7\u00e3o Estrat\u00e9gica e investigadora do ICNOVA,\u00a0participou como oradora convidada na 1.\u00aa edi\u00e7\u00e3o da\u00a0Confer\u00eancia Organiza\u00e7\u00f5es e Gest\u00e3o em Sa\u00fade, promovida pela NOVA Health da Universidade Nova de Lisboa. <\/strong><\/h6>\n\n\n\n<p>O evento tratou-se de uma iniciativa que abordou assuntos diversos, nomeadamente comunica\u00e7\u00e3o e organiza\u00e7\u00f5es em sa\u00fade e Recursos Humanos na \u00e1rea da sa\u00fade. Consolidou-se como um evento de aprendizagem e divulga\u00e7\u00e3o de temas referentes \u00e0 Sa\u00fade em Portugal e contribuiu para a forma\u00e7\u00e3o de futuros e atuais profissionais, relativamente \u00e0s sinergias entre as \u00e1reas da Sa\u00fade e da Gest\u00e3o.<\/p>\n\n\n\n<p>Ana Margarida Barreto apresentou a comunica\u00e7\u00e3o &#8220;Improving Healthcare Systems with Communication&#8221; no evento, que decorreu no audit\u00f3rio da Reitoria da Universidade NOVA de Lisboa.<\/p>\n\n\n\n<p>Consulte a programa\u00e7\u00e3o completa do evento <a href=\"https:\/\/www.icnova.fcsh.unl.pt\/wp-content\/uploads\/2024\/11\/Programa_Organizacoes-e-Gestao-em-Saude.pdf\">aqui.<\/a><\/p>\n\n\n\n<p>A <strong>NOVASa\u00fade<\/strong>&nbsp;\u2013&nbsp;<strong>Organiza\u00e7\u00f5es e Gest\u00e3o em Sa\u00fade<\/strong> promove a investiga\u00e7\u00e3o e a inova\u00e7\u00e3o na intersec\u00e7\u00e3o das organiza\u00e7\u00f5es e gest\u00e3o de sa\u00fade. Sua miss\u00e3o \u00e9 contribuir com evid\u00eancias para o avan\u00e7o do conhecimento, informar as pol\u00edticas e pr\u00e1ticas de sa\u00fade por meio de uma investiga\u00e7\u00e3o rigorosa, colabora\u00e7\u00e3o e um compromisso para educar a pr\u00f3xima gera\u00e7\u00e3o de l\u00edderes e gestores de sa\u00fade. <\/p>\n\n\n\n<p>Mais informa\u00e7\u00f5es dispon\u00edveis&nbsp;no site do evento <a href=\"https:\/\/novahealth.unl.pt\/nova-health-anual-conference-organization-and-management-in-health\/\" target=\"_blank\" rel=\"noreferrer noopener\">aqui<\/a>.<br><br><\/p>\n<\/div><!-- .vgblk-rw-wrapper -->","protected":false},"excerpt":{"rendered":"<p>No dia 25 de novembro Ana Margarida Barreto, vice-coordenadora do Grupo de Investiga\u00e7\u00e3o em Comunica\u00e7\u00e3o Estrat\u00e9gica e investigadora do ICNOVA,\u00a0participou como oradora convidada na 1.\u00aa edi\u00e7\u00e3o da\u00a0Confer\u00eancia Organiza\u00e7\u00f5es e Gest\u00e3o em Sa\u00fade, promovida pela NOVA Health da Universidade Nova de Lisboa. O evento tratou-se de uma iniciativa que abordou assuntos diversos, nomeadamente comunica\u00e7\u00e3o e organiza\u00e7\u00f5es&#8230;<\/p>\n","protected":false},"author":12,"featured_media":1003256,"comment_status":"closed","ping_status":"closed","sticky":false,"template":"","format":"standard","meta":{"footnotes":""},"categories":[43,40],"tags":[187],"class_list":["post-1003255","post","type-post","status-publish","format-standard","has-post-thumbnail","hentry","category-eventos","category-news","tag-comunicacao-estrategica"],"acf":[],"yoast_head":"<!-- This site is optimized with the Yoast SEO plugin v23.2 - https:\/\/yoast.com\/wordpress\/plugins\/seo\/ -->\n<title>ICNOVA participa na Confer\u00eancia Organiza\u00e7\u00f5es e Gest\u00e3o em Sa\u00fade - ICNOVA<\/title>\n<meta name=\"robots\" content=\"index, follow, max-snippet:-1, max-image-preview:large, max-video-preview:-1\" \/>\n<link rel=\"canonical\" href=\"https:\/\/www.icnova.fcsh.unl.pt\/investigadora-do-icnova-participa-como-oradora-convidada-na-conferencia-organizacoes-e-gestao-em-saude\/\" \/>\n<meta property=\"og:locale\" content=\"en_US\" \/>\n<meta property=\"og:type\" content=\"article\" \/>\n<meta property=\"og:title\" content=\"ICNOVA participa na Confer\u00eancia Organiza\u00e7\u00f5es e Gest\u00e3o em Sa\u00fade - ICNOVA\" \/>\n<meta property=\"og:description\" content=\"No dia 25 de novembro Ana Margarida Barreto, vice-coordenadora do Grupo de Investiga\u00e7\u00e3o em Comunica\u00e7\u00e3o Estrat\u00e9gica e investigadora do ICNOVA,\u00a0participou como oradora convidada na 1.\u00aa edi\u00e7\u00e3o da\u00a0Confer\u00eancia Organiza\u00e7\u00f5es e Gest\u00e3o em Sa\u00fade, promovida pela NOVA Health da Universidade Nova de Lisboa. O evento tratou-se de uma iniciativa que abordou assuntos diversos, nomeadamente comunica\u00e7\u00e3o e organiza\u00e7\u00f5es...\" \/>\n<meta property=\"og:url\" content=\"https:\/\/www.icnova.fcsh.unl.pt\/investigadora-do-icnova-participa-como-oradora-convidada-na-conferencia-organizacoes-e-gestao-em-saude\/\" \/>\n<meta property=\"og:site_name\" content=\"ICNOVA\" \/>\n<meta property=\"article:published_time\" content=\"2024-11-26T15:32:33+00:00\" \/>\n<meta property=\"article:modified_time\" content=\"2024-11-28T10:37:32+00:00\" \/>\n<meta property=\"og:image\" content=\"https:\/\/www.icnova.fcsh.unl.pt\/wp-content\/uploads\/2024\/11\/ConfNOVAHealth_savethedate-01-1.jpg\" \/>\n\t<meta property=\"og:image:width\" content=\"1875\" \/>\n\t<meta property=\"og:image:height\" content=\"998\" \/>\n\t<meta property=\"og:image:type\" content=\"image\/jpeg\" \/>\n<meta name=\"author\" content=\"B\u00e1rbara B. Novaes\" \/>\n<meta name=\"twitter:card\" content=\"summary_large_image\" \/>\n<meta name=\"twitter:label1\" content=\"Written by\" \/>\n\t<meta name=\"twitter:data1\" content=\"B\u00e1rbara B. Novaes\" \/>\n\t<meta name=\"twitter:label2\" content=\"Est. reading time\" \/>\n\t<meta name=\"twitter:data2\" content=\"2 minutes\" \/>\n<script type=\"application\/ld+json\" class=\"yoast-schema-graph\">{\"@context\":\"https:\/\/schema.org\",\"@graph\":[{\"@type\":\"Article\",\"@id\":\"https:\/\/www.icnova.fcsh.unl.pt\/investigadora-do-icnova-participa-como-oradora-convidada-na-conferencia-organizacoes-e-gestao-em-saude\/#article\",\"isPartOf\":{\"@id\":\"https:\/\/www.icnova.fcsh.unl.pt\/investigadora-do-icnova-participa-como-oradora-convidada-na-conferencia-organizacoes-e-gestao-em-saude\/\"},\"author\":{\"name\":\"B\u00e1rbara B. Novaes\",\"@id\":\"https:\/\/icnova.staging.widgilabs-sites.com\/#\/schema\/person\/448361a3369e91f99e516588a123c7ee\"},\"headline\":\"ICNOVA participa na Confer\u00eancia Organiza\u00e7\u00f5es e Gest\u00e3o em Sa\u00fade\",\"datePublished\":\"2024-11-26T15:32:33+00:00\",\"dateModified\":\"2024-11-28T10:37:32+00:00\",\"mainEntityOfPage\":{\"@id\":\"https:\/\/www.icnova.fcsh.unl.pt\/investigadora-do-icnova-participa-como-oradora-convidada-na-conferencia-organizacoes-e-gestao-em-saude\/\"},\"wordCount\":257,\"publisher\":{\"@id\":\"https:\/\/icnova.staging.widgilabs-sites.com\/#organization\"},\"image\":{\"@id\":\"https:\/\/www.icnova.fcsh.unl.pt\/investigadora-do-icnova-participa-como-oradora-convidada-na-conferencia-organizacoes-e-gestao-em-saude\/#primaryimage\"},\"thumbnailUrl\":\"https:\/\/www.icnova.fcsh.unl.pt\/wp-content\/uploads\/2024\/11\/ConfNOVAHealth_savethedate-01-1.jpg\",\"keywords\":[\"Comunica\u00e7\u00e3o Estrat\u00e9gica\"],\"articleSection\":[\"Eventos\",\"Not\u00edcias\"],\"inLanguage\":\"en-US\"},{\"@type\":\"WebPage\",\"@id\":\"https:\/\/www.icnova.fcsh.unl.pt\/investigadora-do-icnova-participa-como-oradora-convidada-na-conferencia-organizacoes-e-gestao-em-saude\/\",\"url\":\"https:\/\/www.icnova.fcsh.unl.pt\/investigadora-do-icnova-participa-como-oradora-convidada-na-conferencia-organizacoes-e-gestao-em-saude\/\",\"name\":\"ICNOVA participa na Confer\u00eancia Organiza\u00e7\u00f5es e Gest\u00e3o em Sa\u00fade - ICNOVA\",\"isPartOf\":{\"@id\":\"https:\/\/icnova.staging.widgilabs-sites.com\/#website\"},\"primaryImageOfPage\":{\"@id\":\"https:\/\/www.icnova.fcsh.unl.pt\/investigadora-do-icnova-participa-como-oradora-convidada-na-conferencia-organizacoes-e-gestao-em-saude\/#primaryimage\"},\"image\":{\"@id\":\"https:\/\/www.icnova.fcsh.unl.pt\/investigadora-do-icnova-participa-como-oradora-convidada-na-conferencia-organizacoes-e-gestao-em-saude\/#primaryimage\"},\"thumbnailUrl\":\"https:\/\/www.icnova.fcsh.unl.pt\/wp-content\/uploads\/2024\/11\/ConfNOVAHealth_savethedate-01-1.jpg\",\"datePublished\":\"2024-11-26T15:32:33+00:00\",\"dateModified\":\"2024-11-28T10:37:32+00:00\",\"breadcrumb\":{\"@id\":\"https:\/\/www.icnova.fcsh.unl.pt\/investigadora-do-icnova-participa-como-oradora-convidada-na-conferencia-organizacoes-e-gestao-em-saude\/#breadcrumb\"},\"inLanguage\":\"en-US\",\"potentialAction\":[{\"@type\":\"ReadAction\",\"target\":[\"https:\/\/www.icnova.fcsh.unl.pt\/investigadora-do-icnova-participa-como-oradora-convidada-na-conferencia-organizacoes-e-gestao-em-saude\/\"]}]},{\"@type\":\"ImageObject\",\"inLanguage\":\"en-US\",\"@id\":\"https:\/\/www.icnova.fcsh.unl.pt\/investigadora-do-icnova-participa-como-oradora-convidada-na-conferencia-organizacoes-e-gestao-em-saude\/#primaryimage\",\"url\":\"https:\/\/www.icnova.fcsh.unl.pt\/wp-content\/uploads\/2024\/11\/ConfNOVAHealth_savethedate-01-1.jpg\",\"contentUrl\":\"https:\/\/www.icnova.fcsh.unl.pt\/wp-content\/uploads\/2024\/11\/ConfNOVAHealth_savethedate-01-1.jpg\",\"width\":1875,\"height\":998},{\"@type\":\"BreadcrumbList\",\"@id\":\"https:\/\/www.icnova.fcsh.unl.pt\/investigadora-do-icnova-participa-como-oradora-convidada-na-conferencia-organizacoes-e-gestao-em-saude\/#breadcrumb\",\"itemListElement\":[{\"@type\":\"ListItem\",\"position\":1,\"name\":\"Home\",\"item\":\"https:\/\/www.icnova.fcsh.unl.pt\/en\/home\/\"},{\"@type\":\"ListItem\",\"position\":2,\"name\":\"ICNOVA participa na Confer\u00eancia Organiza\u00e7\u00f5es e Gest\u00e3o em Sa\u00fade\"}]},{\"@type\":\"WebSite\",\"@id\":\"https:\/\/icnova.staging.widgilabs-sites.com\/#website\",\"url\":\"https:\/\/icnova.staging.widgilabs-sites.com\/\",\"name\":\"ICNOVA\",\"description\":\"INSTITUTO DE COMUNICA\u00c7\u00c3O DA NOVA\",\"publisher\":{\"@id\":\"https:\/\/icnova.staging.widgilabs-sites.com\/#organization\"},\"potentialAction\":[{\"@type\":\"SearchAction\",\"target\":{\"@type\":\"EntryPoint\",\"urlTemplate\":\"https:\/\/icnova.staging.widgilabs-sites.com\/?s={search_term_string}\"},\"query-input\":\"required name=search_term_string\"}],\"inLanguage\":\"en-US\"},{\"@type\":\"Organization\",\"@id\":\"https:\/\/icnova.staging.widgilabs-sites.com\/#organization\",\"name\":\"ICNOVA\",\"url\":\"https:\/\/icnova.staging.widgilabs-sites.com\/\",\"logo\":{\"@type\":\"ImageObject\",\"inLanguage\":\"en-US\",\"@id\":\"https:\/\/icnova.staging.widgilabs-sites.com\/#\/schema\/logo\/image\/\",\"url\":\"https:\/\/www.icnova.fcsh.unl.pt\/wp-content\/uploads\/2020\/02\/logo2.png\",\"contentUrl\":\"https:\/\/www.icnova.fcsh.unl.pt\/wp-content\/uploads\/2020\/02\/logo2.png\",\"width\":730,\"height\":209,\"caption\":\"ICNOVA\"},\"image\":{\"@id\":\"https:\/\/icnova.staging.widgilabs-sites.com\/#\/schema\/logo\/image\/\"}},{\"@type\":\"Person\",\"@id\":\"https:\/\/icnova.staging.widgilabs-sites.com\/#\/schema\/person\/448361a3369e91f99e516588a123c7ee\",\"name\":\"B\u00e1rbara B. Novaes\",\"image\":{\"@type\":\"ImageObject\",\"inLanguage\":\"en-US\",\"@id\":\"https:\/\/icnova.staging.widgilabs-sites.com\/#\/schema\/person\/image\/\",\"url\":\"https:\/\/secure.gravatar.com\/avatar\/980018600039737321d16d8a0fe94fbf?s=96&d=mm&r=g\",\"contentUrl\":\"https:\/\/secure.gravatar.com\/avatar\/980018600039737321d16d8a0fe94fbf?s=96&d=mm&r=g\",\"caption\":\"B\u00e1rbara B. Novaes\"},\"url\":\"https:\/\/www.icnova.fcsh.unl.pt\/en\/author\/barbarabergg\/\"}]}<\/script>\n<!-- \/ Yoast SEO plugin. -->","yoast_head_json":{"title":"ICNOVA participa na Confer\u00eancia Organiza\u00e7\u00f5es e Gest\u00e3o em Sa\u00fade - ICNOVA","robots":{"index":"index","follow":"follow","max-snippet":"max-snippet:-1","max-image-preview":"max-image-preview:large","max-video-preview":"max-video-preview:-1"},"canonical":"https:\/\/www.icnova.fcsh.unl.pt\/investigadora-do-icnova-participa-como-oradora-convidada-na-conferencia-organizacoes-e-gestao-em-saude\/","og_locale":"en_US","og_type":"article","og_title":"ICNOVA participa na Confer\u00eancia Organiza\u00e7\u00f5es e Gest\u00e3o em Sa\u00fade - ICNOVA","og_description":"No dia 25 de novembro Ana Margarida Barreto, vice-coordenadora do Grupo de Investiga\u00e7\u00e3o em Comunica\u00e7\u00e3o Estrat\u00e9gica e investigadora do ICNOVA,\u00a0participou como oradora convidada na 1.\u00aa edi\u00e7\u00e3o da\u00a0Confer\u00eancia Organiza\u00e7\u00f5es e Gest\u00e3o em Sa\u00fade, promovida pela NOVA Health da Universidade Nova de Lisboa. O evento tratou-se de uma iniciativa que abordou assuntos diversos, nomeadamente comunica\u00e7\u00e3o e organiza\u00e7\u00f5es...","og_url":"https:\/\/www.icnova.fcsh.unl.pt\/investigadora-do-icnova-participa-como-oradora-convidada-na-conferencia-organizacoes-e-gestao-em-saude\/","og_site_name":"ICNOVA","article_published_time":"2024-11-26T15:32:33+00:00","article_modified_time":"2024-11-28T10:37:32+00:00","og_image":[{"width":1875,"height":998,"url":"https:\/\/www.icnova.fcsh.unl.pt\/wp-content\/uploads\/2024\/11\/ConfNOVAHealth_savethedate-01-1.jpg","type":"image\/jpeg"}],"author":"B\u00e1rbara B. Novaes","twitter_card":"summary_large_image","twitter_misc":{"Written by":"B\u00e1rbara B. Novaes","Est. reading time":"2 minutes"},"schema":{"@context":"https:\/\/schema.org","@graph":[{"@type":"Article","@id":"https:\/\/www.icnova.fcsh.unl.pt\/investigadora-do-icnova-participa-como-oradora-convidada-na-conferencia-organizacoes-e-gestao-em-saude\/#article","isPartOf":{"@id":"https:\/\/www.icnova.fcsh.unl.pt\/investigadora-do-icnova-participa-como-oradora-convidada-na-conferencia-organizacoes-e-gestao-em-saude\/"},"author":{"name":"B\u00e1rbara B. Novaes","@id":"https:\/\/icnova.staging.widgilabs-sites.com\/#\/schema\/person\/448361a3369e91f99e516588a123c7ee"},"headline":"ICNOVA participa na Confer\u00eancia Organiza\u00e7\u00f5es e Gest\u00e3o em Sa\u00fade","datePublished":"2024-11-26T15:32:33+00:00","dateModified":"2024-11-28T10:37:32+00:00","mainEntityOfPage":{"@id":"https:\/\/www.icnova.fcsh.unl.pt\/investigadora-do-icnova-participa-como-oradora-convidada-na-conferencia-organizacoes-e-gestao-em-saude\/"},"wordCount":257,"publisher":{"@id":"https:\/\/icnova.staging.widgilabs-sites.com\/#organization"},"image":{"@id":"https:\/\/www.icnova.fcsh.unl.pt\/investigadora-do-icnova-participa-como-oradora-convidada-na-conferencia-organizacoes-e-gestao-em-saude\/#primaryimage"},"thumbnailUrl":"https:\/\/www.icnova.fcsh.unl.pt\/wp-content\/uploads\/2024\/11\/ConfNOVAHealth_savethedate-01-1.jpg","keywords":["Comunica\u00e7\u00e3o Estrat\u00e9gica"],"articleSection":["Eventos","Not\u00edcias"],"inLanguage":"en-US"},{"@type":"WebPage","@id":"https:\/\/www.icnova.fcsh.unl.pt\/investigadora-do-icnova-participa-como-oradora-convidada-na-conferencia-organizacoes-e-gestao-em-saude\/","url":"https:\/\/www.icnova.fcsh.unl.pt\/investigadora-do-icnova-participa-como-oradora-convidada-na-conferencia-organizacoes-e-gestao-em-saude\/","name":"ICNOVA participa na Confer\u00eancia Organiza\u00e7\u00f5es e Gest\u00e3o em Sa\u00fade - ICNOVA","isPartOf":{"@id":"https:\/\/icnova.staging.widgilabs-sites.com\/#website"},"primaryImageOfPage":{"@id":"https:\/\/www.icnova.fcsh.unl.pt\/investigadora-do-icnova-participa-como-oradora-convidada-na-conferencia-organizacoes-e-gestao-em-saude\/#primaryimage"},"image":{"@id":"https:\/\/www.icnova.fcsh.unl.pt\/investigadora-do-icnova-participa-como-oradora-convidada-na-conferencia-organizacoes-e-gestao-em-saude\/#primaryimage"},"thumbnailUrl":"https:\/\/www.icnova.fcsh.unl.pt\/wp-content\/uploads\/2024\/11\/ConfNOVAHealth_savethedate-01-1.jpg","datePublished":"2024-11-26T15:32:33+00:00","dateModified":"2024-11-28T10:37:32+00:00","breadcrumb":{"@id":"https:\/\/www.icnova.fcsh.unl.pt\/investigadora-do-icnova-participa-como-oradora-convidada-na-conferencia-organizacoes-e-gestao-em-saude\/#breadcrumb"},"inLanguage":"en-US","potentialAction":[{"@type":"ReadAction","target":["https:\/\/www.icnova.fcsh.unl.pt\/investigadora-do-icnova-participa-como-oradora-convidada-na-conferencia-organizacoes-e-gestao-em-saude\/"]}]},{"@type":"ImageObject","inLanguage":"en-US","@id":"https:\/\/www.icnova.fcsh.unl.pt\/investigadora-do-icnova-participa-como-oradora-convidada-na-conferencia-organizacoes-e-gestao-em-saude\/#primaryimage","url":"https:\/\/www.icnova.fcsh.unl.pt\/wp-content\/uploads\/2024\/11\/ConfNOVAHealth_savethedate-01-1.jpg","contentUrl":"https:\/\/www.icnova.fcsh.unl.pt\/wp-content\/uploads\/2024\/11\/ConfNOVAHealth_savethedate-01-1.jpg","width":1875,"height":998},{"@type":"BreadcrumbList","@id":"https:\/\/www.icnova.fcsh.unl.pt\/investigadora-do-icnova-participa-como-oradora-convidada-na-conferencia-organizacoes-e-gestao-em-saude\/#breadcrumb","itemListElement":[{"@type":"ListItem","position":1,"name":"Home","item":"https:\/\/www.icnova.fcsh.unl.pt\/en\/home\/"},{"@type":"ListItem","position":2,"name":"ICNOVA participa na Confer\u00eancia Organiza\u00e7\u00f5es e Gest\u00e3o em Sa\u00fade"}]},{"@type":"WebSite","@id":"https:\/\/icnova.staging.widgilabs-sites.com\/#website","url":"https:\/\/icnova.staging.widgilabs-sites.com\/","name":"ICNOVA","description":"INSTITUTO DE COMUNICA\u00c7\u00c3O DA NOVA","publisher":{"@id":"https:\/\/icnova.staging.widgilabs-sites.com\/#organization"},"potentialAction":[{"@type":"SearchAction","target":{"@type":"EntryPoint","urlTemplate":"https:\/\/icnova.staging.widgilabs-sites.com\/?s={search_term_string}"},"query-input":"required name=search_term_string"}],"inLanguage":"en-US"},{"@type":"Organization","@id":"https:\/\/icnova.staging.widgilabs-sites.com\/#organization","name":"ICNOVA","url":"https:\/\/icnova.staging.widgilabs-sites.com\/","logo":{"@type":"ImageObject","inLanguage":"en-US","@id":"https:\/\/icnova.staging.widgilabs-sites.com\/#\/schema\/logo\/image\/","url":"https:\/\/www.icnova.fcsh.unl.pt\/wp-content\/uploads\/2020\/02\/logo2.png","contentUrl":"https:\/\/www.icnova.fcsh.unl.pt\/wp-content\/uploads\/2020\/02\/logo2.png","width":730,"height":209,"caption":"ICNOVA"},"image":{"@id":"https:\/\/icnova.staging.widgilabs-sites.com\/#\/schema\/logo\/image\/"}},{"@type":"Person","@id":"https:\/\/icnova.staging.widgilabs-sites.com\/#\/schema\/person\/448361a3369e91f99e516588a123c7ee","name":"B\u00e1rbara B. Novaes","image":{"@type":"ImageObject","inLanguage":"en-US","@id":"https:\/\/icnova.staging.widgilabs-sites.com\/#\/schema\/person\/image\/","url":"https:\/\/secure.gravatar.com\/avatar\/980018600039737321d16d8a0fe94fbf?s=96&d=mm&r=g","contentUrl":"https:\/\/secure.gravatar.com\/avatar\/980018600039737321d16d8a0fe94fbf?s=96&d=mm&r=g","caption":"B\u00e1rbara B. Novaes"},"url":"https:\/\/www.icnova.fcsh.unl.pt\/en\/author\/barbarabergg\/"}]}},"_links":{"self":[{"href":"https:\/\/www.icnova.fcsh.unl.pt\/en\/wp-json\/wp\/v2\/posts\/1003255"}],"collection":[{"href":"https:\/\/www.icnova.fcsh.unl.pt\/en\/wp-json\/wp\/v2\/posts"}],"about":[{"href":"https:\/\/www.icnova.fcsh.unl.pt\/en\/wp-json\/wp\/v2\/types\/post"}],"author":[{"embeddable":true,"href":"https:\/\/www.icnova.fcsh.unl.pt\/en\/wp-json\/wp\/v2\/users\/12"}],"replies":[{"embeddable":true,"href":"https:\/\/www.icnova.fcsh.unl.pt\/en\/wp-json\/wp\/v2\/comments?post=1003255"}],"version-history":[{"count":4,"href":"https:\/\/www.icnova.fcsh.unl.pt\/en\/wp-json\/wp\/v2\/posts\/1003255\/revisions"}],"predecessor-version":[{"id":1003277,"href":"https:\/\/www.icnova.fcsh.unl.pt\/en\/wp-json\/wp\/v2\/posts\/1003255\/revisions\/1003277"}],"wp:featuredmedia":[{"embeddable":true,"href":"https:\/\/www.icnova.fcsh.unl.pt\/en\/wp-json\/wp\/v2\/media\/1003256"}],"wp:attachment":[{"href":"https:\/\/www.icnova.fcsh.unl.pt\/en\/wp-json\/wp\/v2\/media?parent=1003255"}],"wp:term":[{"taxonomy":"category","embeddable":true,"href":"https:\/\/www.icnova.fcsh.unl.pt\/en\/wp-json\/wp\/v2\/categories?post=1003255"},{"taxonomy":"post_tag","embeddable":true,"href":"https:\/\/www.icnova.fcsh.unl.pt\/en\/wp-json\/wp\/v2\/tags?post=1003255"}],"curies":[{"name":"wp","href":"https:\/\/api.w.org\/{rel}","templated":true}]}}