{"id":1003281,"date":"2024-11-28T18:49:13","date_gmt":"2024-11-28T18:49:13","guid":{"rendered":"https:\/\/www.icnova.fcsh.unl.pt\/?p=1003281"},"modified":"2024-11-28T18:49:16","modified_gmt":"2024-11-28T18:49:16","slug":"7a-edicao-do-festival-de-audiovisual-nupepa-imargens-icnova-laps","status":"publish","type":"post","link":"https:\/\/www.icnova.fcsh.unl.pt\/en\/7a-edicao-do-festival-de-audiovisual-nupepa-imargens-icnova-laps\/","title":{"rendered":"7\u00aa Edi\u00e7\u00e3o do Festival de Audiovisual NUPEPA\/ImaRgens \u2013 ICNOVA\/LAPS"},"content":{"rendered":"<div class=\"vgblk-rw-wrapper limit-wrapper\">\n<p><strong>7\u00aa Edi\u00e7\u00e3o do Festival de Audiovisual NUPEPA\/ImaRgens \u2013 ICNOVA\/LAPS<\/strong><\/p>\n\n\n\n<p>A 7\u00aa edi\u00e7\u00e3o do Festival de Audiovisual NUPEPA\/ImaRgens, uma iniciativa do N\u00facleo de Pesquisa e Produ\u00e7\u00e3o em Audiovisual com o apoio do ICNOVA (NOVA\/FCSH) e do LAPS (FFLCH-USP), teve lugar em novembro de 2024. Este evento anual, que decorre desde 2018, tem como miss\u00e3o destacar produ\u00e7\u00f5es audiovisuais realizadas por investigadores nas \u00e1reas das humanidades e pelo p\u00fablico em geral.<\/p>\n\n\n\n<p>As obras inscritas no festival incluem curtas-metragens com dura\u00e7\u00e3o m\u00e1xima de 10 minutos e sequ\u00eancias fotogr\u00e1ficas compostas por at\u00e9 12 imagens, abordando tem\u00e1ticas relacionadas com a contribui\u00e7\u00e3o para as humanidades e o debate sociol\u00f3gico.<\/p>\n\n\n\n<p>O ponto alto da edi\u00e7\u00e3o foi o Evento de Premia\u00e7\u00e3o, realizado a 11 de novembro, com transmiss\u00e3o ao vivo pelo YouTube. A cerim\u00f3nia est\u00e1 dispon\u00edvel atrav\u00e9s da liga\u00e7\u00e3o: <a href=\"https:\/\/youtube.com\/live\/tP774yB7SGM\">https:\/\/youtube.com\/live\/tP774yB7SGM<\/a>.<\/p>\n\n\n\n<p>O painel de j\u00fari especial do festival foi composto por um grupo de professores, cineastas e investigadores, incluindo o Prof. Alessandro Campos, a roteirista e investigadora Anna Fl\u00e1via Salles, a Profa. Cleonice Elias, o Prof. Cristhian Caje e a roteirista, cineasta e investigadora In\u00eas Figueir\u00f3. Mais informa\u00e7\u00f5es sobre o j\u00fari est\u00e3o dispon\u00edveis <a href=\"https:\/\/www.imargens.com.br\/single-post\/conhe%C3%A7a-o-j%C3%BAri-especial-do-7%C2%BA-festival-de-audiovisual-nupepa-imargens-icnova-laps\">aqui<\/a>.<\/p>\n\n\n\n<p>A organiza\u00e7\u00e3o do evento contou com a dedica\u00e7\u00e3o dos doutorandos Allan H. Ferreira (ICNOVA\/FCSH), Ana Carolina Trevisan (IFILNOVA\/FCSH) e Marcus Repa (PPGS\/USP), tendo ainda marcado presen\u00e7a as professoras Cleonice Elias (membro do j\u00fari) e Sylvia Garcia (PPGS-USP).<\/p>\n\n\n\n<p>Dos 39 materiais selecionados para competi\u00e7\u00e3o, 13 receberam pr\u00e9mios do J\u00fari e\/ou do P\u00fablico em diversas categorias. A lista completa das obras premiadas pode ser consultada <a href=\"https:\/\/www.imargens.com.br\/single-post\/conhe%C3%A7a-os-vencedores-do-7%C2%BA-festival-de-audiovisual-nupepa-imargens-icnova-laps\">aqui<\/a>.<\/p>\n\n\n\n<p>Al\u00e9m dos vencedores, foram igualmente destacadas as obras finalistas e aquelas assinaladas pelo j\u00fari especial como destaques \u2013 produ\u00e7\u00f5es que, embora n\u00e3o tenham alcan\u00e7ado a final, obtiveram pelo menos duas notas m\u00e1ximas do j\u00fari. A rela\u00e7\u00e3o destas obras pode ser encontrada <a href=\"https:\/\/www.imargens.com.br\/single-post\/conhe%C3%A7a-os-finalistas-e-destaques-do-j%C3%BAri-especial-do-7%C2%BA-festival-de-audiovisual-do-nupepa-imargens\">neste link<\/a>.<\/p>\n\n\n\n<p>Os vencedores das categorias atribu\u00eddas pelo j\u00fari e pelo p\u00fablico receberam certificados de reconhecimento, assim como feedback individualizado do j\u00fari e das impress\u00f5es do p\u00fablico.<\/p>\n\n\n\n<p>Todas as obras participantes desta edi\u00e7\u00e3o, bem como de edi\u00e7\u00f5es anteriores, podem ser visualizadas no canal de YouTube do NUPEPA\/ImaRgens ICNOVA LAPS: <a href=\"http:\/\/www.youtube.com\/@nupepa-imargensicnova-laps4479\">www.youtube.com\/@nupepa-imargensicnova-laps4479<\/a>.<\/p>\n\n\n\n<p>O Festival de Audiovisual NUPEPA\/ImaRgens refor\u00e7a o compromisso do ICNOVA e dos seus parceiros em promover a reflex\u00e3o interdisciplinar e o di\u00e1logo atrav\u00e9s da produ\u00e7\u00e3o audiovisual, destacando o papel das artes na investiga\u00e7\u00e3o em humanidades e ci\u00eancias sociais.<\/p>\n\n\n\n<p><\/p>\n\n\n\n<p><\/p>\n<\/div><!-- .vgblk-rw-wrapper -->","protected":false},"excerpt":{"rendered":"<p>7\u00aa Edi\u00e7\u00e3o do Festival de Audiovisual NUPEPA\/ImaRgens \u2013 ICNOVA\/LAPS A 7\u00aa edi\u00e7\u00e3o do Festival de Audiovisual NUPEPA\/ImaRgens, uma iniciativa do N\u00facleo de Pesquisa e Produ\u00e7\u00e3o em Audiovisual com o apoio do ICNOVA (NOVA\/FCSH) e do LAPS (FFLCH-USP), teve lugar em novembro de 2024. Este evento anual, que decorre desde 2018, tem como miss\u00e3o destacar produ\u00e7\u00f5es&#8230;<\/p>\n","protected":false},"author":12,"featured_media":1003282,"comment_status":"closed","ping_status":"closed","sticky":false,"template":"","format":"standard","meta":{"footnotes":""},"categories":[43,40],"tags":[185],"class_list":["post-1003281","post","type-post","status-publish","format-standard","has-post-thumbnail","hentry","category-eventos","category-news","tag-media-e-jornalismo"],"acf":[],"yoast_head":"<!-- This site is optimized with the Yoast SEO plugin v23.2 - https:\/\/yoast.com\/wordpress\/plugins\/seo\/ -->\n<title>7\u00aa Edi\u00e7\u00e3o do Festival de Audiovisual NUPEPA\/ImaRgens \u2013 ICNOVA\/LAPS - ICNOVA<\/title>\n<meta name=\"robots\" content=\"index, follow, max-snippet:-1, max-image-preview:large, max-video-preview:-1\" \/>\n<link rel=\"canonical\" href=\"https:\/\/www.icnova.fcsh.unl.pt\/7a-edicao-do-festival-de-audiovisual-nupepa-imargens-icnova-laps\/\" \/>\n<meta property=\"og:locale\" content=\"en_US\" \/>\n<meta property=\"og:type\" content=\"article\" \/>\n<meta property=\"og:title\" content=\"7\u00aa Edi\u00e7\u00e3o do Festival de Audiovisual NUPEPA\/ImaRgens \u2013 ICNOVA\/LAPS - ICNOVA\" \/>\n<meta property=\"og:description\" content=\"7\u00aa Edi\u00e7\u00e3o do Festival de Audiovisual NUPEPA\/ImaRgens \u2013 ICNOVA\/LAPS A 7\u00aa edi\u00e7\u00e3o do Festival de Audiovisual NUPEPA\/ImaRgens, uma iniciativa do N\u00facleo de Pesquisa e Produ\u00e7\u00e3o em Audiovisual com o apoio do ICNOVA (NOVA\/FCSH) e do LAPS (FFLCH-USP), teve lugar em novembro de 2024. Este evento anual, que decorre desde 2018, tem como miss\u00e3o destacar produ\u00e7\u00f5es...\" \/>\n<meta property=\"og:url\" content=\"https:\/\/www.icnova.fcsh.unl.pt\/7a-edicao-do-festival-de-audiovisual-nupepa-imargens-icnova-laps\/\" \/>\n<meta property=\"og:site_name\" content=\"ICNOVA\" \/>\n<meta property=\"article:published_time\" content=\"2024-11-28T18:49:13+00:00\" \/>\n<meta property=\"article:modified_time\" content=\"2024-11-28T18:49:16+00:00\" \/>\n<meta property=\"og:image\" content=\"https:\/\/www.icnova.fcsh.unl.pt\/wp-content\/uploads\/2024\/11\/7-Festival.jpg\" \/>\n\t<meta property=\"og:image:width\" content=\"1167\" \/>\n\t<meta property=\"og:image:height\" content=\"1172\" \/>\n\t<meta property=\"og:image:type\" content=\"image\/jpeg\" \/>\n<meta name=\"author\" content=\"B\u00e1rbara B. Novaes\" \/>\n<meta name=\"twitter:card\" content=\"summary_large_image\" \/>\n<meta name=\"twitter:label1\" content=\"Written by\" \/>\n\t<meta name=\"twitter:data1\" content=\"B\u00e1rbara B. Novaes\" \/>\n\t<meta name=\"twitter:label2\" content=\"Est. reading time\" \/>\n\t<meta name=\"twitter:data2\" content=\"3 minutes\" \/>\n<script type=\"application\/ld+json\" class=\"yoast-schema-graph\">{\"@context\":\"https:\/\/schema.org\",\"@graph\":[{\"@type\":\"Article\",\"@id\":\"https:\/\/www.icnova.fcsh.unl.pt\/7a-edicao-do-festival-de-audiovisual-nupepa-imargens-icnova-laps\/#article\",\"isPartOf\":{\"@id\":\"https:\/\/www.icnova.fcsh.unl.pt\/7a-edicao-do-festival-de-audiovisual-nupepa-imargens-icnova-laps\/\"},\"author\":{\"name\":\"B\u00e1rbara B. Novaes\",\"@id\":\"https:\/\/icnova.staging.widgilabs-sites.com\/#\/schema\/person\/448361a3369e91f99e516588a123c7ee\"},\"headline\":\"7\u00aa Edi\u00e7\u00e3o do Festival de Audiovisual NUPEPA\/ImaRgens \u2013 ICNOVA\/LAPS\",\"datePublished\":\"2024-11-28T18:49:13+00:00\",\"dateModified\":\"2024-11-28T18:49:16+00:00\",\"mainEntityOfPage\":{\"@id\":\"https:\/\/www.icnova.fcsh.unl.pt\/7a-edicao-do-festival-de-audiovisual-nupepa-imargens-icnova-laps\/\"},\"wordCount\":454,\"publisher\":{\"@id\":\"https:\/\/icnova.staging.widgilabs-sites.com\/#organization\"},\"image\":{\"@id\":\"https:\/\/www.icnova.fcsh.unl.pt\/7a-edicao-do-festival-de-audiovisual-nupepa-imargens-icnova-laps\/#primaryimage\"},\"thumbnailUrl\":\"https:\/\/www.icnova.fcsh.unl.pt\/wp-content\/uploads\/2024\/11\/7-Festival.jpg\",\"keywords\":[\"Media e Jornalismo\"],\"articleSection\":[\"Eventos\",\"Not\u00edcias\"],\"inLanguage\":\"en-US\"},{\"@type\":\"WebPage\",\"@id\":\"https:\/\/www.icnova.fcsh.unl.pt\/7a-edicao-do-festival-de-audiovisual-nupepa-imargens-icnova-laps\/\",\"url\":\"https:\/\/www.icnova.fcsh.unl.pt\/7a-edicao-do-festival-de-audiovisual-nupepa-imargens-icnova-laps\/\",\"name\":\"7\u00aa Edi\u00e7\u00e3o do Festival de Audiovisual NUPEPA\/ImaRgens \u2013 ICNOVA\/LAPS - ICNOVA\",\"isPartOf\":{\"@id\":\"https:\/\/icnova.staging.widgilabs-sites.com\/#website\"},\"primaryImageOfPage\":{\"@id\":\"https:\/\/www.icnova.fcsh.unl.pt\/7a-edicao-do-festival-de-audiovisual-nupepa-imargens-icnova-laps\/#primaryimage\"},\"image\":{\"@id\":\"https:\/\/www.icnova.fcsh.unl.pt\/7a-edicao-do-festival-de-audiovisual-nupepa-imargens-icnova-laps\/#primaryimage\"},\"thumbnailUrl\":\"https:\/\/www.icnova.fcsh.unl.pt\/wp-content\/uploads\/2024\/11\/7-Festival.jpg\",\"datePublished\":\"2024-11-28T18:49:13+00:00\",\"dateModified\":\"2024-11-28T18:49:16+00:00\",\"breadcrumb\":{\"@id\":\"https:\/\/www.icnova.fcsh.unl.pt\/7a-edicao-do-festival-de-audiovisual-nupepa-imargens-icnova-laps\/#breadcrumb\"},\"inLanguage\":\"en-US\",\"potentialAction\":[{\"@type\":\"ReadAction\",\"target\":[\"https:\/\/www.icnova.fcsh.unl.pt\/7a-edicao-do-festival-de-audiovisual-nupepa-imargens-icnova-laps\/\"]}]},{\"@type\":\"ImageObject\",\"inLanguage\":\"en-US\",\"@id\":\"https:\/\/www.icnova.fcsh.unl.pt\/7a-edicao-do-festival-de-audiovisual-nupepa-imargens-icnova-laps\/#primaryimage\",\"url\":\"https:\/\/www.icnova.fcsh.unl.pt\/wp-content\/uploads\/2024\/11\/7-Festival.jpg\",\"contentUrl\":\"https:\/\/www.icnova.fcsh.unl.pt\/wp-content\/uploads\/2024\/11\/7-Festival.jpg\",\"width\":1167,\"height\":1172},{\"@type\":\"BreadcrumbList\",\"@id\":\"https:\/\/www.icnova.fcsh.unl.pt\/7a-edicao-do-festival-de-audiovisual-nupepa-imargens-icnova-laps\/#breadcrumb\",\"itemListElement\":[{\"@type\":\"ListItem\",\"position\":1,\"name\":\"Home\",\"item\":\"https:\/\/www.icnova.fcsh.unl.pt\/en\/home\/\"},{\"@type\":\"ListItem\",\"position\":2,\"name\":\"7\u00aa Edi\u00e7\u00e3o do Festival de Audiovisual NUPEPA\/ImaRgens \u2013 ICNOVA\/LAPS\"}]},{\"@type\":\"WebSite\",\"@id\":\"https:\/\/icnova.staging.widgilabs-sites.com\/#website\",\"url\":\"https:\/\/icnova.staging.widgilabs-sites.com\/\",\"name\":\"ICNOVA\",\"description\":\"INSTITUTO DE COMUNICA\u00c7\u00c3O DA NOVA\",\"publisher\":{\"@id\":\"https:\/\/icnova.staging.widgilabs-sites.com\/#organization\"},\"potentialAction\":[{\"@type\":\"SearchAction\",\"target\":{\"@type\":\"EntryPoint\",\"urlTemplate\":\"https:\/\/icnova.staging.widgilabs-sites.com\/?s={search_term_string}\"},\"query-input\":\"required name=search_term_string\"}],\"inLanguage\":\"en-US\"},{\"@type\":\"Organization\",\"@id\":\"https:\/\/icnova.staging.widgilabs-sites.com\/#organization\",\"name\":\"ICNOVA\",\"url\":\"https:\/\/icnova.staging.widgilabs-sites.com\/\",\"logo\":{\"@type\":\"ImageObject\",\"inLanguage\":\"en-US\",\"@id\":\"https:\/\/icnova.staging.widgilabs-sites.com\/#\/schema\/logo\/image\/\",\"url\":\"https:\/\/www.icnova.fcsh.unl.pt\/wp-content\/uploads\/2020\/02\/logo2.png\",\"contentUrl\":\"https:\/\/www.icnova.fcsh.unl.pt\/wp-content\/uploads\/2020\/02\/logo2.png\",\"width\":730,\"height\":209,\"caption\":\"ICNOVA\"},\"image\":{\"@id\":\"https:\/\/icnova.staging.widgilabs-sites.com\/#\/schema\/logo\/image\/\"}},{\"@type\":\"Person\",\"@id\":\"https:\/\/icnova.staging.widgilabs-sites.com\/#\/schema\/person\/448361a3369e91f99e516588a123c7ee\",\"name\":\"B\u00e1rbara B. Novaes\",\"image\":{\"@type\":\"ImageObject\",\"inLanguage\":\"en-US\",\"@id\":\"https:\/\/icnova.staging.widgilabs-sites.com\/#\/schema\/person\/image\/\",\"url\":\"https:\/\/secure.gravatar.com\/avatar\/980018600039737321d16d8a0fe94fbf?s=96&d=mm&r=g\",\"contentUrl\":\"https:\/\/secure.gravatar.com\/avatar\/980018600039737321d16d8a0fe94fbf?s=96&d=mm&r=g\",\"caption\":\"B\u00e1rbara B. Novaes\"},\"url\":\"https:\/\/www.icnova.fcsh.unl.pt\/en\/author\/barbarabergg\/\"}]}<\/script>\n<!-- \/ Yoast SEO plugin. -->","yoast_head_json":{"title":"7\u00aa Edi\u00e7\u00e3o do Festival de Audiovisual NUPEPA\/ImaRgens \u2013 ICNOVA\/LAPS - ICNOVA","robots":{"index":"index","follow":"follow","max-snippet":"max-snippet:-1","max-image-preview":"max-image-preview:large","max-video-preview":"max-video-preview:-1"},"canonical":"https:\/\/www.icnova.fcsh.unl.pt\/7a-edicao-do-festival-de-audiovisual-nupepa-imargens-icnova-laps\/","og_locale":"en_US","og_type":"article","og_title":"7\u00aa Edi\u00e7\u00e3o do Festival de Audiovisual NUPEPA\/ImaRgens \u2013 ICNOVA\/LAPS - ICNOVA","og_description":"7\u00aa Edi\u00e7\u00e3o do Festival de Audiovisual NUPEPA\/ImaRgens \u2013 ICNOVA\/LAPS A 7\u00aa edi\u00e7\u00e3o do Festival de Audiovisual NUPEPA\/ImaRgens, uma iniciativa do N\u00facleo de Pesquisa e Produ\u00e7\u00e3o em Audiovisual com o apoio do ICNOVA (NOVA\/FCSH) e do LAPS (FFLCH-USP), teve lugar em novembro de 2024. Este evento anual, que decorre desde 2018, tem como miss\u00e3o destacar produ\u00e7\u00f5es...","og_url":"https:\/\/www.icnova.fcsh.unl.pt\/7a-edicao-do-festival-de-audiovisual-nupepa-imargens-icnova-laps\/","og_site_name":"ICNOVA","article_published_time":"2024-11-28T18:49:13+00:00","article_modified_time":"2024-11-28T18:49:16+00:00","og_image":[{"width":1167,"height":1172,"url":"https:\/\/www.icnova.fcsh.unl.pt\/wp-content\/uploads\/2024\/11\/7-Festival.jpg","type":"image\/jpeg"}],"author":"B\u00e1rbara B. Novaes","twitter_card":"summary_large_image","twitter_misc":{"Written by":"B\u00e1rbara B. Novaes","Est. reading time":"3 minutes"},"schema":{"@context":"https:\/\/schema.org","@graph":[{"@type":"Article","@id":"https:\/\/www.icnova.fcsh.unl.pt\/7a-edicao-do-festival-de-audiovisual-nupepa-imargens-icnova-laps\/#article","isPartOf":{"@id":"https:\/\/www.icnova.fcsh.unl.pt\/7a-edicao-do-festival-de-audiovisual-nupepa-imargens-icnova-laps\/"},"author":{"name":"B\u00e1rbara B. Novaes","@id":"https:\/\/icnova.staging.widgilabs-sites.com\/#\/schema\/person\/448361a3369e91f99e516588a123c7ee"},"headline":"7\u00aa Edi\u00e7\u00e3o do Festival de Audiovisual NUPEPA\/ImaRgens \u2013 ICNOVA\/LAPS","datePublished":"2024-11-28T18:49:13+00:00","dateModified":"2024-11-28T18:49:16+00:00","mainEntityOfPage":{"@id":"https:\/\/www.icnova.fcsh.unl.pt\/7a-edicao-do-festival-de-audiovisual-nupepa-imargens-icnova-laps\/"},"wordCount":454,"publisher":{"@id":"https:\/\/icnova.staging.widgilabs-sites.com\/#organization"},"image":{"@id":"https:\/\/www.icnova.fcsh.unl.pt\/7a-edicao-do-festival-de-audiovisual-nupepa-imargens-icnova-laps\/#primaryimage"},"thumbnailUrl":"https:\/\/www.icnova.fcsh.unl.pt\/wp-content\/uploads\/2024\/11\/7-Festival.jpg","keywords":["Media e Jornalismo"],"articleSection":["Eventos","Not\u00edcias"],"inLanguage":"en-US"},{"@type":"WebPage","@id":"https:\/\/www.icnova.fcsh.unl.pt\/7a-edicao-do-festival-de-audiovisual-nupepa-imargens-icnova-laps\/","url":"https:\/\/www.icnova.fcsh.unl.pt\/7a-edicao-do-festival-de-audiovisual-nupepa-imargens-icnova-laps\/","name":"7\u00aa Edi\u00e7\u00e3o do Festival de Audiovisual NUPEPA\/ImaRgens \u2013 ICNOVA\/LAPS - ICNOVA","isPartOf":{"@id":"https:\/\/icnova.staging.widgilabs-sites.com\/#website"},"primaryImageOfPage":{"@id":"https:\/\/www.icnova.fcsh.unl.pt\/7a-edicao-do-festival-de-audiovisual-nupepa-imargens-icnova-laps\/#primaryimage"},"image":{"@id":"https:\/\/www.icnova.fcsh.unl.pt\/7a-edicao-do-festival-de-audiovisual-nupepa-imargens-icnova-laps\/#primaryimage"},"thumbnailUrl":"https:\/\/www.icnova.fcsh.unl.pt\/wp-content\/uploads\/2024\/11\/7-Festival.jpg","datePublished":"2024-11-28T18:49:13+00:00","dateModified":"2024-11-28T18:49:16+00:00","breadcrumb":{"@id":"https:\/\/www.icnova.fcsh.unl.pt\/7a-edicao-do-festival-de-audiovisual-nupepa-imargens-icnova-laps\/#breadcrumb"},"inLanguage":"en-US","potentialAction":[{"@type":"ReadAction","target":["https:\/\/www.icnova.fcsh.unl.pt\/7a-edicao-do-festival-de-audiovisual-nupepa-imargens-icnova-laps\/"]}]},{"@type":"ImageObject","inLanguage":"en-US","@id":"https:\/\/www.icnova.fcsh.unl.pt\/7a-edicao-do-festival-de-audiovisual-nupepa-imargens-icnova-laps\/#primaryimage","url":"https:\/\/www.icnova.fcsh.unl.pt\/wp-content\/uploads\/2024\/11\/7-Festival.jpg","contentUrl":"https:\/\/www.icnova.fcsh.unl.pt\/wp-content\/uploads\/2024\/11\/7-Festival.jpg","width":1167,"height":1172},{"@type":"BreadcrumbList","@id":"https:\/\/www.icnova.fcsh.unl.pt\/7a-edicao-do-festival-de-audiovisual-nupepa-imargens-icnova-laps\/#breadcrumb","itemListElement":[{"@type":"ListItem","position":1,"name":"Home","item":"https:\/\/www.icnova.fcsh.unl.pt\/en\/home\/"},{"@type":"ListItem","position":2,"name":"7\u00aa Edi\u00e7\u00e3o do Festival de Audiovisual NUPEPA\/ImaRgens \u2013 ICNOVA\/LAPS"}]},{"@type":"WebSite","@id":"https:\/\/icnova.staging.widgilabs-sites.com\/#website","url":"https:\/\/icnova.staging.widgilabs-sites.com\/","name":"ICNOVA","description":"INSTITUTO DE COMUNICA\u00c7\u00c3O DA NOVA","publisher":{"@id":"https:\/\/icnova.staging.widgilabs-sites.com\/#organization"},"potentialAction":[{"@type":"SearchAction","target":{"@type":"EntryPoint","urlTemplate":"https:\/\/icnova.staging.widgilabs-sites.com\/?s={search_term_string}"},"query-input":"required name=search_term_string"}],"inLanguage":"en-US"},{"@type":"Organization","@id":"https:\/\/icnova.staging.widgilabs-sites.com\/#organization","name":"ICNOVA","url":"https:\/\/icnova.staging.widgilabs-sites.com\/","logo":{"@type":"ImageObject","inLanguage":"en-US","@id":"https:\/\/icnova.staging.widgilabs-sites.com\/#\/schema\/logo\/image\/","url":"https:\/\/www.icnova.fcsh.unl.pt\/wp-content\/uploads\/2020\/02\/logo2.png","contentUrl":"https:\/\/www.icnova.fcsh.unl.pt\/wp-content\/uploads\/2020\/02\/logo2.png","width":730,"height":209,"caption":"ICNOVA"},"image":{"@id":"https:\/\/icnova.staging.widgilabs-sites.com\/#\/schema\/logo\/image\/"}},{"@type":"Person","@id":"https:\/\/icnova.staging.widgilabs-sites.com\/#\/schema\/person\/448361a3369e91f99e516588a123c7ee","name":"B\u00e1rbara B. Novaes","image":{"@type":"ImageObject","inLanguage":"en-US","@id":"https:\/\/icnova.staging.widgilabs-sites.com\/#\/schema\/person\/image\/","url":"https:\/\/secure.gravatar.com\/avatar\/980018600039737321d16d8a0fe94fbf?s=96&d=mm&r=g","contentUrl":"https:\/\/secure.gravatar.com\/avatar\/980018600039737321d16d8a0fe94fbf?s=96&d=mm&r=g","caption":"B\u00e1rbara B. Novaes"},"url":"https:\/\/www.icnova.fcsh.unl.pt\/en\/author\/barbarabergg\/"}]}},"_links":{"self":[{"href":"https:\/\/www.icnova.fcsh.unl.pt\/en\/wp-json\/wp\/v2\/posts\/1003281"}],"collection":[{"href":"https:\/\/www.icnova.fcsh.unl.pt\/en\/wp-json\/wp\/v2\/posts"}],"about":[{"href":"https:\/\/www.icnova.fcsh.unl.pt\/en\/wp-json\/wp\/v2\/types\/post"}],"author":[{"embeddable":true,"href":"https:\/\/www.icnova.fcsh.unl.pt\/en\/wp-json\/wp\/v2\/users\/12"}],"replies":[{"embeddable":true,"href":"https:\/\/www.icnova.fcsh.unl.pt\/en\/wp-json\/wp\/v2\/comments?post=1003281"}],"version-history":[{"count":1,"href":"https:\/\/www.icnova.fcsh.unl.pt\/en\/wp-json\/wp\/v2\/posts\/1003281\/revisions"}],"predecessor-version":[{"id":1003284,"href":"https:\/\/www.icnova.fcsh.unl.pt\/en\/wp-json\/wp\/v2\/posts\/1003281\/revisions\/1003284"}],"wp:featuredmedia":[{"embeddable":true,"href":"https:\/\/www.icnova.fcsh.unl.pt\/en\/wp-json\/wp\/v2\/media\/1003282"}],"wp:attachment":[{"href":"https:\/\/www.icnova.fcsh.unl.pt\/en\/wp-json\/wp\/v2\/media?parent=1003281"}],"wp:term":[{"taxonomy":"category","embeddable":true,"href":"https:\/\/www.icnova.fcsh.unl.pt\/en\/wp-json\/wp\/v2\/categories?post=1003281"},{"taxonomy":"post_tag","embeddable":true,"href":"https:\/\/www.icnova.fcsh.unl.pt\/en\/wp-json\/wp\/v2\/tags?post=1003281"}],"curies":[{"name":"wp","href":"https:\/\/api.w.org\/{rel}","templated":true}]}}