{"id":1003336,"date":"2024-12-12T15:32:50","date_gmt":"2024-12-12T15:32:50","guid":{"rendered":"https:\/\/www.icnova.fcsh.unl.pt\/?p=1003336"},"modified":"2024-12-12T17:10:18","modified_gmt":"2024-12-12T17:10:18","slug":"conheca-a-investigacao-de-carolina-ferreira-baptista-pontuada-com-nota-maxima-na-prova-de-doutoramento-no-icnova","status":"publish","type":"post","link":"https:\/\/www.icnova.fcsh.unl.pt\/en\/conheca-a-investigacao-de-carolina-ferreira-baptista-pontuada-com-nota-maxima-na-prova-de-doutoramento-no-icnova\/","title":{"rendered":"Conhe\u00e7a a investiga\u00e7\u00e3o de Carolina Ferreira Baptista  pontuada com nota m\u00e1xima na Prova de Doutoramento"},"content":{"rendered":"<div class=\"vgblk-rw-wrapper limit-wrapper\">\n<p>Carolina Ferreira Baptista concluiu a sua investiga\u00e7\u00e3o em Ci\u00eancias da Comunica\u00e7\u00e3o, na Universidade Nova de Lisboa, em Junho de 2024. Com um percurso dedicado \u00e0 Cultura Contempor\u00e2nea e \u00e0 Linguagem, a investigadora dedicou-se ao estudo das pr\u00e1ticas discursivas na anorexia nervosa, num projecto iniciado no final de 2020 e que culminou com a defesa p\u00fablica da disserta\u00e7\u00e3o <em>Do Impercept\u00edvel: Uma Anal\u00edtica da Comunicabilidade na Anorexia Nervosa<\/em>, sob orienta\u00e7\u00e3o das professoras Maria Augusta Babo (ICNOVA) e Isabel do Carmo (FMUL).&nbsp;<\/p>\n\n\n\n<p>A investiga\u00e7\u00e3o moveu-se num \u00fanico eixo: a instancia\u00e7\u00e3o do <em>movimento<\/em> \u2013 o movimento \u00e1gil do pensamento e da manuten\u00e7\u00e3o da actividade na constru\u00e7\u00e3o subjectiva \u2013 enquanto ponto de partida e de chegada na anorexia nervosa. De acordo com o seu trabalho, a doen\u00e7a, distendendo-se para l\u00e1 da concretude de um <em>eu<\/em>, encontra na subjectividade uma malha pulsional, propensa \u00e0 reuni\u00e3o de elementos dispersos, contradit\u00f3rios e, claro, alheios \u00e0 consolida\u00e7\u00e3o de modelos cl\u00ednicos, culturais e te\u00f3ricos. A sua apresenta\u00e7\u00e3o enquanto projecto de subjectiva\u00e7\u00e3o revelou, antes de mais, o car\u00e1cter imprescind\u00edvel do movimento na sua consolida\u00e7\u00e3o. O sujeito <em>torna-se<\/em> anor\u00e9ctico, n\u00e3o <em>\u00e9<\/em> anor\u00e9ctico. \u00c9 tamb\u00e9m por isso que a proposta de uma anal\u00edtica da comunicabilidade anor\u00e9ctica se revelou um exerc\u00edcio m\u00f3vel e din\u00e2mico, nunca esquecendo o gesto que orientou o estudo: a problematiza\u00e7\u00e3o.&nbsp;<\/p>\n\n\n\n<p>Ao fixar a anorexia nos termos da subjectividade e da sua dimens\u00e3o impercept\u00edvel, indagou-se a possibilidade de reunir os elementos contradit\u00f3rios e opacos (comer e n\u00e3o comer, mover-se ou imobilizar-se, etc.), longe de uma s\u00edntese exaustiva do que poder\u00e1 figurar na descri\u00e7\u00e3o comum da patologia. Contra a evid\u00eancia do corpo emagrecido e da profus\u00e3o sintomatol\u00f3gica, necessariamente ostensiva para o <em>Outro<\/em>, a auto-restri\u00e7\u00e3o surge como for\u00e7a motriz da anorexia nervosa \u2013 o labor necess\u00e1rio para se tornar anor\u00e9ctico parte da sua capacidade para se conter.  Assim, a auto-restri\u00e7\u00e3o corresponde ao indicador pulsional do esquema subjectivo anor\u00e9ctico &#8211; antes, durante e depois do corpo patol\u00f3gico.<\/p>\n\n\n\n<p> Assim, na assun\u00e7\u00e3o do car\u00e1cter transit\u00f3rio da subjectividade anor\u00e9ctica, s\u00f3 o discurso enformou o que se pretendia com a aspira\u00e7\u00e3o \u00e0 correspond\u00eancia entre as teses defendidas e o objecto analisado. Para enquadrar a doen\u00e7a no dinamismo da subjectividade foi preciso atender \u00e0s suas manifesta\u00e7\u00f5es vivas, isto \u00e9, ao seu movimento. Por isso, foi no discurso que se encontrou uma via de acesso \u00e0 comunicabilidade anor\u00e9ctica &#8211; n\u00e3o fosse a boca o lugar onde <em>comida<\/em>, <em>fala<\/em> e <em>afec\u00e7\u00e3o <\/em>enformam o principar do <em>sujeito-anor\u00e9ctico<\/em>.<\/p>\n\n\n\n<p>As principais conclus\u00f5es podem sintetizar-se nas formula\u00e7\u00f5es seguintes:<\/p>\n\n\n\n<ol class=\"wp-block-list\">\n<li>A subjectividade responde \u00e0 natureza pulsional e contradit\u00f3ria da patologia, contra a rigidez dos modelos de auto-objectifica\u00e7\u00e3o.<\/li>\n\n\n\n<li>&nbsp;A auto-restri\u00e7\u00e3o \u00e9 o principal marcador da subjectividade anor\u00e9ctica.<\/li>\n\n\n\n<li>Verifica-se uma correla\u00e7\u00e3o entre a subjectividade anor\u00e9ctica e a matriz cultural contempor\u00e2nea.<\/li>\n<\/ol>\n\n\n\n<p>A investiga\u00e7\u00e3o ainda foi destaque em uma s\u00e9rie de not\u00edcias nos media:<\/p>\n\n\n\n<ul class=\"wp-block-list\">\n<li>Expresso:&nbsp;<a href=\"https:\/\/multimedia.expresso.pt\/anorexia\/\">Anorexia. O bicho pegajoso que teima em n\u00e3o sair<\/a><\/li>\n\n\n\n<li>Podcast Gera\u00e7\u00e3o Z &#8211; R\u00e1dio Renascen\u00e7a:&nbsp;<a href=\"https:\/\/omny.fm\/shows\/renascen-a-gera-o-z\/antinatura-e-tamb-m-afeta-os-homens-como-que-se-vi\">\u00c9 \u201cantinatura\u201d e tamb\u00e9m afeta os homens. Como \u00e9 que se vive com um dist\u00farbio alimentar? &#8211; Renascen\u00e7a &#8211; Gera\u00e7\u00e3o Z &#8211; Omny.fm<\/a><\/li>\n\n\n\n<li>Artigo R\u00e1dio Renascen\u00e7a:&nbsp;<a href=\"https:\/\/rr.sapo.pt\/especial\/geracao-z\/2024\/10\/31\/e-antinatura-e-tambem-afeta-os-homens-como-e-que-se-vive-com-um-disturbio-alimentar\/397713\/\">\u00c9 \u201cantinatura\u201d e tamb\u00e9m afeta os homens. Como \u00e9 que se vive com um dist\u00farbio alimentar? &#8211; Renascen\u00e7a<\/a><\/li>\n\n\n\n<li>P\u00fablico:&nbsp;<a href=\"https:\/\/www.publico.pt\/2022\/06\/02\/p3\/noticia\/carolina-fala-pessoas-anorexia-entender-doenca-enfrentou-enfrenta-2008529\">Carolina fala com pessoas com anorexia para entender a doen\u00e7a que enfrentou \u2014 e enfrenta | Sa\u00fade mental | P\u00daBLICO<\/a><\/li>\n<\/ul>\n\n\n\n<p>A tese est\u00e1 disponibilizada no reposit\u00f3rio da UNL aqui:\u00a0<a href=\"https:\/\/run.unl.pt\/handle\/10362\/171921\" target=\"_blank\" rel=\"noreferrer noopener\">RUN: Do Impercept\u00edvel: Uma anal\u00edtica da comunicabilidade na Anorexia Nervosa\u00a0<\/a><\/p>\n\n\n\n<p><strong>Biografia<\/strong><\/p>\n\n\n\n<p>Carolina Ferreira Baptista \u00e9 investigadora no ICNOVA e Respons\u00e1vel de Comunica\u00e7\u00e3o das Rela\u00e7\u00f5es Internacionais e dos Assuntos Internos no INL &#8211; Laborat\u00f3rio Internacional Ib\u00e9rico de Nanotecnologia. Foi Professora Assistente Convidada na Faculdade de Ci\u00eancias Sociais e Humanas da Universidade Nova de Lisboa e continua a dedicar-se \u00e0 investiga\u00e7\u00e3o especializada em Comunica\u00e7\u00e3o e Linguagens. Oriunda de Lisboa, vive actualmente em Braga.<\/p>\n\n\n\n<div class=\"wp-block-group is-nowrap is-layout-flex wp-container-core-group-is-layout-1 wp-block-group-is-layout-flex\">\n<figure class=\"wp-block-gallery has-nested-images columns-default is-cropped wp-block-gallery-1 is-layout-flex wp-block-gallery-is-layout-flex\">\n<figure class=\"wp-block-image size-large is-style-default\"><img fetchpriority=\"high\" decoding=\"async\" width=\"1024\" height=\"791\" src=\"https:\/\/www.icnova.fcsh.unl.pt\/wp-content\/uploads\/2024\/12\/ECREA_CFB-1-1024x791.jpg\" alt=\"\" class=\"wp-image-1003337\" srcset=\"https:\/\/www.icnova.fcsh.unl.pt\/wp-content\/uploads\/2024\/12\/ECREA_CFB-1-1024x791.jpg 1024w, https:\/\/www.icnova.fcsh.unl.pt\/wp-content\/uploads\/2024\/12\/ECREA_CFB-1-300x232.jpg 300w, https:\/\/www.icnova.fcsh.unl.pt\/wp-content\/uploads\/2024\/12\/ECREA_CFB-1-768x594.jpg 768w, https:\/\/www.icnova.fcsh.unl.pt\/wp-content\/uploads\/2024\/12\/ECREA_CFB-1-1536x1187.jpg 1536w, https:\/\/www.icnova.fcsh.unl.pt\/wp-content\/uploads\/2024\/12\/ECREA_CFB-1.jpg 1664w\" sizes=\"(max-width: 1024px) 100vw, 1024px\" \/><\/figure>\n<\/figure>\n\n\n\n<figure class=\"wp-block-gallery has-nested-images columns-default is-cropped wp-block-gallery-2 is-layout-flex wp-block-gallery-is-layout-flex\">\n<figure class=\"wp-block-image size-large\"><img decoding=\"async\" width=\"819\" height=\"1024\" src=\"https:\/\/www.icnova.fcsh.unl.pt\/wp-content\/uploads\/2024\/12\/CFB-1-2-819x1024.jpg\" alt=\"\" class=\"wp-image-1003345\" srcset=\"https:\/\/www.icnova.fcsh.unl.pt\/wp-content\/uploads\/2024\/12\/CFB-1-2-819x1024.jpg 819w, https:\/\/www.icnova.fcsh.unl.pt\/wp-content\/uploads\/2024\/12\/CFB-1-2-240x300.jpg 240w, https:\/\/www.icnova.fcsh.unl.pt\/wp-content\/uploads\/2024\/12\/CFB-1-2-768x960.jpg 768w, https:\/\/www.icnova.fcsh.unl.pt\/wp-content\/uploads\/2024\/12\/CFB-1-2-1229x1536.jpg 1229w, https:\/\/www.icnova.fcsh.unl.pt\/wp-content\/uploads\/2024\/12\/CFB-1-2.jpg 1440w\" sizes=\"(max-width: 819px) 100vw, 819px\" \/><\/figure>\n<\/figure>\n<\/div>\n<\/div><!-- .vgblk-rw-wrapper -->","protected":false},"excerpt":{"rendered":"<p>Carolina Ferreira Baptista concluiu a sua investiga\u00e7\u00e3o em Ci\u00eancias da Comunica\u00e7\u00e3o, na Universidade Nova de Lisboa, em Junho de 2024. Com um percurso dedicado \u00e0 Cultura Contempor\u00e2nea e \u00e0 Linguagem, a investigadora dedicou-se ao estudo das pr\u00e1ticas discursivas na anorexia nervosa, num projecto iniciado no final de 2020 e que culminou com a defesa p\u00fablica&#8230;<\/p>\n","protected":false},"author":12,"featured_media":1003337,"comment_status":"closed","ping_status":"closed","sticky":false,"template":"","format":"standard","meta":{"footnotes":""},"categories":[62,40],"tags":[188,185],"class_list":["post-1003336","post","type-post","status-publish","format-standard","has-post-thumbnail","hentry","category-estorias-com-impacto","category-news","tag-cultura-mediacao-e-artes","tag-media-e-jornalismo"],"acf":[],"yoast_head":"<!-- This site is optimized with the Yoast SEO plugin v23.2 - https:\/\/yoast.com\/wordpress\/plugins\/seo\/ -->\n<title>Conhe\u00e7a a investiga\u00e7\u00e3o de Carolina Ferreira Baptista pontuada com nota m\u00e1xima na Prova de Doutoramento - ICNOVA<\/title>\n<meta name=\"robots\" content=\"index, follow, max-snippet:-1, max-image-preview:large, max-video-preview:-1\" \/>\n<link rel=\"canonical\" href=\"https:\/\/www.icnova.fcsh.unl.pt\/conheca-a-investigacao-de-carolina-ferreira-baptista-pontuada-com-nota-maxima-na-prova-de-doutoramento-no-icnova\/\" \/>\n<meta property=\"og:locale\" content=\"en_US\" \/>\n<meta property=\"og:type\" content=\"article\" \/>\n<meta property=\"og:title\" content=\"Conhe\u00e7a a investiga\u00e7\u00e3o de Carolina Ferreira Baptista pontuada com nota m\u00e1xima na Prova de Doutoramento - ICNOVA\" \/>\n<meta property=\"og:description\" content=\"Carolina Ferreira Baptista concluiu a sua investiga\u00e7\u00e3o em Ci\u00eancias da Comunica\u00e7\u00e3o, na Universidade Nova de Lisboa, em Junho de 2024. Com um percurso dedicado \u00e0 Cultura Contempor\u00e2nea e \u00e0 Linguagem, a investigadora dedicou-se ao estudo das pr\u00e1ticas discursivas na anorexia nervosa, num projecto iniciado no final de 2020 e que culminou com a defesa p\u00fablica...\" \/>\n<meta property=\"og:url\" content=\"https:\/\/www.icnova.fcsh.unl.pt\/conheca-a-investigacao-de-carolina-ferreira-baptista-pontuada-com-nota-maxima-na-prova-de-doutoramento-no-icnova\/\" \/>\n<meta property=\"og:site_name\" content=\"ICNOVA\" \/>\n<meta property=\"article:published_time\" content=\"2024-12-12T15:32:50+00:00\" \/>\n<meta property=\"article:modified_time\" content=\"2024-12-12T17:10:18+00:00\" \/>\n<meta property=\"og:image\" content=\"https:\/\/www.icnova.fcsh.unl.pt\/wp-content\/uploads\/2024\/12\/ECREA_CFB-1.jpg\" \/>\n\t<meta property=\"og:image:width\" content=\"1664\" \/>\n\t<meta property=\"og:image:height\" content=\"1286\" \/>\n\t<meta property=\"og:image:type\" content=\"image\/jpeg\" \/>\n<meta name=\"author\" content=\"B\u00e1rbara B. Novaes\" \/>\n<meta name=\"twitter:card\" content=\"summary_large_image\" \/>\n<meta name=\"twitter:label1\" content=\"Written by\" \/>\n\t<meta name=\"twitter:data1\" content=\"B\u00e1rbara B. Novaes\" \/>\n\t<meta name=\"twitter:label2\" content=\"Est. reading time\" \/>\n\t<meta name=\"twitter:data2\" content=\"4 minutes\" \/>\n<script type=\"application\/ld+json\" class=\"yoast-schema-graph\">{\"@context\":\"https:\/\/schema.org\",\"@graph\":[{\"@type\":\"Article\",\"@id\":\"https:\/\/www.icnova.fcsh.unl.pt\/conheca-a-investigacao-de-carolina-ferreira-baptista-pontuada-com-nota-maxima-na-prova-de-doutoramento-no-icnova\/#article\",\"isPartOf\":{\"@id\":\"https:\/\/www.icnova.fcsh.unl.pt\/conheca-a-investigacao-de-carolina-ferreira-baptista-pontuada-com-nota-maxima-na-prova-de-doutoramento-no-icnova\/\"},\"author\":{\"name\":\"B\u00e1rbara B. Novaes\",\"@id\":\"https:\/\/icnova.staging.widgilabs-sites.com\/#\/schema\/person\/448361a3369e91f99e516588a123c7ee\"},\"headline\":\"Conhe\u00e7a a investiga\u00e7\u00e3o de Carolina Ferreira Baptista pontuada com nota m\u00e1xima na Prova de Doutoramento\",\"datePublished\":\"2024-12-12T15:32:50+00:00\",\"dateModified\":\"2024-12-12T17:10:18+00:00\",\"mainEntityOfPage\":{\"@id\":\"https:\/\/www.icnova.fcsh.unl.pt\/conheca-a-investigacao-de-carolina-ferreira-baptista-pontuada-com-nota-maxima-na-prova-de-doutoramento-no-icnova\/\"},\"wordCount\":718,\"publisher\":{\"@id\":\"https:\/\/icnova.staging.widgilabs-sites.com\/#organization\"},\"image\":{\"@id\":\"https:\/\/www.icnova.fcsh.unl.pt\/conheca-a-investigacao-de-carolina-ferreira-baptista-pontuada-com-nota-maxima-na-prova-de-doutoramento-no-icnova\/#primaryimage\"},\"thumbnailUrl\":\"https:\/\/www.icnova.fcsh.unl.pt\/wp-content\/uploads\/2024\/12\/ECREA_CFB-1.jpg\",\"keywords\":[\"Cultura Media\u00e7\u00e3o e Artes\",\"Media e Jornalismo\"],\"articleSection\":[\"Est\u00f3rias com impacto\",\"Not\u00edcias\"],\"inLanguage\":\"en-US\"},{\"@type\":\"WebPage\",\"@id\":\"https:\/\/www.icnova.fcsh.unl.pt\/conheca-a-investigacao-de-carolina-ferreira-baptista-pontuada-com-nota-maxima-na-prova-de-doutoramento-no-icnova\/\",\"url\":\"https:\/\/www.icnova.fcsh.unl.pt\/conheca-a-investigacao-de-carolina-ferreira-baptista-pontuada-com-nota-maxima-na-prova-de-doutoramento-no-icnova\/\",\"name\":\"Conhe\u00e7a a investiga\u00e7\u00e3o de Carolina Ferreira Baptista pontuada com nota m\u00e1xima na Prova de Doutoramento - ICNOVA\",\"isPartOf\":{\"@id\":\"https:\/\/icnova.staging.widgilabs-sites.com\/#website\"},\"primaryImageOfPage\":{\"@id\":\"https:\/\/www.icnova.fcsh.unl.pt\/conheca-a-investigacao-de-carolina-ferreira-baptista-pontuada-com-nota-maxima-na-prova-de-doutoramento-no-icnova\/#primaryimage\"},\"image\":{\"@id\":\"https:\/\/www.icnova.fcsh.unl.pt\/conheca-a-investigacao-de-carolina-ferreira-baptista-pontuada-com-nota-maxima-na-prova-de-doutoramento-no-icnova\/#primaryimage\"},\"thumbnailUrl\":\"https:\/\/www.icnova.fcsh.unl.pt\/wp-content\/uploads\/2024\/12\/ECREA_CFB-1.jpg\",\"datePublished\":\"2024-12-12T15:32:50+00:00\",\"dateModified\":\"2024-12-12T17:10:18+00:00\",\"breadcrumb\":{\"@id\":\"https:\/\/www.icnova.fcsh.unl.pt\/conheca-a-investigacao-de-carolina-ferreira-baptista-pontuada-com-nota-maxima-na-prova-de-doutoramento-no-icnova\/#breadcrumb\"},\"inLanguage\":\"en-US\",\"potentialAction\":[{\"@type\":\"ReadAction\",\"target\":[\"https:\/\/www.icnova.fcsh.unl.pt\/conheca-a-investigacao-de-carolina-ferreira-baptista-pontuada-com-nota-maxima-na-prova-de-doutoramento-no-icnova\/\"]}]},{\"@type\":\"ImageObject\",\"inLanguage\":\"en-US\",\"@id\":\"https:\/\/www.icnova.fcsh.unl.pt\/conheca-a-investigacao-de-carolina-ferreira-baptista-pontuada-com-nota-maxima-na-prova-de-doutoramento-no-icnova\/#primaryimage\",\"url\":\"https:\/\/www.icnova.fcsh.unl.pt\/wp-content\/uploads\/2024\/12\/ECREA_CFB-1.jpg\",\"contentUrl\":\"https:\/\/www.icnova.fcsh.unl.pt\/wp-content\/uploads\/2024\/12\/ECREA_CFB-1.jpg\",\"width\":1664,\"height\":1286},{\"@type\":\"BreadcrumbList\",\"@id\":\"https:\/\/www.icnova.fcsh.unl.pt\/conheca-a-investigacao-de-carolina-ferreira-baptista-pontuada-com-nota-maxima-na-prova-de-doutoramento-no-icnova\/#breadcrumb\",\"itemListElement\":[{\"@type\":\"ListItem\",\"position\":1,\"name\":\"Home\",\"item\":\"https:\/\/www.icnova.fcsh.unl.pt\/en\/home\/\"},{\"@type\":\"ListItem\",\"position\":2,\"name\":\"Conhe\u00e7a a investiga\u00e7\u00e3o de Carolina Ferreira Baptista pontuada com nota m\u00e1xima na Prova de Doutoramento\"}]},{\"@type\":\"WebSite\",\"@id\":\"https:\/\/icnova.staging.widgilabs-sites.com\/#website\",\"url\":\"https:\/\/icnova.staging.widgilabs-sites.com\/\",\"name\":\"ICNOVA\",\"description\":\"INSTITUTO DE COMUNICA\u00c7\u00c3O DA NOVA\",\"publisher\":{\"@id\":\"https:\/\/icnova.staging.widgilabs-sites.com\/#organization\"},\"potentialAction\":[{\"@type\":\"SearchAction\",\"target\":{\"@type\":\"EntryPoint\",\"urlTemplate\":\"https:\/\/icnova.staging.widgilabs-sites.com\/?s={search_term_string}\"},\"query-input\":\"required name=search_term_string\"}],\"inLanguage\":\"en-US\"},{\"@type\":\"Organization\",\"@id\":\"https:\/\/icnova.staging.widgilabs-sites.com\/#organization\",\"name\":\"ICNOVA\",\"url\":\"https:\/\/icnova.staging.widgilabs-sites.com\/\",\"logo\":{\"@type\":\"ImageObject\",\"inLanguage\":\"en-US\",\"@id\":\"https:\/\/icnova.staging.widgilabs-sites.com\/#\/schema\/logo\/image\/\",\"url\":\"https:\/\/www.icnova.fcsh.unl.pt\/wp-content\/uploads\/2020\/02\/logo2.png\",\"contentUrl\":\"https:\/\/www.icnova.fcsh.unl.pt\/wp-content\/uploads\/2020\/02\/logo2.png\",\"width\":730,\"height\":209,\"caption\":\"ICNOVA\"},\"image\":{\"@id\":\"https:\/\/icnova.staging.widgilabs-sites.com\/#\/schema\/logo\/image\/\"}},{\"@type\":\"Person\",\"@id\":\"https:\/\/icnova.staging.widgilabs-sites.com\/#\/schema\/person\/448361a3369e91f99e516588a123c7ee\",\"name\":\"B\u00e1rbara B. Novaes\",\"image\":{\"@type\":\"ImageObject\",\"inLanguage\":\"en-US\",\"@id\":\"https:\/\/icnova.staging.widgilabs-sites.com\/#\/schema\/person\/image\/\",\"url\":\"https:\/\/secure.gravatar.com\/avatar\/980018600039737321d16d8a0fe94fbf?s=96&d=mm&r=g\",\"contentUrl\":\"https:\/\/secure.gravatar.com\/avatar\/980018600039737321d16d8a0fe94fbf?s=96&d=mm&r=g\",\"caption\":\"B\u00e1rbara B. Novaes\"},\"url\":\"https:\/\/www.icnova.fcsh.unl.pt\/en\/author\/barbarabergg\/\"}]}<\/script>\n<!-- \/ Yoast SEO plugin. -->","yoast_head_json":{"title":"Conhe\u00e7a a investiga\u00e7\u00e3o de Carolina Ferreira Baptista pontuada com nota m\u00e1xima na Prova de Doutoramento - ICNOVA","robots":{"index":"index","follow":"follow","max-snippet":"max-snippet:-1","max-image-preview":"max-image-preview:large","max-video-preview":"max-video-preview:-1"},"canonical":"https:\/\/www.icnova.fcsh.unl.pt\/conheca-a-investigacao-de-carolina-ferreira-baptista-pontuada-com-nota-maxima-na-prova-de-doutoramento-no-icnova\/","og_locale":"en_US","og_type":"article","og_title":"Conhe\u00e7a a investiga\u00e7\u00e3o de Carolina Ferreira Baptista pontuada com nota m\u00e1xima na Prova de Doutoramento - ICNOVA","og_description":"Carolina Ferreira Baptista concluiu a sua investiga\u00e7\u00e3o em Ci\u00eancias da Comunica\u00e7\u00e3o, na Universidade Nova de Lisboa, em Junho de 2024. Com um percurso dedicado \u00e0 Cultura Contempor\u00e2nea e \u00e0 Linguagem, a investigadora dedicou-se ao estudo das pr\u00e1ticas discursivas na anorexia nervosa, num projecto iniciado no final de 2020 e que culminou com a defesa p\u00fablica...","og_url":"https:\/\/www.icnova.fcsh.unl.pt\/conheca-a-investigacao-de-carolina-ferreira-baptista-pontuada-com-nota-maxima-na-prova-de-doutoramento-no-icnova\/","og_site_name":"ICNOVA","article_published_time":"2024-12-12T15:32:50+00:00","article_modified_time":"2024-12-12T17:10:18+00:00","og_image":[{"width":1664,"height":1286,"url":"https:\/\/www.icnova.fcsh.unl.pt\/wp-content\/uploads\/2024\/12\/ECREA_CFB-1.jpg","type":"image\/jpeg"}],"author":"B\u00e1rbara B. Novaes","twitter_card":"summary_large_image","twitter_misc":{"Written by":"B\u00e1rbara B. Novaes","Est. reading time":"4 minutes"},"schema":{"@context":"https:\/\/schema.org","@graph":[{"@type":"Article","@id":"https:\/\/www.icnova.fcsh.unl.pt\/conheca-a-investigacao-de-carolina-ferreira-baptista-pontuada-com-nota-maxima-na-prova-de-doutoramento-no-icnova\/#article","isPartOf":{"@id":"https:\/\/www.icnova.fcsh.unl.pt\/conheca-a-investigacao-de-carolina-ferreira-baptista-pontuada-com-nota-maxima-na-prova-de-doutoramento-no-icnova\/"},"author":{"name":"B\u00e1rbara B. Novaes","@id":"https:\/\/icnova.staging.widgilabs-sites.com\/#\/schema\/person\/448361a3369e91f99e516588a123c7ee"},"headline":"Conhe\u00e7a a investiga\u00e7\u00e3o de Carolina Ferreira Baptista pontuada com nota m\u00e1xima na Prova de Doutoramento","datePublished":"2024-12-12T15:32:50+00:00","dateModified":"2024-12-12T17:10:18+00:00","mainEntityOfPage":{"@id":"https:\/\/www.icnova.fcsh.unl.pt\/conheca-a-investigacao-de-carolina-ferreira-baptista-pontuada-com-nota-maxima-na-prova-de-doutoramento-no-icnova\/"},"wordCount":718,"publisher":{"@id":"https:\/\/icnova.staging.widgilabs-sites.com\/#organization"},"image":{"@id":"https:\/\/www.icnova.fcsh.unl.pt\/conheca-a-investigacao-de-carolina-ferreira-baptista-pontuada-com-nota-maxima-na-prova-de-doutoramento-no-icnova\/#primaryimage"},"thumbnailUrl":"https:\/\/www.icnova.fcsh.unl.pt\/wp-content\/uploads\/2024\/12\/ECREA_CFB-1.jpg","keywords":["Cultura Media\u00e7\u00e3o e Artes","Media e Jornalismo"],"articleSection":["Est\u00f3rias com impacto","Not\u00edcias"],"inLanguage":"en-US"},{"@type":"WebPage","@id":"https:\/\/www.icnova.fcsh.unl.pt\/conheca-a-investigacao-de-carolina-ferreira-baptista-pontuada-com-nota-maxima-na-prova-de-doutoramento-no-icnova\/","url":"https:\/\/www.icnova.fcsh.unl.pt\/conheca-a-investigacao-de-carolina-ferreira-baptista-pontuada-com-nota-maxima-na-prova-de-doutoramento-no-icnova\/","name":"Conhe\u00e7a a investiga\u00e7\u00e3o de Carolina Ferreira Baptista pontuada com nota m\u00e1xima na Prova de Doutoramento - ICNOVA","isPartOf":{"@id":"https:\/\/icnova.staging.widgilabs-sites.com\/#website"},"primaryImageOfPage":{"@id":"https:\/\/www.icnova.fcsh.unl.pt\/conheca-a-investigacao-de-carolina-ferreira-baptista-pontuada-com-nota-maxima-na-prova-de-doutoramento-no-icnova\/#primaryimage"},"image":{"@id":"https:\/\/www.icnova.fcsh.unl.pt\/conheca-a-investigacao-de-carolina-ferreira-baptista-pontuada-com-nota-maxima-na-prova-de-doutoramento-no-icnova\/#primaryimage"},"thumbnailUrl":"https:\/\/www.icnova.fcsh.unl.pt\/wp-content\/uploads\/2024\/12\/ECREA_CFB-1.jpg","datePublished":"2024-12-12T15:32:50+00:00","dateModified":"2024-12-12T17:10:18+00:00","breadcrumb":{"@id":"https:\/\/www.icnova.fcsh.unl.pt\/conheca-a-investigacao-de-carolina-ferreira-baptista-pontuada-com-nota-maxima-na-prova-de-doutoramento-no-icnova\/#breadcrumb"},"inLanguage":"en-US","potentialAction":[{"@type":"ReadAction","target":["https:\/\/www.icnova.fcsh.unl.pt\/conheca-a-investigacao-de-carolina-ferreira-baptista-pontuada-com-nota-maxima-na-prova-de-doutoramento-no-icnova\/"]}]},{"@type":"ImageObject","inLanguage":"en-US","@id":"https:\/\/www.icnova.fcsh.unl.pt\/conheca-a-investigacao-de-carolina-ferreira-baptista-pontuada-com-nota-maxima-na-prova-de-doutoramento-no-icnova\/#primaryimage","url":"https:\/\/www.icnova.fcsh.unl.pt\/wp-content\/uploads\/2024\/12\/ECREA_CFB-1.jpg","contentUrl":"https:\/\/www.icnova.fcsh.unl.pt\/wp-content\/uploads\/2024\/12\/ECREA_CFB-1.jpg","width":1664,"height":1286},{"@type":"BreadcrumbList","@id":"https:\/\/www.icnova.fcsh.unl.pt\/conheca-a-investigacao-de-carolina-ferreira-baptista-pontuada-com-nota-maxima-na-prova-de-doutoramento-no-icnova\/#breadcrumb","itemListElement":[{"@type":"ListItem","position":1,"name":"Home","item":"https:\/\/www.icnova.fcsh.unl.pt\/en\/home\/"},{"@type":"ListItem","position":2,"name":"Conhe\u00e7a a investiga\u00e7\u00e3o de Carolina Ferreira Baptista pontuada com nota m\u00e1xima na Prova de Doutoramento"}]},{"@type":"WebSite","@id":"https:\/\/icnova.staging.widgilabs-sites.com\/#website","url":"https:\/\/icnova.staging.widgilabs-sites.com\/","name":"ICNOVA","description":"INSTITUTO DE COMUNICA\u00c7\u00c3O DA NOVA","publisher":{"@id":"https:\/\/icnova.staging.widgilabs-sites.com\/#organization"},"potentialAction":[{"@type":"SearchAction","target":{"@type":"EntryPoint","urlTemplate":"https:\/\/icnova.staging.widgilabs-sites.com\/?s={search_term_string}"},"query-input":"required name=search_term_string"}],"inLanguage":"en-US"},{"@type":"Organization","@id":"https:\/\/icnova.staging.widgilabs-sites.com\/#organization","name":"ICNOVA","url":"https:\/\/icnova.staging.widgilabs-sites.com\/","logo":{"@type":"ImageObject","inLanguage":"en-US","@id":"https:\/\/icnova.staging.widgilabs-sites.com\/#\/schema\/logo\/image\/","url":"https:\/\/www.icnova.fcsh.unl.pt\/wp-content\/uploads\/2020\/02\/logo2.png","contentUrl":"https:\/\/www.icnova.fcsh.unl.pt\/wp-content\/uploads\/2020\/02\/logo2.png","width":730,"height":209,"caption":"ICNOVA"},"image":{"@id":"https:\/\/icnova.staging.widgilabs-sites.com\/#\/schema\/logo\/image\/"}},{"@type":"Person","@id":"https:\/\/icnova.staging.widgilabs-sites.com\/#\/schema\/person\/448361a3369e91f99e516588a123c7ee","name":"B\u00e1rbara B. Novaes","image":{"@type":"ImageObject","inLanguage":"en-US","@id":"https:\/\/icnova.staging.widgilabs-sites.com\/#\/schema\/person\/image\/","url":"https:\/\/secure.gravatar.com\/avatar\/980018600039737321d16d8a0fe94fbf?s=96&d=mm&r=g","contentUrl":"https:\/\/secure.gravatar.com\/avatar\/980018600039737321d16d8a0fe94fbf?s=96&d=mm&r=g","caption":"B\u00e1rbara B. Novaes"},"url":"https:\/\/www.icnova.fcsh.unl.pt\/en\/author\/barbarabergg\/"}]}},"_links":{"self":[{"href":"https:\/\/www.icnova.fcsh.unl.pt\/en\/wp-json\/wp\/v2\/posts\/1003336"}],"collection":[{"href":"https:\/\/www.icnova.fcsh.unl.pt\/en\/wp-json\/wp\/v2\/posts"}],"about":[{"href":"https:\/\/www.icnova.fcsh.unl.pt\/en\/wp-json\/wp\/v2\/types\/post"}],"author":[{"embeddable":true,"href":"https:\/\/www.icnova.fcsh.unl.pt\/en\/wp-json\/wp\/v2\/users\/12"}],"replies":[{"embeddable":true,"href":"https:\/\/www.icnova.fcsh.unl.pt\/en\/wp-json\/wp\/v2\/comments?post=1003336"}],"version-history":[{"count":6,"href":"https:\/\/www.icnova.fcsh.unl.pt\/en\/wp-json\/wp\/v2\/posts\/1003336\/revisions"}],"predecessor-version":[{"id":1003350,"href":"https:\/\/www.icnova.fcsh.unl.pt\/en\/wp-json\/wp\/v2\/posts\/1003336\/revisions\/1003350"}],"wp:featuredmedia":[{"embeddable":true,"href":"https:\/\/www.icnova.fcsh.unl.pt\/en\/wp-json\/wp\/v2\/media\/1003337"}],"wp:attachment":[{"href":"https:\/\/www.icnova.fcsh.unl.pt\/en\/wp-json\/wp\/v2\/media?parent=1003336"}],"wp:term":[{"taxonomy":"category","embeddable":true,"href":"https:\/\/www.icnova.fcsh.unl.pt\/en\/wp-json\/wp\/v2\/categories?post=1003336"},{"taxonomy":"post_tag","embeddable":true,"href":"https:\/\/www.icnova.fcsh.unl.pt\/en\/wp-json\/wp\/v2\/tags?post=1003336"}],"curies":[{"name":"wp","href":"https:\/\/api.w.org\/{rel}","templated":true}]}}