{"id":1003771,"date":"2025-02-25T15:55:42","date_gmt":"2025-02-25T15:55:42","guid":{"rendered":"https:\/\/www.icnova.fcsh.unl.pt\/?p=1003771"},"modified":"2025-02-25T15:56:35","modified_gmt":"2025-02-25T15:56:35","slug":"seminario-aberto-com-paulo-mendes","status":"publish","type":"post","link":"https:\/\/www.icnova.fcsh.unl.pt\/en\/seminario-aberto-com-paulo-mendes\/","title":{"rendered":"Semin\u00e1rio aberto de Programa\u00e7\u00e3o e Produ\u00e7\u00e3o Cultural com Paulo Mendes"},"content":{"rendered":"<div class=\"vgblk-rw-wrapper limit-wrapper\">\n<p>No dia 5 de mar\u00e7o, das 12h \u00e0s 14h, decorre o semin\u00e1rio&#8221;Produzir cr\u00edtica na era da impot\u00eancia\u201d com o artista Paulo Mendes, no \u00e2mbito da disciplina de Programa\u00e7\u00e3o e Produ\u00e7\u00e3o Cultural da NOVA FCSH.<\/p>\n\n\n\n<p><br>PAULO MENDES<\/p>\n\n\n\n<p class=\"has-text-align-left\">Artista pl\u00e1stico de forma\u00e7\u00e3o, curador de exposi\u00e7\u00f5es, editor e produtor de projectos culturais. Apresenta o seu trabalho individualmente e em colectivo desde o in\u00edcio da d\u00e9cada de 90. O seu trabalho caracteriza-se pela contamina\u00e7\u00e3o entre as v\u00e1rias disciplinas numa abordagem cr\u00edtica ao contexto pol\u00edtico, econ\u00f3mico e social contempor\u00e2neo. Participou e comissariou numerosas exposi\u00e7\u00f5es, independentes e institucionais. O seu trabalho art\u00edstico encontra-se representado em numerosas colec\u00e7\u00f5es p\u00fablicas e privadas. Ao longo de mais de trinta anos de trabalho, participou em aproximadamente trezentos projectos expositivos e performativos, tendo comissariado e produzido mais de noventa exposi\u00e7\u00f5es, independentes e institucionais, que marcaram o desenvolvimento do trabalho de uma nova gera\u00e7\u00e3o de criadores e lhe proporcionaram um extenso conhecimento das pr\u00e1ticas art\u00edsticas em Portugal.<\/p>\n\n\n\n<p>Organiza\u00e7\u00e3o: Cl\u00e1udia Madeira &#8211; Grupo Performance &amp; Cogni\u00e7\u00e3o<\/p>\n\n\n\n<p>\ud83d\udda5\ufe0f Sess\u00e3o online aqui:<a href=\"https:\/\/videoconf-colibri.zoom.us\/j\/82365921694?pwd=VmMvbWZmcS9ZR1BqOVFwVlV1S2ZSdz09\" target=\"_blank\" rel=\"noreferrer noopener\">https:\/\/videoconf-colibri.zoom.us\/j\/82365921694?pwd=VmMvbWZmcS9ZR1BqOVFwVlV1S2ZSdz09<\/a><\/p>\n\n\n\n<figure class=\"wp-block-gallery has-nested-images columns-default is-cropped wp-block-gallery-1 is-layout-flex wp-block-gallery-is-layout-flex\">\n<figure class=\"wp-block-image size-large\"><img fetchpriority=\"high\" decoding=\"async\" width=\"819\" height=\"1024\" data-id=\"1003772\" src=\"https:\/\/www.icnova.fcsh.unl.pt\/wp-content\/uploads\/2025\/02\/NOVO-IG_-Eventos-internos-819x1024.png\" alt=\"\" class=\"wp-image-1003772\" srcset=\"https:\/\/www.icnova.fcsh.unl.pt\/wp-content\/uploads\/2025\/02\/NOVO-IG_-Eventos-internos-819x1024.png 819w, https:\/\/www.icnova.fcsh.unl.pt\/wp-content\/uploads\/2025\/02\/NOVO-IG_-Eventos-internos-240x300.png 240w, https:\/\/www.icnova.fcsh.unl.pt\/wp-content\/uploads\/2025\/02\/NOVO-IG_-Eventos-internos-768x960.png 768w, https:\/\/www.icnova.fcsh.unl.pt\/wp-content\/uploads\/2025\/02\/NOVO-IG_-Eventos-internos.png 1080w\" sizes=\"(max-width: 819px) 100vw, 819px\" \/><\/figure>\n\n\n\n<figure class=\"wp-block-image size-large\"><img decoding=\"async\" width=\"819\" height=\"1024\" data-id=\"1003776\" src=\"https:\/\/www.icnova.fcsh.unl.pt\/wp-content\/uploads\/2025\/02\/PauloMendes-1-819x1024.png\" alt=\"\" class=\"wp-image-1003776\" srcset=\"https:\/\/www.icnova.fcsh.unl.pt\/wp-content\/uploads\/2025\/02\/PauloMendes-1-819x1024.png 819w, https:\/\/www.icnova.fcsh.unl.pt\/wp-content\/uploads\/2025\/02\/PauloMendes-1-240x300.png 240w, https:\/\/www.icnova.fcsh.unl.pt\/wp-content\/uploads\/2025\/02\/PauloMendes-1-768x960.png 768w, https:\/\/www.icnova.fcsh.unl.pt\/wp-content\/uploads\/2025\/02\/PauloMendes-1.png 1080w\" sizes=\"(max-width: 819px) 100vw, 819px\" \/><\/figure>\n\n\n\n<figure class=\"wp-block-image size-large\"><img decoding=\"async\" width=\"819\" height=\"1024\" data-id=\"1003774\" src=\"https:\/\/www.icnova.fcsh.unl.pt\/wp-content\/uploads\/2025\/02\/PauloMendes-2-819x1024.png\" alt=\"\" class=\"wp-image-1003774\" srcset=\"https:\/\/www.icnova.fcsh.unl.pt\/wp-content\/uploads\/2025\/02\/PauloMendes-2-819x1024.png 819w, https:\/\/www.icnova.fcsh.unl.pt\/wp-content\/uploads\/2025\/02\/PauloMendes-2-240x300.png 240w, https:\/\/www.icnova.fcsh.unl.pt\/wp-content\/uploads\/2025\/02\/PauloMendes-2-768x960.png 768w, https:\/\/www.icnova.fcsh.unl.pt\/wp-content\/uploads\/2025\/02\/PauloMendes-2.png 1080w\" sizes=\"(max-width: 819px) 100vw, 819px\" \/><\/figure>\n<\/figure>\n\n\n\n<p><\/p>\n<\/div><!-- .vgblk-rw-wrapper -->","protected":false},"excerpt":{"rendered":"<p>No dia 5 de mar\u00e7o, das 12h \u00e0s 14h, decorre o semin\u00e1rio&#8221;Produzir cr\u00edtica na era da impot\u00eancia\u201d com o artista Paulo Mendes, no \u00e2mbito da disciplina de Programa\u00e7\u00e3o e Produ\u00e7\u00e3o Cultural da NOVA FCSH. PAULO MENDES Artista pl\u00e1stico de forma\u00e7\u00e3o, curador de exposi\u00e7\u00f5es, editor e produtor de projectos culturais. Apresenta o seu trabalho individualmente e&#8230;<\/p>\n","protected":false},"author":12,"featured_media":1003778,"comment_status":"closed","ping_status":"closed","sticky":false,"template":"","format":"standard","meta":{"footnotes":""},"categories":[43,40,1],"tags":[189],"class_list":["post-1003771","post","type-post","status-publish","format-standard","has-post-thumbnail","hentry","category-eventos","category-news","category-sem-categoria","tag-performance-e-cognicao"],"acf":[],"yoast_head":"<!-- This site is optimized with the Yoast SEO plugin v23.2 - https:\/\/yoast.com\/wordpress\/plugins\/seo\/ -->\n<title>Semin\u00e1rio aberto de Programa\u00e7\u00e3o e Produ\u00e7\u00e3o Cultural com Paulo Mendes - ICNOVA<\/title>\n<meta name=\"robots\" content=\"index, follow, max-snippet:-1, max-image-preview:large, max-video-preview:-1\" \/>\n<link rel=\"canonical\" href=\"https:\/\/www.icnova.fcsh.unl.pt\/seminario-aberto-com-paulo-mendes\/\" \/>\n<meta property=\"og:locale\" content=\"en_US\" \/>\n<meta property=\"og:type\" content=\"article\" \/>\n<meta property=\"og:title\" content=\"Semin\u00e1rio aberto de Programa\u00e7\u00e3o e Produ\u00e7\u00e3o Cultural com Paulo Mendes - ICNOVA\" \/>\n<meta property=\"og:description\" content=\"No dia 5 de mar\u00e7o, das 12h \u00e0s 14h, decorre o semin\u00e1rio&#8221;Produzir cr\u00edtica na era da impot\u00eancia\u201d com o artista Paulo Mendes, no \u00e2mbito da disciplina de Programa\u00e7\u00e3o e Produ\u00e7\u00e3o Cultural da NOVA FCSH. PAULO MENDES Artista pl\u00e1stico de forma\u00e7\u00e3o, curador de exposi\u00e7\u00f5es, editor e produtor de projectos culturais. Apresenta o seu trabalho individualmente e...\" \/>\n<meta property=\"og:url\" content=\"https:\/\/www.icnova.fcsh.unl.pt\/seminario-aberto-com-paulo-mendes\/\" \/>\n<meta property=\"og:site_name\" content=\"ICNOVA\" \/>\n<meta property=\"article:published_time\" content=\"2025-02-25T15:55:42+00:00\" \/>\n<meta property=\"article:modified_time\" content=\"2025-02-25T15:56:35+00:00\" \/>\n<meta property=\"og:image\" content=\"https:\/\/www.icnova.fcsh.unl.pt\/wp-content\/uploads\/2025\/02\/PauloMendes-1-1.png\" \/>\n\t<meta property=\"og:image:width\" content=\"1080\" \/>\n\t<meta property=\"og:image:height\" content=\"1350\" \/>\n\t<meta property=\"og:image:type\" content=\"image\/png\" \/>\n<meta name=\"author\" content=\"B\u00e1rbara B. Novaes\" \/>\n<meta name=\"twitter:card\" content=\"summary_large_image\" \/>\n<meta name=\"twitter:label1\" content=\"Written by\" \/>\n\t<meta name=\"twitter:data1\" content=\"B\u00e1rbara B. Novaes\" \/>\n\t<meta name=\"twitter:label2\" content=\"Est. reading time\" \/>\n\t<meta name=\"twitter:data2\" content=\"2 minutes\" \/>\n<script type=\"application\/ld+json\" class=\"yoast-schema-graph\">{\"@context\":\"https:\/\/schema.org\",\"@graph\":[{\"@type\":\"Article\",\"@id\":\"https:\/\/www.icnova.fcsh.unl.pt\/seminario-aberto-com-paulo-mendes\/#article\",\"isPartOf\":{\"@id\":\"https:\/\/www.icnova.fcsh.unl.pt\/seminario-aberto-com-paulo-mendes\/\"},\"author\":{\"name\":\"B\u00e1rbara B. Novaes\",\"@id\":\"https:\/\/icnova.staging.widgilabs-sites.com\/#\/schema\/person\/448361a3369e91f99e516588a123c7ee\"},\"headline\":\"Semin\u00e1rio aberto de Programa\u00e7\u00e3o e Produ\u00e7\u00e3o Cultural com Paulo Mendes\",\"datePublished\":\"2025-02-25T15:55:42+00:00\",\"dateModified\":\"2025-02-25T15:56:35+00:00\",\"mainEntityOfPage\":{\"@id\":\"https:\/\/www.icnova.fcsh.unl.pt\/seminario-aberto-com-paulo-mendes\/\"},\"wordCount\":218,\"publisher\":{\"@id\":\"https:\/\/icnova.staging.widgilabs-sites.com\/#organization\"},\"image\":{\"@id\":\"https:\/\/www.icnova.fcsh.unl.pt\/seminario-aberto-com-paulo-mendes\/#primaryimage\"},\"thumbnailUrl\":\"https:\/\/www.icnova.fcsh.unl.pt\/wp-content\/uploads\/2025\/02\/PauloMendes-1-1.png\",\"keywords\":[\"Performance e Cogni\u00e7\u00e3o\"],\"articleSection\":[\"Eventos\",\"Not\u00edcias\",\"Sem categoria\"],\"inLanguage\":\"en-US\"},{\"@type\":\"WebPage\",\"@id\":\"https:\/\/www.icnova.fcsh.unl.pt\/seminario-aberto-com-paulo-mendes\/\",\"url\":\"https:\/\/www.icnova.fcsh.unl.pt\/seminario-aberto-com-paulo-mendes\/\",\"name\":\"Semin\u00e1rio aberto de Programa\u00e7\u00e3o e Produ\u00e7\u00e3o Cultural com Paulo Mendes - ICNOVA\",\"isPartOf\":{\"@id\":\"https:\/\/icnova.staging.widgilabs-sites.com\/#website\"},\"primaryImageOfPage\":{\"@id\":\"https:\/\/www.icnova.fcsh.unl.pt\/seminario-aberto-com-paulo-mendes\/#primaryimage\"},\"image\":{\"@id\":\"https:\/\/www.icnova.fcsh.unl.pt\/seminario-aberto-com-paulo-mendes\/#primaryimage\"},\"thumbnailUrl\":\"https:\/\/www.icnova.fcsh.unl.pt\/wp-content\/uploads\/2025\/02\/PauloMendes-1-1.png\",\"datePublished\":\"2025-02-25T15:55:42+00:00\",\"dateModified\":\"2025-02-25T15:56:35+00:00\",\"breadcrumb\":{\"@id\":\"https:\/\/www.icnova.fcsh.unl.pt\/seminario-aberto-com-paulo-mendes\/#breadcrumb\"},\"inLanguage\":\"en-US\",\"potentialAction\":[{\"@type\":\"ReadAction\",\"target\":[\"https:\/\/www.icnova.fcsh.unl.pt\/seminario-aberto-com-paulo-mendes\/\"]}]},{\"@type\":\"ImageObject\",\"inLanguage\":\"en-US\",\"@id\":\"https:\/\/www.icnova.fcsh.unl.pt\/seminario-aberto-com-paulo-mendes\/#primaryimage\",\"url\":\"https:\/\/www.icnova.fcsh.unl.pt\/wp-content\/uploads\/2025\/02\/PauloMendes-1-1.png\",\"contentUrl\":\"https:\/\/www.icnova.fcsh.unl.pt\/wp-content\/uploads\/2025\/02\/PauloMendes-1-1.png\",\"width\":1080,\"height\":1350},{\"@type\":\"BreadcrumbList\",\"@id\":\"https:\/\/www.icnova.fcsh.unl.pt\/seminario-aberto-com-paulo-mendes\/#breadcrumb\",\"itemListElement\":[{\"@type\":\"ListItem\",\"position\":1,\"name\":\"Home\",\"item\":\"https:\/\/www.icnova.fcsh.unl.pt\/en\/home\/\"},{\"@type\":\"ListItem\",\"position\":2,\"name\":\"Semin\u00e1rio aberto de Programa\u00e7\u00e3o e Produ\u00e7\u00e3o Cultural com Paulo Mendes\"}]},{\"@type\":\"WebSite\",\"@id\":\"https:\/\/icnova.staging.widgilabs-sites.com\/#website\",\"url\":\"https:\/\/icnova.staging.widgilabs-sites.com\/\",\"name\":\"ICNOVA\",\"description\":\"INSTITUTO DE COMUNICA\u00c7\u00c3O DA NOVA\",\"publisher\":{\"@id\":\"https:\/\/icnova.staging.widgilabs-sites.com\/#organization\"},\"potentialAction\":[{\"@type\":\"SearchAction\",\"target\":{\"@type\":\"EntryPoint\",\"urlTemplate\":\"https:\/\/icnova.staging.widgilabs-sites.com\/?s={search_term_string}\"},\"query-input\":\"required name=search_term_string\"}],\"inLanguage\":\"en-US\"},{\"@type\":\"Organization\",\"@id\":\"https:\/\/icnova.staging.widgilabs-sites.com\/#organization\",\"name\":\"ICNOVA\",\"url\":\"https:\/\/icnova.staging.widgilabs-sites.com\/\",\"logo\":{\"@type\":\"ImageObject\",\"inLanguage\":\"en-US\",\"@id\":\"https:\/\/icnova.staging.widgilabs-sites.com\/#\/schema\/logo\/image\/\",\"url\":\"https:\/\/www.icnova.fcsh.unl.pt\/wp-content\/uploads\/2020\/02\/logo2.png\",\"contentUrl\":\"https:\/\/www.icnova.fcsh.unl.pt\/wp-content\/uploads\/2020\/02\/logo2.png\",\"width\":730,\"height\":209,\"caption\":\"ICNOVA\"},\"image\":{\"@id\":\"https:\/\/icnova.staging.widgilabs-sites.com\/#\/schema\/logo\/image\/\"}},{\"@type\":\"Person\",\"@id\":\"https:\/\/icnova.staging.widgilabs-sites.com\/#\/schema\/person\/448361a3369e91f99e516588a123c7ee\",\"name\":\"B\u00e1rbara B. Novaes\",\"image\":{\"@type\":\"ImageObject\",\"inLanguage\":\"en-US\",\"@id\":\"https:\/\/icnova.staging.widgilabs-sites.com\/#\/schema\/person\/image\/\",\"url\":\"https:\/\/secure.gravatar.com\/avatar\/980018600039737321d16d8a0fe94fbf?s=96&d=mm&r=g\",\"contentUrl\":\"https:\/\/secure.gravatar.com\/avatar\/980018600039737321d16d8a0fe94fbf?s=96&d=mm&r=g\",\"caption\":\"B\u00e1rbara B. Novaes\"},\"url\":\"https:\/\/www.icnova.fcsh.unl.pt\/en\/author\/barbarabergg\/\"}]}<\/script>\n<!-- \/ Yoast SEO plugin. -->","yoast_head_json":{"title":"Semin\u00e1rio aberto de Programa\u00e7\u00e3o e Produ\u00e7\u00e3o Cultural com Paulo Mendes - ICNOVA","robots":{"index":"index","follow":"follow","max-snippet":"max-snippet:-1","max-image-preview":"max-image-preview:large","max-video-preview":"max-video-preview:-1"},"canonical":"https:\/\/www.icnova.fcsh.unl.pt\/seminario-aberto-com-paulo-mendes\/","og_locale":"en_US","og_type":"article","og_title":"Semin\u00e1rio aberto de Programa\u00e7\u00e3o e Produ\u00e7\u00e3o Cultural com Paulo Mendes - ICNOVA","og_description":"No dia 5 de mar\u00e7o, das 12h \u00e0s 14h, decorre o semin\u00e1rio&#8221;Produzir cr\u00edtica na era da impot\u00eancia\u201d com o artista Paulo Mendes, no \u00e2mbito da disciplina de Programa\u00e7\u00e3o e Produ\u00e7\u00e3o Cultural da NOVA FCSH. PAULO MENDES Artista pl\u00e1stico de forma\u00e7\u00e3o, curador de exposi\u00e7\u00f5es, editor e produtor de projectos culturais. Apresenta o seu trabalho individualmente e...","og_url":"https:\/\/www.icnova.fcsh.unl.pt\/seminario-aberto-com-paulo-mendes\/","og_site_name":"ICNOVA","article_published_time":"2025-02-25T15:55:42+00:00","article_modified_time":"2025-02-25T15:56:35+00:00","og_image":[{"width":1080,"height":1350,"url":"https:\/\/www.icnova.fcsh.unl.pt\/wp-content\/uploads\/2025\/02\/PauloMendes-1-1.png","type":"image\/png"}],"author":"B\u00e1rbara B. Novaes","twitter_card":"summary_large_image","twitter_misc":{"Written by":"B\u00e1rbara B. Novaes","Est. reading time":"2 minutes"},"schema":{"@context":"https:\/\/schema.org","@graph":[{"@type":"Article","@id":"https:\/\/www.icnova.fcsh.unl.pt\/seminario-aberto-com-paulo-mendes\/#article","isPartOf":{"@id":"https:\/\/www.icnova.fcsh.unl.pt\/seminario-aberto-com-paulo-mendes\/"},"author":{"name":"B\u00e1rbara B. Novaes","@id":"https:\/\/icnova.staging.widgilabs-sites.com\/#\/schema\/person\/448361a3369e91f99e516588a123c7ee"},"headline":"Semin\u00e1rio aberto de Programa\u00e7\u00e3o e Produ\u00e7\u00e3o Cultural com Paulo Mendes","datePublished":"2025-02-25T15:55:42+00:00","dateModified":"2025-02-25T15:56:35+00:00","mainEntityOfPage":{"@id":"https:\/\/www.icnova.fcsh.unl.pt\/seminario-aberto-com-paulo-mendes\/"},"wordCount":218,"publisher":{"@id":"https:\/\/icnova.staging.widgilabs-sites.com\/#organization"},"image":{"@id":"https:\/\/www.icnova.fcsh.unl.pt\/seminario-aberto-com-paulo-mendes\/#primaryimage"},"thumbnailUrl":"https:\/\/www.icnova.fcsh.unl.pt\/wp-content\/uploads\/2025\/02\/PauloMendes-1-1.png","keywords":["Performance e Cogni\u00e7\u00e3o"],"articleSection":["Eventos","Not\u00edcias","Sem categoria"],"inLanguage":"en-US"},{"@type":"WebPage","@id":"https:\/\/www.icnova.fcsh.unl.pt\/seminario-aberto-com-paulo-mendes\/","url":"https:\/\/www.icnova.fcsh.unl.pt\/seminario-aberto-com-paulo-mendes\/","name":"Semin\u00e1rio aberto de Programa\u00e7\u00e3o e Produ\u00e7\u00e3o Cultural com Paulo Mendes - ICNOVA","isPartOf":{"@id":"https:\/\/icnova.staging.widgilabs-sites.com\/#website"},"primaryImageOfPage":{"@id":"https:\/\/www.icnova.fcsh.unl.pt\/seminario-aberto-com-paulo-mendes\/#primaryimage"},"image":{"@id":"https:\/\/www.icnova.fcsh.unl.pt\/seminario-aberto-com-paulo-mendes\/#primaryimage"},"thumbnailUrl":"https:\/\/www.icnova.fcsh.unl.pt\/wp-content\/uploads\/2025\/02\/PauloMendes-1-1.png","datePublished":"2025-02-25T15:55:42+00:00","dateModified":"2025-02-25T15:56:35+00:00","breadcrumb":{"@id":"https:\/\/www.icnova.fcsh.unl.pt\/seminario-aberto-com-paulo-mendes\/#breadcrumb"},"inLanguage":"en-US","potentialAction":[{"@type":"ReadAction","target":["https:\/\/www.icnova.fcsh.unl.pt\/seminario-aberto-com-paulo-mendes\/"]}]},{"@type":"ImageObject","inLanguage":"en-US","@id":"https:\/\/www.icnova.fcsh.unl.pt\/seminario-aberto-com-paulo-mendes\/#primaryimage","url":"https:\/\/www.icnova.fcsh.unl.pt\/wp-content\/uploads\/2025\/02\/PauloMendes-1-1.png","contentUrl":"https:\/\/www.icnova.fcsh.unl.pt\/wp-content\/uploads\/2025\/02\/PauloMendes-1-1.png","width":1080,"height":1350},{"@type":"BreadcrumbList","@id":"https:\/\/www.icnova.fcsh.unl.pt\/seminario-aberto-com-paulo-mendes\/#breadcrumb","itemListElement":[{"@type":"ListItem","position":1,"name":"Home","item":"https:\/\/www.icnova.fcsh.unl.pt\/en\/home\/"},{"@type":"ListItem","position":2,"name":"Semin\u00e1rio aberto de Programa\u00e7\u00e3o e Produ\u00e7\u00e3o Cultural com Paulo Mendes"}]},{"@type":"WebSite","@id":"https:\/\/icnova.staging.widgilabs-sites.com\/#website","url":"https:\/\/icnova.staging.widgilabs-sites.com\/","name":"ICNOVA","description":"INSTITUTO DE COMUNICA\u00c7\u00c3O DA NOVA","publisher":{"@id":"https:\/\/icnova.staging.widgilabs-sites.com\/#organization"},"potentialAction":[{"@type":"SearchAction","target":{"@type":"EntryPoint","urlTemplate":"https:\/\/icnova.staging.widgilabs-sites.com\/?s={search_term_string}"},"query-input":"required name=search_term_string"}],"inLanguage":"en-US"},{"@type":"Organization","@id":"https:\/\/icnova.staging.widgilabs-sites.com\/#organization","name":"ICNOVA","url":"https:\/\/icnova.staging.widgilabs-sites.com\/","logo":{"@type":"ImageObject","inLanguage":"en-US","@id":"https:\/\/icnova.staging.widgilabs-sites.com\/#\/schema\/logo\/image\/","url":"https:\/\/www.icnova.fcsh.unl.pt\/wp-content\/uploads\/2020\/02\/logo2.png","contentUrl":"https:\/\/www.icnova.fcsh.unl.pt\/wp-content\/uploads\/2020\/02\/logo2.png","width":730,"height":209,"caption":"ICNOVA"},"image":{"@id":"https:\/\/icnova.staging.widgilabs-sites.com\/#\/schema\/logo\/image\/"}},{"@type":"Person","@id":"https:\/\/icnova.staging.widgilabs-sites.com\/#\/schema\/person\/448361a3369e91f99e516588a123c7ee","name":"B\u00e1rbara B. Novaes","image":{"@type":"ImageObject","inLanguage":"en-US","@id":"https:\/\/icnova.staging.widgilabs-sites.com\/#\/schema\/person\/image\/","url":"https:\/\/secure.gravatar.com\/avatar\/980018600039737321d16d8a0fe94fbf?s=96&d=mm&r=g","contentUrl":"https:\/\/secure.gravatar.com\/avatar\/980018600039737321d16d8a0fe94fbf?s=96&d=mm&r=g","caption":"B\u00e1rbara B. Novaes"},"url":"https:\/\/www.icnova.fcsh.unl.pt\/en\/author\/barbarabergg\/"}]}},"_links":{"self":[{"href":"https:\/\/www.icnova.fcsh.unl.pt\/en\/wp-json\/wp\/v2\/posts\/1003771"}],"collection":[{"href":"https:\/\/www.icnova.fcsh.unl.pt\/en\/wp-json\/wp\/v2\/posts"}],"about":[{"href":"https:\/\/www.icnova.fcsh.unl.pt\/en\/wp-json\/wp\/v2\/types\/post"}],"author":[{"embeddable":true,"href":"https:\/\/www.icnova.fcsh.unl.pt\/en\/wp-json\/wp\/v2\/users\/12"}],"replies":[{"embeddable":true,"href":"https:\/\/www.icnova.fcsh.unl.pt\/en\/wp-json\/wp\/v2\/comments?post=1003771"}],"version-history":[{"count":3,"href":"https:\/\/www.icnova.fcsh.unl.pt\/en\/wp-json\/wp\/v2\/posts\/1003771\/revisions"}],"predecessor-version":[{"id":1003782,"href":"https:\/\/www.icnova.fcsh.unl.pt\/en\/wp-json\/wp\/v2\/posts\/1003771\/revisions\/1003782"}],"wp:featuredmedia":[{"embeddable":true,"href":"https:\/\/www.icnova.fcsh.unl.pt\/en\/wp-json\/wp\/v2\/media\/1003778"}],"wp:attachment":[{"href":"https:\/\/www.icnova.fcsh.unl.pt\/en\/wp-json\/wp\/v2\/media?parent=1003771"}],"wp:term":[{"taxonomy":"category","embeddable":true,"href":"https:\/\/www.icnova.fcsh.unl.pt\/en\/wp-json\/wp\/v2\/categories?post=1003771"},{"taxonomy":"post_tag","embeddable":true,"href":"https:\/\/www.icnova.fcsh.unl.pt\/en\/wp-json\/wp\/v2\/tags?post=1003771"}],"curies":[{"name":"wp","href":"https:\/\/api.w.org\/{rel}","templated":true}]}}