{"id":1005126,"date":"2025-09-22T14:23:39","date_gmt":"2025-09-22T14:23:39","guid":{"rendered":"https:\/\/www.icnova.fcsh.unl.pt\/?p=1005126"},"modified":"2025-09-22T14:49:31","modified_gmt":"2025-09-22T14:49:31","slug":"condecoracao-de-nelson-traquina-comendador-da-ordem-de-merito","status":"publish","type":"post","link":"https:\/\/www.icnova.fcsh.unl.pt\/en\/condecoracao-de-nelson-traquina-comendador-da-ordem-de-merito\/","title":{"rendered":"Condecora\u00e7\u00e3o de Nelson Traquina | Comendador da Ordem de M\u00e9rito"},"content":{"rendered":"<div class=\"vgblk-rw-wrapper limit-wrapper\">\n<p><strong>Condecora\u00e7\u00e3o de Nelson Traquina | Comendador da Ordem de M\u00e9rito<\/strong><\/p>\n\n\n\n<p>Nelson Traquina (1948-2019) vai ser condecorado postumamente como Comendador da Ordem de M\u00e9rito, numa distin\u00e7\u00e3o que representa uma das mais altas honras concedidas pelo Presidente da Rep\u00fablica. A medalha ser\u00e1 entregue \u00e0 fam\u00edlia pelo embaixador de Portugal nos Estados Unidos da Am\u00e9rica, Francisco Ant\u00f3nio Duarte Lopes, e pelo C\u00f4nsul-Geral de Portugal em Boston, Tiago Ara\u00fajo, no pr\u00f3ximo dia 30 de setembro,&nbsp;no Consulado portugu\u00eas em Boston.&nbsp;<\/p>\n\n\n\n<p>Nelson Traquina, antigo professor catedr\u00e1tico do Departamento de Ci\u00eancias da Comunica\u00e7\u00e3o (DCC) e fundador e diretor do Centro de Investiga\u00e7\u00e3o Media e Jornalismo (CIMJ) &#8211; um dos centros que esteve na base da constitui\u00e7\u00e3o do ICNOVA &#8211; continua a ser uma das mais importantes refer\u00eancias nos estudos de jornalismo em Portugal e foi um dos mais marcantes professores do DCC durante as tr\u00eas d\u00e9cadas em que a\u00ed lecionou.&nbsp;<\/p>\n\n\n\n<p>Recorde o n\u00famero especial da Revista&nbsp;<em>Media e Jornalismo<\/em>, publicado em 2020, de tributo a Nelson Traquina:&nbsp;<a href=\"https:\/\/impactum-journals.uc.pt\/mj\/issue\/view\/2183-5462_37\" target=\"_blank\" rel=\"noreferrer noopener\">https:\/\/impactum-journals.uc.pt\/mj\/issue\/view\/2183-5462_37<\/a><\/p>\n\n\n\n<figure class=\"wp-block-image size-full\"><img fetchpriority=\"high\" decoding=\"async\" width=\"599\" height=\"846\" src=\"https:\/\/www.icnova.fcsh.unl.pt\/wp-content\/uploads\/2025\/09\/nt-1.jpg\" alt=\"\" class=\"wp-image-1005130\" srcset=\"https:\/\/www.icnova.fcsh.unl.pt\/wp-content\/uploads\/2025\/09\/nt-1.jpg 599w, https:\/\/www.icnova.fcsh.unl.pt\/wp-content\/uploads\/2025\/09\/nt-1-212x300.jpg 212w\" sizes=\"(max-width: 599px) 100vw, 599px\" \/><\/figure>\n<\/div><!-- .vgblk-rw-wrapper -->","protected":false},"excerpt":{"rendered":"<p>Condecora\u00e7\u00e3o de Nelson Traquina | Comendador da Ordem de M\u00e9rito Nelson Traquina (1948-2019) vai ser condecorado postumamente como Comendador da Ordem de M\u00e9rito, numa distin\u00e7\u00e3o que representa uma das mais altas honras concedidas pelo Presidente da Rep\u00fablica. A medalha ser\u00e1 entregue \u00e0 fam\u00edlia pelo embaixador de Portugal nos Estados Unidos da Am\u00e9rica, Francisco Ant\u00f3nio Duarte&#8230;<\/p>\n","protected":false},"author":12,"featured_media":1005127,"comment_status":"closed","ping_status":"closed","sticky":false,"template":"","format":"standard","meta":{"footnotes":""},"categories":[40,1],"tags":[185],"class_list":["post-1005126","post","type-post","status-publish","format-standard","has-post-thumbnail","hentry","category-news","category-sem-categoria","tag-media-e-jornalismo"],"acf":[],"yoast_head":"<!-- This site is optimized with the Yoast SEO plugin v23.2 - https:\/\/yoast.com\/wordpress\/plugins\/seo\/ -->\n<title>Condecora\u00e7\u00e3o de Nelson Traquina | Comendador da Ordem de M\u00e9rito - ICNOVA<\/title>\n<meta name=\"robots\" content=\"index, follow, max-snippet:-1, max-image-preview:large, max-video-preview:-1\" \/>\n<link rel=\"canonical\" href=\"https:\/\/www.icnova.fcsh.unl.pt\/condecoracao-de-nelson-traquina-comendador-da-ordem-de-merito\/\" \/>\n<meta property=\"og:locale\" content=\"en_US\" \/>\n<meta property=\"og:type\" content=\"article\" \/>\n<meta property=\"og:title\" content=\"Condecora\u00e7\u00e3o de Nelson Traquina | Comendador da Ordem de M\u00e9rito - ICNOVA\" \/>\n<meta property=\"og:description\" content=\"Condecora\u00e7\u00e3o de Nelson Traquina | Comendador da Ordem de M\u00e9rito Nelson Traquina (1948-2019) vai ser condecorado postumamente como Comendador da Ordem de M\u00e9rito, numa distin\u00e7\u00e3o que representa uma das mais altas honras concedidas pelo Presidente da Rep\u00fablica. A medalha ser\u00e1 entregue \u00e0 fam\u00edlia pelo embaixador de Portugal nos Estados Unidos da Am\u00e9rica, Francisco Ant\u00f3nio Duarte...\" \/>\n<meta property=\"og:url\" content=\"https:\/\/www.icnova.fcsh.unl.pt\/condecoracao-de-nelson-traquina-comendador-da-ordem-de-merito\/\" \/>\n<meta property=\"og:site_name\" content=\"ICNOVA\" \/>\n<meta property=\"article:published_time\" content=\"2025-09-22T14:23:39+00:00\" \/>\n<meta property=\"article:modified_time\" content=\"2025-09-22T14:49:31+00:00\" \/>\n<meta property=\"og:image\" content=\"https:\/\/www.icnova.fcsh.unl.pt\/wp-content\/uploads\/2025\/09\/ng-2d9eb122-0275-430f-b4d6-603fc33f4101.jpg\" \/>\n\t<meta property=\"og:image:width\" content=\"1400\" \/>\n\t<meta property=\"og:image:height\" content=\"936\" \/>\n\t<meta property=\"og:image:type\" content=\"image\/jpeg\" \/>\n<meta name=\"author\" content=\"B\u00e1rbara B. Novaes\" \/>\n<meta name=\"twitter:card\" content=\"summary_large_image\" \/>\n<meta name=\"twitter:label1\" content=\"Written by\" \/>\n\t<meta name=\"twitter:data1\" content=\"B\u00e1rbara B. Novaes\" \/>\n\t<meta name=\"twitter:label2\" content=\"Est. reading time\" \/>\n\t<meta name=\"twitter:data2\" content=\"2 minutes\" \/>\n<script type=\"application\/ld+json\" class=\"yoast-schema-graph\">{\"@context\":\"https:\/\/schema.org\",\"@graph\":[{\"@type\":\"Article\",\"@id\":\"https:\/\/www.icnova.fcsh.unl.pt\/condecoracao-de-nelson-traquina-comendador-da-ordem-de-merito\/#article\",\"isPartOf\":{\"@id\":\"https:\/\/www.icnova.fcsh.unl.pt\/condecoracao-de-nelson-traquina-comendador-da-ordem-de-merito\/\"},\"author\":{\"name\":\"B\u00e1rbara B. Novaes\",\"@id\":\"https:\/\/icnova.staging.widgilabs-sites.com\/#\/schema\/person\/448361a3369e91f99e516588a123c7ee\"},\"headline\":\"Condecora\u00e7\u00e3o de Nelson Traquina | Comendador da Ordem de M\u00e9rito\",\"datePublished\":\"2025-09-22T14:23:39+00:00\",\"dateModified\":\"2025-09-22T14:49:31+00:00\",\"mainEntityOfPage\":{\"@id\":\"https:\/\/www.icnova.fcsh.unl.pt\/condecoracao-de-nelson-traquina-comendador-da-ordem-de-merito\/\"},\"wordCount\":202,\"publisher\":{\"@id\":\"https:\/\/icnova.staging.widgilabs-sites.com\/#organization\"},\"image\":{\"@id\":\"https:\/\/www.icnova.fcsh.unl.pt\/condecoracao-de-nelson-traquina-comendador-da-ordem-de-merito\/#primaryimage\"},\"thumbnailUrl\":\"https:\/\/www.icnova.fcsh.unl.pt\/wp-content\/uploads\/2025\/09\/ng-2d9eb122-0275-430f-b4d6-603fc33f4101.jpg\",\"keywords\":[\"Media e Jornalismo\"],\"articleSection\":[\"Not\u00edcias\",\"Sem categoria\"],\"inLanguage\":\"en-US\"},{\"@type\":\"WebPage\",\"@id\":\"https:\/\/www.icnova.fcsh.unl.pt\/condecoracao-de-nelson-traquina-comendador-da-ordem-de-merito\/\",\"url\":\"https:\/\/www.icnova.fcsh.unl.pt\/condecoracao-de-nelson-traquina-comendador-da-ordem-de-merito\/\",\"name\":\"Condecora\u00e7\u00e3o de Nelson Traquina | Comendador da Ordem de M\u00e9rito - ICNOVA\",\"isPartOf\":{\"@id\":\"https:\/\/icnova.staging.widgilabs-sites.com\/#website\"},\"primaryImageOfPage\":{\"@id\":\"https:\/\/www.icnova.fcsh.unl.pt\/condecoracao-de-nelson-traquina-comendador-da-ordem-de-merito\/#primaryimage\"},\"image\":{\"@id\":\"https:\/\/www.icnova.fcsh.unl.pt\/condecoracao-de-nelson-traquina-comendador-da-ordem-de-merito\/#primaryimage\"},\"thumbnailUrl\":\"https:\/\/www.icnova.fcsh.unl.pt\/wp-content\/uploads\/2025\/09\/ng-2d9eb122-0275-430f-b4d6-603fc33f4101.jpg\",\"datePublished\":\"2025-09-22T14:23:39+00:00\",\"dateModified\":\"2025-09-22T14:49:31+00:00\",\"breadcrumb\":{\"@id\":\"https:\/\/www.icnova.fcsh.unl.pt\/condecoracao-de-nelson-traquina-comendador-da-ordem-de-merito\/#breadcrumb\"},\"inLanguage\":\"en-US\",\"potentialAction\":[{\"@type\":\"ReadAction\",\"target\":[\"https:\/\/www.icnova.fcsh.unl.pt\/condecoracao-de-nelson-traquina-comendador-da-ordem-de-merito\/\"]}]},{\"@type\":\"ImageObject\",\"inLanguage\":\"en-US\",\"@id\":\"https:\/\/www.icnova.fcsh.unl.pt\/condecoracao-de-nelson-traquina-comendador-da-ordem-de-merito\/#primaryimage\",\"url\":\"https:\/\/www.icnova.fcsh.unl.pt\/wp-content\/uploads\/2025\/09\/ng-2d9eb122-0275-430f-b4d6-603fc33f4101.jpg\",\"contentUrl\":\"https:\/\/www.icnova.fcsh.unl.pt\/wp-content\/uploads\/2025\/09\/ng-2d9eb122-0275-430f-b4d6-603fc33f4101.jpg\",\"width\":1400,\"height\":936},{\"@type\":\"BreadcrumbList\",\"@id\":\"https:\/\/www.icnova.fcsh.unl.pt\/condecoracao-de-nelson-traquina-comendador-da-ordem-de-merito\/#breadcrumb\",\"itemListElement\":[{\"@type\":\"ListItem\",\"position\":1,\"name\":\"Home\",\"item\":\"https:\/\/www.icnova.fcsh.unl.pt\/en\/home\/\"},{\"@type\":\"ListItem\",\"position\":2,\"name\":\"Condecora\u00e7\u00e3o de Nelson Traquina | Comendador da Ordem de M\u00e9rito\"}]},{\"@type\":\"WebSite\",\"@id\":\"https:\/\/icnova.staging.widgilabs-sites.com\/#website\",\"url\":\"https:\/\/icnova.staging.widgilabs-sites.com\/\",\"name\":\"ICNOVA\",\"description\":\"INSTITUTO DE COMUNICA\u00c7\u00c3O DA NOVA\",\"publisher\":{\"@id\":\"https:\/\/icnova.staging.widgilabs-sites.com\/#organization\"},\"potentialAction\":[{\"@type\":\"SearchAction\",\"target\":{\"@type\":\"EntryPoint\",\"urlTemplate\":\"https:\/\/icnova.staging.widgilabs-sites.com\/?s={search_term_string}\"},\"query-input\":\"required name=search_term_string\"}],\"inLanguage\":\"en-US\"},{\"@type\":\"Organization\",\"@id\":\"https:\/\/icnova.staging.widgilabs-sites.com\/#organization\",\"name\":\"ICNOVA\",\"url\":\"https:\/\/icnova.staging.widgilabs-sites.com\/\",\"logo\":{\"@type\":\"ImageObject\",\"inLanguage\":\"en-US\",\"@id\":\"https:\/\/icnova.staging.widgilabs-sites.com\/#\/schema\/logo\/image\/\",\"url\":\"https:\/\/www.icnova.fcsh.unl.pt\/wp-content\/uploads\/2020\/02\/logo2.png\",\"contentUrl\":\"https:\/\/www.icnova.fcsh.unl.pt\/wp-content\/uploads\/2020\/02\/logo2.png\",\"width\":730,\"height\":209,\"caption\":\"ICNOVA\"},\"image\":{\"@id\":\"https:\/\/icnova.staging.widgilabs-sites.com\/#\/schema\/logo\/image\/\"}},{\"@type\":\"Person\",\"@id\":\"https:\/\/icnova.staging.widgilabs-sites.com\/#\/schema\/person\/448361a3369e91f99e516588a123c7ee\",\"name\":\"B\u00e1rbara B. Novaes\",\"image\":{\"@type\":\"ImageObject\",\"inLanguage\":\"en-US\",\"@id\":\"https:\/\/icnova.staging.widgilabs-sites.com\/#\/schema\/person\/image\/\",\"url\":\"https:\/\/secure.gravatar.com\/avatar\/980018600039737321d16d8a0fe94fbf?s=96&d=mm&r=g\",\"contentUrl\":\"https:\/\/secure.gravatar.com\/avatar\/980018600039737321d16d8a0fe94fbf?s=96&d=mm&r=g\",\"caption\":\"B\u00e1rbara B. Novaes\"},\"url\":\"https:\/\/www.icnova.fcsh.unl.pt\/en\/author\/barbarabergg\/\"}]}<\/script>\n<!-- \/ Yoast SEO plugin. -->","yoast_head_json":{"title":"Condecora\u00e7\u00e3o de Nelson Traquina | Comendador da Ordem de M\u00e9rito - ICNOVA","robots":{"index":"index","follow":"follow","max-snippet":"max-snippet:-1","max-image-preview":"max-image-preview:large","max-video-preview":"max-video-preview:-1"},"canonical":"https:\/\/www.icnova.fcsh.unl.pt\/condecoracao-de-nelson-traquina-comendador-da-ordem-de-merito\/","og_locale":"en_US","og_type":"article","og_title":"Condecora\u00e7\u00e3o de Nelson Traquina | Comendador da Ordem de M\u00e9rito - ICNOVA","og_description":"Condecora\u00e7\u00e3o de Nelson Traquina | Comendador da Ordem de M\u00e9rito Nelson Traquina (1948-2019) vai ser condecorado postumamente como Comendador da Ordem de M\u00e9rito, numa distin\u00e7\u00e3o que representa uma das mais altas honras concedidas pelo Presidente da Rep\u00fablica. A medalha ser\u00e1 entregue \u00e0 fam\u00edlia pelo embaixador de Portugal nos Estados Unidos da Am\u00e9rica, Francisco Ant\u00f3nio Duarte...","og_url":"https:\/\/www.icnova.fcsh.unl.pt\/condecoracao-de-nelson-traquina-comendador-da-ordem-de-merito\/","og_site_name":"ICNOVA","article_published_time":"2025-09-22T14:23:39+00:00","article_modified_time":"2025-09-22T14:49:31+00:00","og_image":[{"width":1400,"height":936,"url":"https:\/\/www.icnova.fcsh.unl.pt\/wp-content\/uploads\/2025\/09\/ng-2d9eb122-0275-430f-b4d6-603fc33f4101.jpg","type":"image\/jpeg"}],"author":"B\u00e1rbara B. Novaes","twitter_card":"summary_large_image","twitter_misc":{"Written by":"B\u00e1rbara B. Novaes","Est. reading time":"2 minutes"},"schema":{"@context":"https:\/\/schema.org","@graph":[{"@type":"Article","@id":"https:\/\/www.icnova.fcsh.unl.pt\/condecoracao-de-nelson-traquina-comendador-da-ordem-de-merito\/#article","isPartOf":{"@id":"https:\/\/www.icnova.fcsh.unl.pt\/condecoracao-de-nelson-traquina-comendador-da-ordem-de-merito\/"},"author":{"name":"B\u00e1rbara B. Novaes","@id":"https:\/\/icnova.staging.widgilabs-sites.com\/#\/schema\/person\/448361a3369e91f99e516588a123c7ee"},"headline":"Condecora\u00e7\u00e3o de Nelson Traquina | Comendador da Ordem de M\u00e9rito","datePublished":"2025-09-22T14:23:39+00:00","dateModified":"2025-09-22T14:49:31+00:00","mainEntityOfPage":{"@id":"https:\/\/www.icnova.fcsh.unl.pt\/condecoracao-de-nelson-traquina-comendador-da-ordem-de-merito\/"},"wordCount":202,"publisher":{"@id":"https:\/\/icnova.staging.widgilabs-sites.com\/#organization"},"image":{"@id":"https:\/\/www.icnova.fcsh.unl.pt\/condecoracao-de-nelson-traquina-comendador-da-ordem-de-merito\/#primaryimage"},"thumbnailUrl":"https:\/\/www.icnova.fcsh.unl.pt\/wp-content\/uploads\/2025\/09\/ng-2d9eb122-0275-430f-b4d6-603fc33f4101.jpg","keywords":["Media e Jornalismo"],"articleSection":["Not\u00edcias","Sem categoria"],"inLanguage":"en-US"},{"@type":"WebPage","@id":"https:\/\/www.icnova.fcsh.unl.pt\/condecoracao-de-nelson-traquina-comendador-da-ordem-de-merito\/","url":"https:\/\/www.icnova.fcsh.unl.pt\/condecoracao-de-nelson-traquina-comendador-da-ordem-de-merito\/","name":"Condecora\u00e7\u00e3o de Nelson Traquina | Comendador da Ordem de M\u00e9rito - ICNOVA","isPartOf":{"@id":"https:\/\/icnova.staging.widgilabs-sites.com\/#website"},"primaryImageOfPage":{"@id":"https:\/\/www.icnova.fcsh.unl.pt\/condecoracao-de-nelson-traquina-comendador-da-ordem-de-merito\/#primaryimage"},"image":{"@id":"https:\/\/www.icnova.fcsh.unl.pt\/condecoracao-de-nelson-traquina-comendador-da-ordem-de-merito\/#primaryimage"},"thumbnailUrl":"https:\/\/www.icnova.fcsh.unl.pt\/wp-content\/uploads\/2025\/09\/ng-2d9eb122-0275-430f-b4d6-603fc33f4101.jpg","datePublished":"2025-09-22T14:23:39+00:00","dateModified":"2025-09-22T14:49:31+00:00","breadcrumb":{"@id":"https:\/\/www.icnova.fcsh.unl.pt\/condecoracao-de-nelson-traquina-comendador-da-ordem-de-merito\/#breadcrumb"},"inLanguage":"en-US","potentialAction":[{"@type":"ReadAction","target":["https:\/\/www.icnova.fcsh.unl.pt\/condecoracao-de-nelson-traquina-comendador-da-ordem-de-merito\/"]}]},{"@type":"ImageObject","inLanguage":"en-US","@id":"https:\/\/www.icnova.fcsh.unl.pt\/condecoracao-de-nelson-traquina-comendador-da-ordem-de-merito\/#primaryimage","url":"https:\/\/www.icnova.fcsh.unl.pt\/wp-content\/uploads\/2025\/09\/ng-2d9eb122-0275-430f-b4d6-603fc33f4101.jpg","contentUrl":"https:\/\/www.icnova.fcsh.unl.pt\/wp-content\/uploads\/2025\/09\/ng-2d9eb122-0275-430f-b4d6-603fc33f4101.jpg","width":1400,"height":936},{"@type":"BreadcrumbList","@id":"https:\/\/www.icnova.fcsh.unl.pt\/condecoracao-de-nelson-traquina-comendador-da-ordem-de-merito\/#breadcrumb","itemListElement":[{"@type":"ListItem","position":1,"name":"Home","item":"https:\/\/www.icnova.fcsh.unl.pt\/en\/home\/"},{"@type":"ListItem","position":2,"name":"Condecora\u00e7\u00e3o de Nelson Traquina | Comendador da Ordem de M\u00e9rito"}]},{"@type":"WebSite","@id":"https:\/\/icnova.staging.widgilabs-sites.com\/#website","url":"https:\/\/icnova.staging.widgilabs-sites.com\/","name":"ICNOVA","description":"INSTITUTO DE COMUNICA\u00c7\u00c3O DA NOVA","publisher":{"@id":"https:\/\/icnova.staging.widgilabs-sites.com\/#organization"},"potentialAction":[{"@type":"SearchAction","target":{"@type":"EntryPoint","urlTemplate":"https:\/\/icnova.staging.widgilabs-sites.com\/?s={search_term_string}"},"query-input":"required name=search_term_string"}],"inLanguage":"en-US"},{"@type":"Organization","@id":"https:\/\/icnova.staging.widgilabs-sites.com\/#organization","name":"ICNOVA","url":"https:\/\/icnova.staging.widgilabs-sites.com\/","logo":{"@type":"ImageObject","inLanguage":"en-US","@id":"https:\/\/icnova.staging.widgilabs-sites.com\/#\/schema\/logo\/image\/","url":"https:\/\/www.icnova.fcsh.unl.pt\/wp-content\/uploads\/2020\/02\/logo2.png","contentUrl":"https:\/\/www.icnova.fcsh.unl.pt\/wp-content\/uploads\/2020\/02\/logo2.png","width":730,"height":209,"caption":"ICNOVA"},"image":{"@id":"https:\/\/icnova.staging.widgilabs-sites.com\/#\/schema\/logo\/image\/"}},{"@type":"Person","@id":"https:\/\/icnova.staging.widgilabs-sites.com\/#\/schema\/person\/448361a3369e91f99e516588a123c7ee","name":"B\u00e1rbara B. Novaes","image":{"@type":"ImageObject","inLanguage":"en-US","@id":"https:\/\/icnova.staging.widgilabs-sites.com\/#\/schema\/person\/image\/","url":"https:\/\/secure.gravatar.com\/avatar\/980018600039737321d16d8a0fe94fbf?s=96&d=mm&r=g","contentUrl":"https:\/\/secure.gravatar.com\/avatar\/980018600039737321d16d8a0fe94fbf?s=96&d=mm&r=g","caption":"B\u00e1rbara B. Novaes"},"url":"https:\/\/www.icnova.fcsh.unl.pt\/en\/author\/barbarabergg\/"}]}},"_links":{"self":[{"href":"https:\/\/www.icnova.fcsh.unl.pt\/en\/wp-json\/wp\/v2\/posts\/1005126"}],"collection":[{"href":"https:\/\/www.icnova.fcsh.unl.pt\/en\/wp-json\/wp\/v2\/posts"}],"about":[{"href":"https:\/\/www.icnova.fcsh.unl.pt\/en\/wp-json\/wp\/v2\/types\/post"}],"author":[{"embeddable":true,"href":"https:\/\/www.icnova.fcsh.unl.pt\/en\/wp-json\/wp\/v2\/users\/12"}],"replies":[{"embeddable":true,"href":"https:\/\/www.icnova.fcsh.unl.pt\/en\/wp-json\/wp\/v2\/comments?post=1005126"}],"version-history":[{"count":2,"href":"https:\/\/www.icnova.fcsh.unl.pt\/en\/wp-json\/wp\/v2\/posts\/1005126\/revisions"}],"predecessor-version":[{"id":1005132,"href":"https:\/\/www.icnova.fcsh.unl.pt\/en\/wp-json\/wp\/v2\/posts\/1005126\/revisions\/1005132"}],"wp:featuredmedia":[{"embeddable":true,"href":"https:\/\/www.icnova.fcsh.unl.pt\/en\/wp-json\/wp\/v2\/media\/1005127"}],"wp:attachment":[{"href":"https:\/\/www.icnova.fcsh.unl.pt\/en\/wp-json\/wp\/v2\/media?parent=1005126"}],"wp:term":[{"taxonomy":"category","embeddable":true,"href":"https:\/\/www.icnova.fcsh.unl.pt\/en\/wp-json\/wp\/v2\/categories?post=1005126"},{"taxonomy":"post_tag","embeddable":true,"href":"https:\/\/www.icnova.fcsh.unl.pt\/en\/wp-json\/wp\/v2\/tags?post=1005126"}],"curies":[{"name":"wp","href":"https:\/\/api.w.org\/{rel}","templated":true}]}}