{"id":1005136,"date":"2025-11-24T16:00:00","date_gmt":"2025-11-24T16:00:00","guid":{"rendered":"https:\/\/www.icnova.fcsh.unl.pt\/?p=1005136"},"modified":"2025-12-23T11:47:12","modified_gmt":"2025-12-23T11:47:12","slug":"lica-promove-a-formacao-gephi-teoria-e-analise-de-redes","status":"publish","type":"post","link":"https:\/\/www.icnova.fcsh.unl.pt\/en\/lica-promove-a-formacao-gephi-teoria-e-analise-de-redes\/","title":{"rendered":"LICA promove Forma\u00e7\u00f5es no ICNOVA"},"content":{"rendered":"<div class=\"vgblk-rw-wrapper limit-wrapper\">\n<p><\/p>\n\n\n\n<p>O Laborat\u00f3rio de Investiga\u00e7\u00e3o em Comunica\u00e7\u00e3o Aplicada (LICA), estrutura do ICNOVA dedicada \u00e0 investiga\u00e7\u00e3o e inova\u00e7\u00e3o em comunica\u00e7\u00e3o aplicada,&nbsp;<strong>promove ao longo do ano diversas forma\u00e7\u00f5es<\/strong>.<\/p>\n\n\n\n<p>Esta iniciativa integra-se na miss\u00e3o do LICA de capacitar investigadores, estudantes e profissionais com compet\u00eancias pr\u00e1ticas essenciais ao estudo e \u00e0 an\u00e1lise de redes,<br>fundamentais para projetos de investiga\u00e7\u00e3o em comunica\u00e7\u00e3o, media e ci\u00eancias sociais.<\/p>\n\n\n\n<p><strong> 1- 10 de outubro &#8211; Forma\u00e7\u00e3o \u201cGephi: Teoria e An\u00e1lise de Redes\u201d<\/strong><\/p>\n\n\n\n<p>A forma\u00e7\u00e3o ser\u00e1 conduzida pelo Dr. Sergio Arce Garc\u00eda, Professor Associado e Investigador na Universidade Internacional de La Rioja (UNIR), cujo trabalho se centra na an\u00e1lise dos<br>media e das redes sociais atrav\u00e9s de t\u00e9cnicas de aprendizagem autom\u00e1tica e teoria de redes. O programa abordar\u00e1 conceitos fundamentais de teoria das redes, as suas principais aplica\u00e7\u00f5es e metodologias, bem como o uso do software gratuito Gephi, come\u00e7ando por t\u00f3picos introdut\u00f3rios e avan\u00e7ando para t\u00e9cnicas mais complexas de visualiza\u00e7\u00e3o e an\u00e1lise de redes.<\/p>\n\n\n\n<p><strong>2 &#8211; &nbsp;7 de novembro de 2025&nbsp;&#8211; Forma\u00e7\u00e3o&nbsp;\u201cFundamentos do SPSS: Primeiros Passos na An\u00e1lise de Dados\u201d<\/strong> <\/p>\n\n\n\n<p>A&nbsp;forma\u00e7\u00e3o&nbsp;ser\u00e1 ministrada por&nbsp;<strong>Pedro Esp\u00edrito Santo, Doutorado em Gest\u00e3o \u2013 Ci\u00eancia Aplicada \u00e0 Decis\u00e3o e Professor Universit\u00e1rio Convidado na Universidade Nova de Lisboa, Universidade de Aveiro e Polit\u00e9cnico de Leiria<\/strong>, com ampla experi\u00eancia na \u00e1rea da an\u00e1lise de dados. Com uma abordagem pr\u00e1tica e acess\u00edvel, o curso tem como objetivo introduzir os participantes ao software SPSS (Statistical Package for the Social Sciences), ensinando a importar dados, realizar an\u00e1lises descritivas e interpretar resultados de forma cr\u00edtica e rigorosa.<\/p>\n\n\n\n<p><strong>3- Forma\u00e7\u00e3o \u201cAn\u00e1lise avan\u00e7ada de question\u00e1rios em Ci\u00eancias da Comunica\u00e7\u00e3o\u201d, do dia 14 de novembro, foi  adiado para o dia&nbsp;16 de janeiro, mantendo-se o mesmo hor\u00e1rio.<\/strong><\/p>\n\n\n\n<p>A&nbsp;forma\u00e7\u00e3o&nbsp;ser\u00e1 ministrada por&nbsp;<strong>Pedro Esp\u00edrito Santo, Doutorado em Gest\u00e3o \u2013 Ci\u00eancia Aplicada \u00e0 Decis\u00e3o e Professor Universit\u00e1rio Convidado na Universidade Nova de Lisboa, Universidade de Aveiro e Polit\u00e9cnico de Leiria<\/strong>, com ampla experi\u00eancia na \u00e1rea da an\u00e1lise de dados.<\/p>\n\n\n\n<p>&#8212;<\/p>\n\n\n\n<p>As forma\u00e7\u00f5es tem a&nbsp;<strong>dura\u00e7\u00e3o total entre 5 e 6 horas<\/strong>, dividida em dois per\u00edodos:&nbsp;<strong>09h30-12h30 e 14h30-17h00<\/strong>, e decorrer\u00e1 na&nbsp;<strong>Sala A210, Torre A, da Faculdade de Ci\u00eancias Sociais e Humanas.<\/strong><\/p>\n\n\n\n<p>Inscri\u00e7\u00f5es e custos:<br>\u25cf Gratuita para investigadores do ICNOVA;<br>\u25cf 20\u20ac para estudantes;<br>\u25cf 50\u20ac para membros da comunidade FCSH;<br>\u25cf 120\u20ac para participantes externos.<\/p>\n\n\n\n<p><strong>As inscri\u00e7\u00f5es est\u00e3o abertas at\u00e9 10 de janeiro de 2025.<\/strong>\u00a0Os lugares s\u00e3o<strong>\u00a0limitados<\/strong>\u00a0e atribu\u00eddos por\u00a0<strong>ordem de inscri\u00e7\u00e3o<\/strong>, com prioridade para os investigadores integrados e doutorados do ICNOVA, atrav\u00e9s do email: ambarreto@fcsh.unl.pt<\/p>\n\n\n\n<figure class=\"wp-block-image size-large is-resized\"><img fetchpriority=\"high\" decoding=\"async\" width=\"819\" height=\"1024\" src=\"https:\/\/www.icnova.fcsh.unl.pt\/wp-content\/uploads\/2025\/11\/Eventos-Lica-5-819x1024.png\" alt=\"\" class=\"wp-image-1006058\" style=\"width:644px;height:auto\" srcset=\"https:\/\/www.icnova.fcsh.unl.pt\/wp-content\/uploads\/2025\/11\/Eventos-Lica-5-819x1024.png 819w, https:\/\/www.icnova.fcsh.unl.pt\/wp-content\/uploads\/2025\/11\/Eventos-Lica-5-240x300.png 240w, https:\/\/www.icnova.fcsh.unl.pt\/wp-content\/uploads\/2025\/11\/Eventos-Lica-5-768x960.png 768w, https:\/\/www.icnova.fcsh.unl.pt\/wp-content\/uploads\/2025\/11\/Eventos-Lica-5.png 1080w\" sizes=\"(max-width: 819px) 100vw, 819px\" \/><\/figure>\n\n\n\n<figure class=\"wp-block-gallery has-nested-images columns-default is-cropped wp-block-gallery-1 is-layout-flex wp-block-gallery-is-layout-flex\">\n<figure class=\"wp-block-image size-large\"><img decoding=\"async\" width=\"819\" height=\"1024\" data-id=\"1005828\" src=\"https:\/\/www.icnova.fcsh.unl.pt\/wp-content\/uploads\/2025\/09\/1-2-819x1024.png\" alt=\"\" class=\"wp-image-1005828\" srcset=\"https:\/\/www.icnova.fcsh.unl.pt\/wp-content\/uploads\/2025\/09\/1-2-819x1024.png 819w, https:\/\/www.icnova.fcsh.unl.pt\/wp-content\/uploads\/2025\/09\/1-2-240x300.png 240w, https:\/\/www.icnova.fcsh.unl.pt\/wp-content\/uploads\/2025\/09\/1-2-768x960.png 768w, https:\/\/www.icnova.fcsh.unl.pt\/wp-content\/uploads\/2025\/09\/1-2.png 1080w\" sizes=\"(max-width: 819px) 100vw, 819px\" \/><\/figure>\n\n\n\n<figure class=\"wp-block-image size-large\"><img decoding=\"async\" width=\"819\" height=\"1024\" data-id=\"1005830\" src=\"https:\/\/www.icnova.fcsh.unl.pt\/wp-content\/uploads\/2025\/09\/Eventos-Lica-3-819x1024.png\" alt=\"\" class=\"wp-image-1005830\" srcset=\"https:\/\/www.icnova.fcsh.unl.pt\/wp-content\/uploads\/2025\/09\/Eventos-Lica-3-819x1024.png 819w, https:\/\/www.icnova.fcsh.unl.pt\/wp-content\/uploads\/2025\/09\/Eventos-Lica-3-240x300.png 240w, https:\/\/www.icnova.fcsh.unl.pt\/wp-content\/uploads\/2025\/09\/Eventos-Lica-3-768x960.png 768w, https:\/\/www.icnova.fcsh.unl.pt\/wp-content\/uploads\/2025\/09\/Eventos-Lica-3.png 1080w\" sizes=\"(max-width: 819px) 100vw, 819px\" \/><\/figure>\n<\/figure>\n<\/div><!-- .vgblk-rw-wrapper -->","protected":false},"excerpt":{"rendered":"<p>O Laborat\u00f3rio de Investiga\u00e7\u00e3o em Comunica\u00e7\u00e3o Aplicada (LICA), estrutura do ICNOVA dedicada \u00e0 investiga\u00e7\u00e3o e inova\u00e7\u00e3o em comunica\u00e7\u00e3o aplicada,&nbsp;promove ao longo do ano diversas forma\u00e7\u00f5es. Esta iniciativa integra-se na miss\u00e3o do LICA de capacitar investigadores, estudantes e profissionais com compet\u00eancias pr\u00e1ticas essenciais ao estudo e \u00e0 an\u00e1lise de redes,fundamentais para projetos de investiga\u00e7\u00e3o em comunica\u00e7\u00e3o,&#8230;<\/p>\n","protected":false},"author":12,"featured_media":1006065,"comment_status":"closed","ping_status":"closed","sticky":false,"template":"","format":"standard","meta":{"footnotes":""},"categories":[42],"tags":[187],"class_list":["post-1005136","post","type-post","status-publish","format-standard","has-post-thumbnail","hentry","category-calls-icnova","tag-comunicacao-estrategica"],"acf":[],"yoast_head":"<!-- This site is optimized with the Yoast SEO plugin v23.2 - https:\/\/yoast.com\/wordpress\/plugins\/seo\/ -->\n<title>LICA promove Forma\u00e7\u00f5es no ICNOVA - ICNOVA<\/title>\n<meta name=\"robots\" content=\"index, follow, max-snippet:-1, max-image-preview:large, max-video-preview:-1\" \/>\n<link rel=\"canonical\" href=\"https:\/\/www.icnova.fcsh.unl.pt\/lica-promove-a-formacao-gephi-teoria-e-analise-de-redes\/\" \/>\n<meta property=\"og:locale\" content=\"en_US\" \/>\n<meta property=\"og:type\" content=\"article\" \/>\n<meta property=\"og:title\" content=\"LICA promove Forma\u00e7\u00f5es no ICNOVA - ICNOVA\" \/>\n<meta property=\"og:description\" content=\"O Laborat\u00f3rio de Investiga\u00e7\u00e3o em Comunica\u00e7\u00e3o Aplicada (LICA), estrutura do ICNOVA dedicada \u00e0 investiga\u00e7\u00e3o e inova\u00e7\u00e3o em comunica\u00e7\u00e3o aplicada,&nbsp;promove ao longo do ano diversas forma\u00e7\u00f5es. Esta iniciativa integra-se na miss\u00e3o do LICA de capacitar investigadores, estudantes e profissionais com compet\u00eancias pr\u00e1ticas essenciais ao estudo e \u00e0 an\u00e1lise de redes,fundamentais para projetos de investiga\u00e7\u00e3o em comunica\u00e7\u00e3o,...\" \/>\n<meta property=\"og:url\" content=\"https:\/\/www.icnova.fcsh.unl.pt\/lica-promove-a-formacao-gephi-teoria-e-analise-de-redes\/\" \/>\n<meta property=\"og:site_name\" content=\"ICNOVA\" \/>\n<meta property=\"article:published_time\" content=\"2025-11-24T16:00:00+00:00\" \/>\n<meta property=\"article:modified_time\" content=\"2025-12-23T11:47:12+00:00\" \/>\n<meta property=\"og:image\" content=\"https:\/\/www.icnova.fcsh.unl.pt\/wp-content\/uploads\/2025\/11\/Eventos-Lica-6.png\" \/>\n\t<meta property=\"og:image:width\" content=\"1080\" \/>\n\t<meta property=\"og:image:height\" content=\"1350\" \/>\n\t<meta property=\"og:image:type\" content=\"image\/png\" \/>\n<meta name=\"author\" content=\"B\u00e1rbara B. Novaes\" \/>\n<meta name=\"twitter:card\" content=\"summary_large_image\" \/>\n<meta name=\"twitter:label1\" content=\"Written by\" \/>\n\t<meta name=\"twitter:data1\" content=\"B\u00e1rbara B. Novaes\" \/>\n\t<meta name=\"twitter:label2\" content=\"Est. reading time\" \/>\n\t<meta name=\"twitter:data2\" content=\"4 minutes\" \/>\n<script type=\"application\/ld+json\" class=\"yoast-schema-graph\">{\"@context\":\"https:\/\/schema.org\",\"@graph\":[{\"@type\":\"Article\",\"@id\":\"https:\/\/www.icnova.fcsh.unl.pt\/lica-promove-a-formacao-gephi-teoria-e-analise-de-redes\/#article\",\"isPartOf\":{\"@id\":\"https:\/\/www.icnova.fcsh.unl.pt\/lica-promove-a-formacao-gephi-teoria-e-analise-de-redes\/\"},\"author\":{\"name\":\"B\u00e1rbara B. Novaes\",\"@id\":\"https:\/\/icnova.staging.widgilabs-sites.com\/#\/schema\/person\/448361a3369e91f99e516588a123c7ee\"},\"headline\":\"LICA promove Forma\u00e7\u00f5es no ICNOVA\",\"datePublished\":\"2025-11-24T16:00:00+00:00\",\"dateModified\":\"2025-12-23T11:47:12+00:00\",\"mainEntityOfPage\":{\"@id\":\"https:\/\/www.icnova.fcsh.unl.pt\/lica-promove-a-formacao-gephi-teoria-e-analise-de-redes\/\"},\"wordCount\":486,\"publisher\":{\"@id\":\"https:\/\/icnova.staging.widgilabs-sites.com\/#organization\"},\"image\":{\"@id\":\"https:\/\/www.icnova.fcsh.unl.pt\/lica-promove-a-formacao-gephi-teoria-e-analise-de-redes\/#primaryimage\"},\"thumbnailUrl\":\"https:\/\/www.icnova.fcsh.unl.pt\/wp-content\/uploads\/2025\/11\/Eventos-Lica-6.png\",\"keywords\":[\"Comunica\u00e7\u00e3o Estrat\u00e9gica\"],\"articleSection\":[\"Calls ICNOVA\"],\"inLanguage\":\"en-US\"},{\"@type\":\"WebPage\",\"@id\":\"https:\/\/www.icnova.fcsh.unl.pt\/lica-promove-a-formacao-gephi-teoria-e-analise-de-redes\/\",\"url\":\"https:\/\/www.icnova.fcsh.unl.pt\/lica-promove-a-formacao-gephi-teoria-e-analise-de-redes\/\",\"name\":\"LICA promove Forma\u00e7\u00f5es no ICNOVA - ICNOVA\",\"isPartOf\":{\"@id\":\"https:\/\/icnova.staging.widgilabs-sites.com\/#website\"},\"primaryImageOfPage\":{\"@id\":\"https:\/\/www.icnova.fcsh.unl.pt\/lica-promove-a-formacao-gephi-teoria-e-analise-de-redes\/#primaryimage\"},\"image\":{\"@id\":\"https:\/\/www.icnova.fcsh.unl.pt\/lica-promove-a-formacao-gephi-teoria-e-analise-de-redes\/#primaryimage\"},\"thumbnailUrl\":\"https:\/\/www.icnova.fcsh.unl.pt\/wp-content\/uploads\/2025\/11\/Eventos-Lica-6.png\",\"datePublished\":\"2025-11-24T16:00:00+00:00\",\"dateModified\":\"2025-12-23T11:47:12+00:00\",\"breadcrumb\":{\"@id\":\"https:\/\/www.icnova.fcsh.unl.pt\/lica-promove-a-formacao-gephi-teoria-e-analise-de-redes\/#breadcrumb\"},\"inLanguage\":\"en-US\",\"potentialAction\":[{\"@type\":\"ReadAction\",\"target\":[\"https:\/\/www.icnova.fcsh.unl.pt\/lica-promove-a-formacao-gephi-teoria-e-analise-de-redes\/\"]}]},{\"@type\":\"ImageObject\",\"inLanguage\":\"en-US\",\"@id\":\"https:\/\/www.icnova.fcsh.unl.pt\/lica-promove-a-formacao-gephi-teoria-e-analise-de-redes\/#primaryimage\",\"url\":\"https:\/\/www.icnova.fcsh.unl.pt\/wp-content\/uploads\/2025\/11\/Eventos-Lica-6.png\",\"contentUrl\":\"https:\/\/www.icnova.fcsh.unl.pt\/wp-content\/uploads\/2025\/11\/Eventos-Lica-6.png\",\"width\":1080,\"height\":1350},{\"@type\":\"BreadcrumbList\",\"@id\":\"https:\/\/www.icnova.fcsh.unl.pt\/lica-promove-a-formacao-gephi-teoria-e-analise-de-redes\/#breadcrumb\",\"itemListElement\":[{\"@type\":\"ListItem\",\"position\":1,\"name\":\"Home\",\"item\":\"https:\/\/www.icnova.fcsh.unl.pt\/en\/home\/\"},{\"@type\":\"ListItem\",\"position\":2,\"name\":\"LICA promove Forma\u00e7\u00f5es no ICNOVA\"}]},{\"@type\":\"WebSite\",\"@id\":\"https:\/\/icnova.staging.widgilabs-sites.com\/#website\",\"url\":\"https:\/\/icnova.staging.widgilabs-sites.com\/\",\"name\":\"ICNOVA\",\"description\":\"INSTITUTO DE COMUNICA\u00c7\u00c3O DA NOVA\",\"publisher\":{\"@id\":\"https:\/\/icnova.staging.widgilabs-sites.com\/#organization\"},\"potentialAction\":[{\"@type\":\"SearchAction\",\"target\":{\"@type\":\"EntryPoint\",\"urlTemplate\":\"https:\/\/icnova.staging.widgilabs-sites.com\/?s={search_term_string}\"},\"query-input\":\"required name=search_term_string\"}],\"inLanguage\":\"en-US\"},{\"@type\":\"Organization\",\"@id\":\"https:\/\/icnova.staging.widgilabs-sites.com\/#organization\",\"name\":\"ICNOVA\",\"url\":\"https:\/\/icnova.staging.widgilabs-sites.com\/\",\"logo\":{\"@type\":\"ImageObject\",\"inLanguage\":\"en-US\",\"@id\":\"https:\/\/icnova.staging.widgilabs-sites.com\/#\/schema\/logo\/image\/\",\"url\":\"https:\/\/www.icnova.fcsh.unl.pt\/wp-content\/uploads\/2020\/02\/logo2.png\",\"contentUrl\":\"https:\/\/www.icnova.fcsh.unl.pt\/wp-content\/uploads\/2020\/02\/logo2.png\",\"width\":730,\"height\":209,\"caption\":\"ICNOVA\"},\"image\":{\"@id\":\"https:\/\/icnova.staging.widgilabs-sites.com\/#\/schema\/logo\/image\/\"}},{\"@type\":\"Person\",\"@id\":\"https:\/\/icnova.staging.widgilabs-sites.com\/#\/schema\/person\/448361a3369e91f99e516588a123c7ee\",\"name\":\"B\u00e1rbara B. Novaes\",\"image\":{\"@type\":\"ImageObject\",\"inLanguage\":\"en-US\",\"@id\":\"https:\/\/icnova.staging.widgilabs-sites.com\/#\/schema\/person\/image\/\",\"url\":\"https:\/\/secure.gravatar.com\/avatar\/980018600039737321d16d8a0fe94fbf?s=96&d=mm&r=g\",\"contentUrl\":\"https:\/\/secure.gravatar.com\/avatar\/980018600039737321d16d8a0fe94fbf?s=96&d=mm&r=g\",\"caption\":\"B\u00e1rbara B. Novaes\"},\"url\":\"https:\/\/www.icnova.fcsh.unl.pt\/en\/author\/barbarabergg\/\"}]}<\/script>\n<!-- \/ Yoast SEO plugin. -->","yoast_head_json":{"title":"LICA promove Forma\u00e7\u00f5es no ICNOVA - ICNOVA","robots":{"index":"index","follow":"follow","max-snippet":"max-snippet:-1","max-image-preview":"max-image-preview:large","max-video-preview":"max-video-preview:-1"},"canonical":"https:\/\/www.icnova.fcsh.unl.pt\/lica-promove-a-formacao-gephi-teoria-e-analise-de-redes\/","og_locale":"en_US","og_type":"article","og_title":"LICA promove Forma\u00e7\u00f5es no ICNOVA - ICNOVA","og_description":"O Laborat\u00f3rio de Investiga\u00e7\u00e3o em Comunica\u00e7\u00e3o Aplicada (LICA), estrutura do ICNOVA dedicada \u00e0 investiga\u00e7\u00e3o e inova\u00e7\u00e3o em comunica\u00e7\u00e3o aplicada,&nbsp;promove ao longo do ano diversas forma\u00e7\u00f5es. Esta iniciativa integra-se na miss\u00e3o do LICA de capacitar investigadores, estudantes e profissionais com compet\u00eancias pr\u00e1ticas essenciais ao estudo e \u00e0 an\u00e1lise de redes,fundamentais para projetos de investiga\u00e7\u00e3o em comunica\u00e7\u00e3o,...","og_url":"https:\/\/www.icnova.fcsh.unl.pt\/lica-promove-a-formacao-gephi-teoria-e-analise-de-redes\/","og_site_name":"ICNOVA","article_published_time":"2025-11-24T16:00:00+00:00","article_modified_time":"2025-12-23T11:47:12+00:00","og_image":[{"width":1080,"height":1350,"url":"https:\/\/www.icnova.fcsh.unl.pt\/wp-content\/uploads\/2025\/11\/Eventos-Lica-6.png","type":"image\/png"}],"author":"B\u00e1rbara B. Novaes","twitter_card":"summary_large_image","twitter_misc":{"Written by":"B\u00e1rbara B. Novaes","Est. reading time":"4 minutes"},"schema":{"@context":"https:\/\/schema.org","@graph":[{"@type":"Article","@id":"https:\/\/www.icnova.fcsh.unl.pt\/lica-promove-a-formacao-gephi-teoria-e-analise-de-redes\/#article","isPartOf":{"@id":"https:\/\/www.icnova.fcsh.unl.pt\/lica-promove-a-formacao-gephi-teoria-e-analise-de-redes\/"},"author":{"name":"B\u00e1rbara B. Novaes","@id":"https:\/\/icnova.staging.widgilabs-sites.com\/#\/schema\/person\/448361a3369e91f99e516588a123c7ee"},"headline":"LICA promove Forma\u00e7\u00f5es no ICNOVA","datePublished":"2025-11-24T16:00:00+00:00","dateModified":"2025-12-23T11:47:12+00:00","mainEntityOfPage":{"@id":"https:\/\/www.icnova.fcsh.unl.pt\/lica-promove-a-formacao-gephi-teoria-e-analise-de-redes\/"},"wordCount":486,"publisher":{"@id":"https:\/\/icnova.staging.widgilabs-sites.com\/#organization"},"image":{"@id":"https:\/\/www.icnova.fcsh.unl.pt\/lica-promove-a-formacao-gephi-teoria-e-analise-de-redes\/#primaryimage"},"thumbnailUrl":"https:\/\/www.icnova.fcsh.unl.pt\/wp-content\/uploads\/2025\/11\/Eventos-Lica-6.png","keywords":["Comunica\u00e7\u00e3o Estrat\u00e9gica"],"articleSection":["Calls ICNOVA"],"inLanguage":"en-US"},{"@type":"WebPage","@id":"https:\/\/www.icnova.fcsh.unl.pt\/lica-promove-a-formacao-gephi-teoria-e-analise-de-redes\/","url":"https:\/\/www.icnova.fcsh.unl.pt\/lica-promove-a-formacao-gephi-teoria-e-analise-de-redes\/","name":"LICA promove Forma\u00e7\u00f5es no ICNOVA - ICNOVA","isPartOf":{"@id":"https:\/\/icnova.staging.widgilabs-sites.com\/#website"},"primaryImageOfPage":{"@id":"https:\/\/www.icnova.fcsh.unl.pt\/lica-promove-a-formacao-gephi-teoria-e-analise-de-redes\/#primaryimage"},"image":{"@id":"https:\/\/www.icnova.fcsh.unl.pt\/lica-promove-a-formacao-gephi-teoria-e-analise-de-redes\/#primaryimage"},"thumbnailUrl":"https:\/\/www.icnova.fcsh.unl.pt\/wp-content\/uploads\/2025\/11\/Eventos-Lica-6.png","datePublished":"2025-11-24T16:00:00+00:00","dateModified":"2025-12-23T11:47:12+00:00","breadcrumb":{"@id":"https:\/\/www.icnova.fcsh.unl.pt\/lica-promove-a-formacao-gephi-teoria-e-analise-de-redes\/#breadcrumb"},"inLanguage":"en-US","potentialAction":[{"@type":"ReadAction","target":["https:\/\/www.icnova.fcsh.unl.pt\/lica-promove-a-formacao-gephi-teoria-e-analise-de-redes\/"]}]},{"@type":"ImageObject","inLanguage":"en-US","@id":"https:\/\/www.icnova.fcsh.unl.pt\/lica-promove-a-formacao-gephi-teoria-e-analise-de-redes\/#primaryimage","url":"https:\/\/www.icnova.fcsh.unl.pt\/wp-content\/uploads\/2025\/11\/Eventos-Lica-6.png","contentUrl":"https:\/\/www.icnova.fcsh.unl.pt\/wp-content\/uploads\/2025\/11\/Eventos-Lica-6.png","width":1080,"height":1350},{"@type":"BreadcrumbList","@id":"https:\/\/www.icnova.fcsh.unl.pt\/lica-promove-a-formacao-gephi-teoria-e-analise-de-redes\/#breadcrumb","itemListElement":[{"@type":"ListItem","position":1,"name":"Home","item":"https:\/\/www.icnova.fcsh.unl.pt\/en\/home\/"},{"@type":"ListItem","position":2,"name":"LICA promove Forma\u00e7\u00f5es no ICNOVA"}]},{"@type":"WebSite","@id":"https:\/\/icnova.staging.widgilabs-sites.com\/#website","url":"https:\/\/icnova.staging.widgilabs-sites.com\/","name":"ICNOVA","description":"INSTITUTO DE COMUNICA\u00c7\u00c3O DA NOVA","publisher":{"@id":"https:\/\/icnova.staging.widgilabs-sites.com\/#organization"},"potentialAction":[{"@type":"SearchAction","target":{"@type":"EntryPoint","urlTemplate":"https:\/\/icnova.staging.widgilabs-sites.com\/?s={search_term_string}"},"query-input":"required name=search_term_string"}],"inLanguage":"en-US"},{"@type":"Organization","@id":"https:\/\/icnova.staging.widgilabs-sites.com\/#organization","name":"ICNOVA","url":"https:\/\/icnova.staging.widgilabs-sites.com\/","logo":{"@type":"ImageObject","inLanguage":"en-US","@id":"https:\/\/icnova.staging.widgilabs-sites.com\/#\/schema\/logo\/image\/","url":"https:\/\/www.icnova.fcsh.unl.pt\/wp-content\/uploads\/2020\/02\/logo2.png","contentUrl":"https:\/\/www.icnova.fcsh.unl.pt\/wp-content\/uploads\/2020\/02\/logo2.png","width":730,"height":209,"caption":"ICNOVA"},"image":{"@id":"https:\/\/icnova.staging.widgilabs-sites.com\/#\/schema\/logo\/image\/"}},{"@type":"Person","@id":"https:\/\/icnova.staging.widgilabs-sites.com\/#\/schema\/person\/448361a3369e91f99e516588a123c7ee","name":"B\u00e1rbara B. Novaes","image":{"@type":"ImageObject","inLanguage":"en-US","@id":"https:\/\/icnova.staging.widgilabs-sites.com\/#\/schema\/person\/image\/","url":"https:\/\/secure.gravatar.com\/avatar\/980018600039737321d16d8a0fe94fbf?s=96&d=mm&r=g","contentUrl":"https:\/\/secure.gravatar.com\/avatar\/980018600039737321d16d8a0fe94fbf?s=96&d=mm&r=g","caption":"B\u00e1rbara B. Novaes"},"url":"https:\/\/www.icnova.fcsh.unl.pt\/en\/author\/barbarabergg\/"}]}},"_links":{"self":[{"href":"https:\/\/www.icnova.fcsh.unl.pt\/en\/wp-json\/wp\/v2\/posts\/1005136"}],"collection":[{"href":"https:\/\/www.icnova.fcsh.unl.pt\/en\/wp-json\/wp\/v2\/posts"}],"about":[{"href":"https:\/\/www.icnova.fcsh.unl.pt\/en\/wp-json\/wp\/v2\/types\/post"}],"author":[{"embeddable":true,"href":"https:\/\/www.icnova.fcsh.unl.pt\/en\/wp-json\/wp\/v2\/users\/12"}],"replies":[{"embeddable":true,"href":"https:\/\/www.icnova.fcsh.unl.pt\/en\/wp-json\/wp\/v2\/comments?post=1005136"}],"version-history":[{"count":5,"href":"https:\/\/www.icnova.fcsh.unl.pt\/en\/wp-json\/wp\/v2\/posts\/1005136\/revisions"}],"predecessor-version":[{"id":1006062,"href":"https:\/\/www.icnova.fcsh.unl.pt\/en\/wp-json\/wp\/v2\/posts\/1005136\/revisions\/1006062"}],"wp:featuredmedia":[{"embeddable":true,"href":"https:\/\/www.icnova.fcsh.unl.pt\/en\/wp-json\/wp\/v2\/media\/1006065"}],"wp:attachment":[{"href":"https:\/\/www.icnova.fcsh.unl.pt\/en\/wp-json\/wp\/v2\/media?parent=1005136"}],"wp:term":[{"taxonomy":"category","embeddable":true,"href":"https:\/\/www.icnova.fcsh.unl.pt\/en\/wp-json\/wp\/v2\/categories?post=1005136"},{"taxonomy":"post_tag","embeddable":true,"href":"https:\/\/www.icnova.fcsh.unl.pt\/en\/wp-json\/wp\/v2\/tags?post=1005136"}],"curies":[{"name":"wp","href":"https:\/\/api.w.org\/{rel}","templated":true}]}}