{"id":1005321,"date":"2025-10-10T11:03:53","date_gmt":"2025-10-10T11:03:53","guid":{"rendered":"https:\/\/www.icnova.fcsh.unl.pt\/?p=1005321"},"modified":"2025-10-10T11:04:53","modified_gmt":"2025-10-10T11:04:53","slug":"seminario-em-torno-do-livro-guerras-culturais-de-joao-ferreira-dias-no-icnova","status":"publish","type":"post","link":"https:\/\/www.icnova.fcsh.unl.pt\/en\/seminario-em-torno-do-livro-guerras-culturais-de-joao-ferreira-dias-no-icnova\/","title":{"rendered":"Semin\u00e1rio em torno do livro Guerras Culturais, de Jo\u00e3o Ferreira Dias, no ICNOVA"},"content":{"rendered":"<div class=\"vgblk-rw-wrapper limit-wrapper\">\n<p><br><p data-start=\"260\" data-end=\"540\">O ICNOVA e o Grupo <strong data-start=\"279\" data-end=\"305\">Performance &amp; Cogni\u00e7\u00e3o<\/strong> convidam para o semin\u00e1rio em torno do mais recente livro de <strong data-start=\"366\" data-end=\"388\">Jo\u00e3o Ferreira Dias<\/strong>, <em data-start=\"390\" data-end=\"459\">\u201cGuerras Culturais: as bem-aventuran\u00e7as dos justos e dos (im)puros\u201d<\/em>, no \u00e2mbito do laborat\u00f3rio da disciplina <strong data-start=\"500\" data-end=\"537\">Teorias do Drama e do Espect\u00e1culo<\/strong>.<\/p><\/p>\n\n\n\n<p><p data-start=\"260\" data-end=\"540\"><strong data-start=\"545\" data-end=\"554\">Data:<\/strong> 29 de outubro de 2025<br><strong data-start=\"582\" data-end=\"594\">Hor\u00e1rio:<\/strong> 12h00 \u2013 14h00<br><strong data-start=\"614\" data-end=\"624\">Local:<\/strong> Anf. 1, Torre A, NOVA FCSH<\/p><\/p>\n\n\n\n<p><p data-start=\"260\" data-end=\"540\"><br>O livro estar\u00e1 dispon\u00edvel para compra no local, a um <strong data-start=\"710\" data-end=\"728\">pre\u00e7o especial<\/strong>. <\/p><\/p>\n\n\n\n<p><p data-start=\"260\" data-end=\"540\">Nesta sess\u00e3o, discutiremos como as sociedades contempor\u00e2neas se tornaram cada vez mais polarizadas \u2014 onde as diferen\u00e7as pol\u00edticas se transformam em conflitos identit\u00e1rios, e onde o espa\u00e7o comum parece encolher sob o peso das \u201cguerras culturais\u201d.<\/p><\/p>\n\n\n\n<p><strong>S<\/strong><strong data-start=\"986\" data-end=\"1004\" style=\"font-size: revert;\">obre o autor:<\/strong><p data-start=\"260\" data-end=\"540\">Jo\u00e3o Ferreira Dias \u00e9 Investigador Integrado do <strong data-start=\"1054\" data-end=\"1099\">Centro de Estudos Internacionais do ISCTE<\/strong>, coordena o <strong data-start=\"1112\" data-end=\"1167\">European Observatory on Liberalism and Culture Wars<\/strong> (ECPS) e \u00e9 <strong data-start=\"1179\" data-end=\"1218\">comentador pol\u00edtico na CNN Portugal<\/strong>.<\/p><br><p data-start=\"1223\" data-end=\"1388\">Organiza\u00e7\u00e3o: ICNOVA \u2013 Grupo Performance &amp; Cogni\u00e7\u00e3o<\/p><\/p>\n\n\n\n<figure class=\"wp-block-gallery has-nested-images columns-default is-cropped wp-block-gallery-1 is-layout-flex wp-block-gallery-is-layout-flex\">\n<figure class=\"wp-block-image size-large\"><img fetchpriority=\"high\" decoding=\"async\" width=\"819\" height=\"1024\" data-id=\"1005322\" src=\"https:\/\/www.icnova.fcsh.unl.pt\/wp-content\/uploads\/2025\/10\/Joao-Ferreira-Dias-1-819x1024.png\" alt=\"\" class=\"wp-image-1005322\" srcset=\"https:\/\/www.icnova.fcsh.unl.pt\/wp-content\/uploads\/2025\/10\/Joao-Ferreira-Dias-1-819x1024.png 819w, https:\/\/www.icnova.fcsh.unl.pt\/wp-content\/uploads\/2025\/10\/Joao-Ferreira-Dias-1-240x300.png 240w, https:\/\/www.icnova.fcsh.unl.pt\/wp-content\/uploads\/2025\/10\/Joao-Ferreira-Dias-1-768x960.png 768w, https:\/\/www.icnova.fcsh.unl.pt\/wp-content\/uploads\/2025\/10\/Joao-Ferreira-Dias-1.png 1080w\" sizes=\"(max-width: 819px) 100vw, 819px\" \/><\/figure>\n\n\n\n<figure class=\"wp-block-image size-large\"><img decoding=\"async\" width=\"819\" height=\"1024\" data-id=\"1005323\" src=\"https:\/\/www.icnova.fcsh.unl.pt\/wp-content\/uploads\/2025\/10\/Joao-Ferreira-Dias-2-819x1024.png\" alt=\"\" class=\"wp-image-1005323\" srcset=\"https:\/\/www.icnova.fcsh.unl.pt\/wp-content\/uploads\/2025\/10\/Joao-Ferreira-Dias-2-819x1024.png 819w, https:\/\/www.icnova.fcsh.unl.pt\/wp-content\/uploads\/2025\/10\/Joao-Ferreira-Dias-2-240x300.png 240w, https:\/\/www.icnova.fcsh.unl.pt\/wp-content\/uploads\/2025\/10\/Joao-Ferreira-Dias-2-768x960.png 768w, https:\/\/www.icnova.fcsh.unl.pt\/wp-content\/uploads\/2025\/10\/Joao-Ferreira-Dias-2.png 1080w\" sizes=\"(max-width: 819px) 100vw, 819px\" \/><\/figure>\n<\/figure>\n<\/div><!-- .vgblk-rw-wrapper -->","protected":false},"excerpt":{"rendered":"<p>O ICNOVA e o Grupo Performance &amp; Cogni\u00e7\u00e3o convidam para o semin\u00e1rio em torno do mais recente livro de Jo\u00e3o Ferreira Dias, \u201cGuerras Culturais: as bem-aventuran\u00e7as dos justos e dos (im)puros\u201d, no \u00e2mbito do laborat\u00f3rio da disciplina Teorias do Drama e do Espect\u00e1culo. Data: 29 de outubro de 2025Hor\u00e1rio: 12h00 \u2013 14h00Local: Anf. 1, Torre&#8230;<\/p>\n","protected":false},"author":12,"featured_media":1005326,"comment_status":"closed","ping_status":"closed","sticky":false,"template":"","format":"standard","meta":{"footnotes":""},"categories":[43,40],"tags":[189],"class_list":["post-1005321","post","type-post","status-publish","format-standard","has-post-thumbnail","hentry","category-eventos","category-news","tag-performance-e-cognicao"],"acf":[],"yoast_head":"<!-- This site is optimized with the Yoast SEO plugin v23.2 - https:\/\/yoast.com\/wordpress\/plugins\/seo\/ -->\n<title>Semin\u00e1rio em torno do livro Guerras Culturais, de Jo\u00e3o Ferreira Dias, no ICNOVA - ICNOVA<\/title>\n<meta name=\"robots\" content=\"index, follow, max-snippet:-1, max-image-preview:large, max-video-preview:-1\" \/>\n<link rel=\"canonical\" href=\"https:\/\/www.icnova.fcsh.unl.pt\/seminario-em-torno-do-livro-guerras-culturais-de-joao-ferreira-dias-no-icnova\/\" \/>\n<meta property=\"og:locale\" content=\"en_US\" \/>\n<meta property=\"og:type\" content=\"article\" \/>\n<meta property=\"og:title\" content=\"Semin\u00e1rio em torno do livro Guerras Culturais, de Jo\u00e3o Ferreira Dias, no ICNOVA - ICNOVA\" \/>\n<meta property=\"og:description\" content=\"O ICNOVA e o Grupo Performance &amp; Cogni\u00e7\u00e3o convidam para o semin\u00e1rio em torno do mais recente livro de Jo\u00e3o Ferreira Dias, \u201cGuerras Culturais: as bem-aventuran\u00e7as dos justos e dos (im)puros\u201d, no \u00e2mbito do laborat\u00f3rio da disciplina Teorias do Drama e do Espect\u00e1culo. Data: 29 de outubro de 2025Hor\u00e1rio: 12h00 \u2013 14h00Local: Anf. 1, Torre...\" \/>\n<meta property=\"og:url\" content=\"https:\/\/www.icnova.fcsh.unl.pt\/seminario-em-torno-do-livro-guerras-culturais-de-joao-ferreira-dias-no-icnova\/\" \/>\n<meta property=\"og:site_name\" content=\"ICNOVA\" \/>\n<meta property=\"article:published_time\" content=\"2025-10-10T11:03:53+00:00\" \/>\n<meta property=\"article:modified_time\" content=\"2025-10-10T11:04:53+00:00\" \/>\n<meta property=\"og:image\" content=\"https:\/\/www.icnova.fcsh.unl.pt\/wp-content\/uploads\/2025\/10\/Captura-de-Tela-2025-10-07-a\u0300s-16.00.34.png\" \/>\n\t<meta property=\"og:image:width\" content=\"1170\" \/>\n\t<meta property=\"og:image:height\" content=\"1746\" \/>\n\t<meta property=\"og:image:type\" content=\"image\/png\" \/>\n<meta name=\"author\" content=\"B\u00e1rbara B. Novaes\" \/>\n<meta name=\"twitter:card\" content=\"summary_large_image\" \/>\n<meta name=\"twitter:label1\" content=\"Written by\" \/>\n\t<meta name=\"twitter:data1\" content=\"B\u00e1rbara B. Novaes\" \/>\n\t<meta name=\"twitter:label2\" content=\"Est. reading time\" \/>\n\t<meta name=\"twitter:data2\" content=\"2 minutes\" \/>\n<script type=\"application\/ld+json\" class=\"yoast-schema-graph\">{\"@context\":\"https:\/\/schema.org\",\"@graph\":[{\"@type\":\"Article\",\"@id\":\"https:\/\/www.icnova.fcsh.unl.pt\/seminario-em-torno-do-livro-guerras-culturais-de-joao-ferreira-dias-no-icnova\/#article\",\"isPartOf\":{\"@id\":\"https:\/\/www.icnova.fcsh.unl.pt\/seminario-em-torno-do-livro-guerras-culturais-de-joao-ferreira-dias-no-icnova\/\"},\"author\":{\"name\":\"B\u00e1rbara B. Novaes\",\"@id\":\"https:\/\/icnova.staging.widgilabs-sites.com\/#\/schema\/person\/448361a3369e91f99e516588a123c7ee\"},\"headline\":\"Semin\u00e1rio em torno do livro Guerras Culturais, de Jo\u00e3o Ferreira Dias, no ICNOVA\",\"datePublished\":\"2025-10-10T11:03:53+00:00\",\"dateModified\":\"2025-10-10T11:04:53+00:00\",\"mainEntityOfPage\":{\"@id\":\"https:\/\/www.icnova.fcsh.unl.pt\/seminario-em-torno-do-livro-guerras-culturais-de-joao-ferreira-dias-no-icnova\/\"},\"wordCount\":176,\"publisher\":{\"@id\":\"https:\/\/icnova.staging.widgilabs-sites.com\/#organization\"},\"image\":{\"@id\":\"https:\/\/www.icnova.fcsh.unl.pt\/seminario-em-torno-do-livro-guerras-culturais-de-joao-ferreira-dias-no-icnova\/#primaryimage\"},\"thumbnailUrl\":\"https:\/\/www.icnova.fcsh.unl.pt\/wp-content\/uploads\/2025\/10\/Captura-de-Tela-2025-10-07-a\u0300s-16.00.34.png\",\"keywords\":[\"Performance e Cogni\u00e7\u00e3o\"],\"articleSection\":[\"Eventos\",\"Not\u00edcias\"],\"inLanguage\":\"en-US\"},{\"@type\":\"WebPage\",\"@id\":\"https:\/\/www.icnova.fcsh.unl.pt\/seminario-em-torno-do-livro-guerras-culturais-de-joao-ferreira-dias-no-icnova\/\",\"url\":\"https:\/\/www.icnova.fcsh.unl.pt\/seminario-em-torno-do-livro-guerras-culturais-de-joao-ferreira-dias-no-icnova\/\",\"name\":\"Semin\u00e1rio em torno do livro Guerras Culturais, de Jo\u00e3o Ferreira Dias, no ICNOVA - ICNOVA\",\"isPartOf\":{\"@id\":\"https:\/\/icnova.staging.widgilabs-sites.com\/#website\"},\"primaryImageOfPage\":{\"@id\":\"https:\/\/www.icnova.fcsh.unl.pt\/seminario-em-torno-do-livro-guerras-culturais-de-joao-ferreira-dias-no-icnova\/#primaryimage\"},\"image\":{\"@id\":\"https:\/\/www.icnova.fcsh.unl.pt\/seminario-em-torno-do-livro-guerras-culturais-de-joao-ferreira-dias-no-icnova\/#primaryimage\"},\"thumbnailUrl\":\"https:\/\/www.icnova.fcsh.unl.pt\/wp-content\/uploads\/2025\/10\/Captura-de-Tela-2025-10-07-a\u0300s-16.00.34.png\",\"datePublished\":\"2025-10-10T11:03:53+00:00\",\"dateModified\":\"2025-10-10T11:04:53+00:00\",\"breadcrumb\":{\"@id\":\"https:\/\/www.icnova.fcsh.unl.pt\/seminario-em-torno-do-livro-guerras-culturais-de-joao-ferreira-dias-no-icnova\/#breadcrumb\"},\"inLanguage\":\"en-US\",\"potentialAction\":[{\"@type\":\"ReadAction\",\"target\":[\"https:\/\/www.icnova.fcsh.unl.pt\/seminario-em-torno-do-livro-guerras-culturais-de-joao-ferreira-dias-no-icnova\/\"]}]},{\"@type\":\"ImageObject\",\"inLanguage\":\"en-US\",\"@id\":\"https:\/\/www.icnova.fcsh.unl.pt\/seminario-em-torno-do-livro-guerras-culturais-de-joao-ferreira-dias-no-icnova\/#primaryimage\",\"url\":\"https:\/\/www.icnova.fcsh.unl.pt\/wp-content\/uploads\/2025\/10\/Captura-de-Tela-2025-10-07-a\u0300s-16.00.34.png\",\"contentUrl\":\"https:\/\/www.icnova.fcsh.unl.pt\/wp-content\/uploads\/2025\/10\/Captura-de-Tela-2025-10-07-a\u0300s-16.00.34.png\",\"width\":1170,\"height\":1746},{\"@type\":\"BreadcrumbList\",\"@id\":\"https:\/\/www.icnova.fcsh.unl.pt\/seminario-em-torno-do-livro-guerras-culturais-de-joao-ferreira-dias-no-icnova\/#breadcrumb\",\"itemListElement\":[{\"@type\":\"ListItem\",\"position\":1,\"name\":\"Home\",\"item\":\"https:\/\/www.icnova.fcsh.unl.pt\/en\/home\/\"},{\"@type\":\"ListItem\",\"position\":2,\"name\":\"Semin\u00e1rio em torno do livro Guerras Culturais, de Jo\u00e3o Ferreira Dias, no ICNOVA\"}]},{\"@type\":\"WebSite\",\"@id\":\"https:\/\/icnova.staging.widgilabs-sites.com\/#website\",\"url\":\"https:\/\/icnova.staging.widgilabs-sites.com\/\",\"name\":\"ICNOVA\",\"description\":\"INSTITUTO DE COMUNICA\u00c7\u00c3O DA NOVA\",\"publisher\":{\"@id\":\"https:\/\/icnova.staging.widgilabs-sites.com\/#organization\"},\"potentialAction\":[{\"@type\":\"SearchAction\",\"target\":{\"@type\":\"EntryPoint\",\"urlTemplate\":\"https:\/\/icnova.staging.widgilabs-sites.com\/?s={search_term_string}\"},\"query-input\":\"required name=search_term_string\"}],\"inLanguage\":\"en-US\"},{\"@type\":\"Organization\",\"@id\":\"https:\/\/icnova.staging.widgilabs-sites.com\/#organization\",\"name\":\"ICNOVA\",\"url\":\"https:\/\/icnova.staging.widgilabs-sites.com\/\",\"logo\":{\"@type\":\"ImageObject\",\"inLanguage\":\"en-US\",\"@id\":\"https:\/\/icnova.staging.widgilabs-sites.com\/#\/schema\/logo\/image\/\",\"url\":\"https:\/\/www.icnova.fcsh.unl.pt\/wp-content\/uploads\/2020\/02\/logo2.png\",\"contentUrl\":\"https:\/\/www.icnova.fcsh.unl.pt\/wp-content\/uploads\/2020\/02\/logo2.png\",\"width\":730,\"height\":209,\"caption\":\"ICNOVA\"},\"image\":{\"@id\":\"https:\/\/icnova.staging.widgilabs-sites.com\/#\/schema\/logo\/image\/\"}},{\"@type\":\"Person\",\"@id\":\"https:\/\/icnova.staging.widgilabs-sites.com\/#\/schema\/person\/448361a3369e91f99e516588a123c7ee\",\"name\":\"B\u00e1rbara B. Novaes\",\"image\":{\"@type\":\"ImageObject\",\"inLanguage\":\"en-US\",\"@id\":\"https:\/\/icnova.staging.widgilabs-sites.com\/#\/schema\/person\/image\/\",\"url\":\"https:\/\/secure.gravatar.com\/avatar\/980018600039737321d16d8a0fe94fbf?s=96&d=mm&r=g\",\"contentUrl\":\"https:\/\/secure.gravatar.com\/avatar\/980018600039737321d16d8a0fe94fbf?s=96&d=mm&r=g\",\"caption\":\"B\u00e1rbara B. Novaes\"},\"url\":\"https:\/\/www.icnova.fcsh.unl.pt\/en\/author\/barbarabergg\/\"}]}<\/script>\n<!-- \/ Yoast SEO plugin. -->","yoast_head_json":{"title":"Semin\u00e1rio em torno do livro Guerras Culturais, de Jo\u00e3o Ferreira Dias, no ICNOVA - ICNOVA","robots":{"index":"index","follow":"follow","max-snippet":"max-snippet:-1","max-image-preview":"max-image-preview:large","max-video-preview":"max-video-preview:-1"},"canonical":"https:\/\/www.icnova.fcsh.unl.pt\/seminario-em-torno-do-livro-guerras-culturais-de-joao-ferreira-dias-no-icnova\/","og_locale":"en_US","og_type":"article","og_title":"Semin\u00e1rio em torno do livro Guerras Culturais, de Jo\u00e3o Ferreira Dias, no ICNOVA - ICNOVA","og_description":"O ICNOVA e o Grupo Performance &amp; Cogni\u00e7\u00e3o convidam para o semin\u00e1rio em torno do mais recente livro de Jo\u00e3o Ferreira Dias, \u201cGuerras Culturais: as bem-aventuran\u00e7as dos justos e dos (im)puros\u201d, no \u00e2mbito do laborat\u00f3rio da disciplina Teorias do Drama e do Espect\u00e1culo. Data: 29 de outubro de 2025Hor\u00e1rio: 12h00 \u2013 14h00Local: Anf. 1, Torre...","og_url":"https:\/\/www.icnova.fcsh.unl.pt\/seminario-em-torno-do-livro-guerras-culturais-de-joao-ferreira-dias-no-icnova\/","og_site_name":"ICNOVA","article_published_time":"2025-10-10T11:03:53+00:00","article_modified_time":"2025-10-10T11:04:53+00:00","og_image":[{"width":1170,"height":1746,"url":"https:\/\/www.icnova.fcsh.unl.pt\/wp-content\/uploads\/2025\/10\/Captura-de-Tela-2025-10-07-a\u0300s-16.00.34.png","type":"image\/png"}],"author":"B\u00e1rbara B. Novaes","twitter_card":"summary_large_image","twitter_misc":{"Written by":"B\u00e1rbara B. Novaes","Est. reading time":"2 minutes"},"schema":{"@context":"https:\/\/schema.org","@graph":[{"@type":"Article","@id":"https:\/\/www.icnova.fcsh.unl.pt\/seminario-em-torno-do-livro-guerras-culturais-de-joao-ferreira-dias-no-icnova\/#article","isPartOf":{"@id":"https:\/\/www.icnova.fcsh.unl.pt\/seminario-em-torno-do-livro-guerras-culturais-de-joao-ferreira-dias-no-icnova\/"},"author":{"name":"B\u00e1rbara B. Novaes","@id":"https:\/\/icnova.staging.widgilabs-sites.com\/#\/schema\/person\/448361a3369e91f99e516588a123c7ee"},"headline":"Semin\u00e1rio em torno do livro Guerras Culturais, de Jo\u00e3o Ferreira Dias, no ICNOVA","datePublished":"2025-10-10T11:03:53+00:00","dateModified":"2025-10-10T11:04:53+00:00","mainEntityOfPage":{"@id":"https:\/\/www.icnova.fcsh.unl.pt\/seminario-em-torno-do-livro-guerras-culturais-de-joao-ferreira-dias-no-icnova\/"},"wordCount":176,"publisher":{"@id":"https:\/\/icnova.staging.widgilabs-sites.com\/#organization"},"image":{"@id":"https:\/\/www.icnova.fcsh.unl.pt\/seminario-em-torno-do-livro-guerras-culturais-de-joao-ferreira-dias-no-icnova\/#primaryimage"},"thumbnailUrl":"https:\/\/www.icnova.fcsh.unl.pt\/wp-content\/uploads\/2025\/10\/Captura-de-Tela-2025-10-07-a\u0300s-16.00.34.png","keywords":["Performance e Cogni\u00e7\u00e3o"],"articleSection":["Eventos","Not\u00edcias"],"inLanguage":"en-US"},{"@type":"WebPage","@id":"https:\/\/www.icnova.fcsh.unl.pt\/seminario-em-torno-do-livro-guerras-culturais-de-joao-ferreira-dias-no-icnova\/","url":"https:\/\/www.icnova.fcsh.unl.pt\/seminario-em-torno-do-livro-guerras-culturais-de-joao-ferreira-dias-no-icnova\/","name":"Semin\u00e1rio em torno do livro Guerras Culturais, de Jo\u00e3o Ferreira Dias, no ICNOVA - ICNOVA","isPartOf":{"@id":"https:\/\/icnova.staging.widgilabs-sites.com\/#website"},"primaryImageOfPage":{"@id":"https:\/\/www.icnova.fcsh.unl.pt\/seminario-em-torno-do-livro-guerras-culturais-de-joao-ferreira-dias-no-icnova\/#primaryimage"},"image":{"@id":"https:\/\/www.icnova.fcsh.unl.pt\/seminario-em-torno-do-livro-guerras-culturais-de-joao-ferreira-dias-no-icnova\/#primaryimage"},"thumbnailUrl":"https:\/\/www.icnova.fcsh.unl.pt\/wp-content\/uploads\/2025\/10\/Captura-de-Tela-2025-10-07-a\u0300s-16.00.34.png","datePublished":"2025-10-10T11:03:53+00:00","dateModified":"2025-10-10T11:04:53+00:00","breadcrumb":{"@id":"https:\/\/www.icnova.fcsh.unl.pt\/seminario-em-torno-do-livro-guerras-culturais-de-joao-ferreira-dias-no-icnova\/#breadcrumb"},"inLanguage":"en-US","potentialAction":[{"@type":"ReadAction","target":["https:\/\/www.icnova.fcsh.unl.pt\/seminario-em-torno-do-livro-guerras-culturais-de-joao-ferreira-dias-no-icnova\/"]}]},{"@type":"ImageObject","inLanguage":"en-US","@id":"https:\/\/www.icnova.fcsh.unl.pt\/seminario-em-torno-do-livro-guerras-culturais-de-joao-ferreira-dias-no-icnova\/#primaryimage","url":"https:\/\/www.icnova.fcsh.unl.pt\/wp-content\/uploads\/2025\/10\/Captura-de-Tela-2025-10-07-a\u0300s-16.00.34.png","contentUrl":"https:\/\/www.icnova.fcsh.unl.pt\/wp-content\/uploads\/2025\/10\/Captura-de-Tela-2025-10-07-a\u0300s-16.00.34.png","width":1170,"height":1746},{"@type":"BreadcrumbList","@id":"https:\/\/www.icnova.fcsh.unl.pt\/seminario-em-torno-do-livro-guerras-culturais-de-joao-ferreira-dias-no-icnova\/#breadcrumb","itemListElement":[{"@type":"ListItem","position":1,"name":"Home","item":"https:\/\/www.icnova.fcsh.unl.pt\/en\/home\/"},{"@type":"ListItem","position":2,"name":"Semin\u00e1rio em torno do livro Guerras Culturais, de Jo\u00e3o Ferreira Dias, no ICNOVA"}]},{"@type":"WebSite","@id":"https:\/\/icnova.staging.widgilabs-sites.com\/#website","url":"https:\/\/icnova.staging.widgilabs-sites.com\/","name":"ICNOVA","description":"INSTITUTO DE COMUNICA\u00c7\u00c3O DA NOVA","publisher":{"@id":"https:\/\/icnova.staging.widgilabs-sites.com\/#organization"},"potentialAction":[{"@type":"SearchAction","target":{"@type":"EntryPoint","urlTemplate":"https:\/\/icnova.staging.widgilabs-sites.com\/?s={search_term_string}"},"query-input":"required name=search_term_string"}],"inLanguage":"en-US"},{"@type":"Organization","@id":"https:\/\/icnova.staging.widgilabs-sites.com\/#organization","name":"ICNOVA","url":"https:\/\/icnova.staging.widgilabs-sites.com\/","logo":{"@type":"ImageObject","inLanguage":"en-US","@id":"https:\/\/icnova.staging.widgilabs-sites.com\/#\/schema\/logo\/image\/","url":"https:\/\/www.icnova.fcsh.unl.pt\/wp-content\/uploads\/2020\/02\/logo2.png","contentUrl":"https:\/\/www.icnova.fcsh.unl.pt\/wp-content\/uploads\/2020\/02\/logo2.png","width":730,"height":209,"caption":"ICNOVA"},"image":{"@id":"https:\/\/icnova.staging.widgilabs-sites.com\/#\/schema\/logo\/image\/"}},{"@type":"Person","@id":"https:\/\/icnova.staging.widgilabs-sites.com\/#\/schema\/person\/448361a3369e91f99e516588a123c7ee","name":"B\u00e1rbara B. Novaes","image":{"@type":"ImageObject","inLanguage":"en-US","@id":"https:\/\/icnova.staging.widgilabs-sites.com\/#\/schema\/person\/image\/","url":"https:\/\/secure.gravatar.com\/avatar\/980018600039737321d16d8a0fe94fbf?s=96&d=mm&r=g","contentUrl":"https:\/\/secure.gravatar.com\/avatar\/980018600039737321d16d8a0fe94fbf?s=96&d=mm&r=g","caption":"B\u00e1rbara B. Novaes"},"url":"https:\/\/www.icnova.fcsh.unl.pt\/en\/author\/barbarabergg\/"}]}},"_links":{"self":[{"href":"https:\/\/www.icnova.fcsh.unl.pt\/en\/wp-json\/wp\/v2\/posts\/1005321"}],"collection":[{"href":"https:\/\/www.icnova.fcsh.unl.pt\/en\/wp-json\/wp\/v2\/posts"}],"about":[{"href":"https:\/\/www.icnova.fcsh.unl.pt\/en\/wp-json\/wp\/v2\/types\/post"}],"author":[{"embeddable":true,"href":"https:\/\/www.icnova.fcsh.unl.pt\/en\/wp-json\/wp\/v2\/users\/12"}],"replies":[{"embeddable":true,"href":"https:\/\/www.icnova.fcsh.unl.pt\/en\/wp-json\/wp\/v2\/comments?post=1005321"}],"version-history":[{"count":3,"href":"https:\/\/www.icnova.fcsh.unl.pt\/en\/wp-json\/wp\/v2\/posts\/1005321\/revisions"}],"predecessor-version":[{"id":1005331,"href":"https:\/\/www.icnova.fcsh.unl.pt\/en\/wp-json\/wp\/v2\/posts\/1005321\/revisions\/1005331"}],"wp:featuredmedia":[{"embeddable":true,"href":"https:\/\/www.icnova.fcsh.unl.pt\/en\/wp-json\/wp\/v2\/media\/1005326"}],"wp:attachment":[{"href":"https:\/\/www.icnova.fcsh.unl.pt\/en\/wp-json\/wp\/v2\/media?parent=1005321"}],"wp:term":[{"taxonomy":"category","embeddable":true,"href":"https:\/\/www.icnova.fcsh.unl.pt\/en\/wp-json\/wp\/v2\/categories?post=1005321"},{"taxonomy":"post_tag","embeddable":true,"href":"https:\/\/www.icnova.fcsh.unl.pt\/en\/wp-json\/wp\/v2\/tags?post=1005321"}],"curies":[{"name":"wp","href":"https:\/\/api.w.org\/{rel}","templated":true}]}}