{"id":1006268,"date":"2026-02-20T13:59:22","date_gmt":"2026-02-20T13:59:22","guid":{"rendered":"https:\/\/www.icnova.fcsh.unl.pt\/?p=1006268"},"modified":"2026-02-23T09:42:47","modified_gmt":"2026-02-23T09:42:47","slug":"icnova-preparacao-relatorio-estado-direito","status":"publish","type":"post","link":"https:\/\/www.icnova.fcsh.unl.pt\/en\/icnova-preparacao-relatorio-estado-direito\/","title":{"rendered":"ICNOVA na prepara\u00e7\u00e3o do Relat\u00f3rio sobre o Estado de Direito"},"content":{"rendered":"<div class=\"vgblk-rw-wrapper limit-wrapper\">\n<p>No pr\u00f3ximo <strong>dia 25 de fevereiro<\/strong>, o investigador <strong>Lu\u00eds Oliveira Martins<\/strong> participar\u00e1, em representa\u00e7\u00e3o do ICNOVA, na reuni\u00e3o promovida pela <strong>Comiss\u00e3o Europeia<\/strong> no \u00e2mbito da prepara\u00e7\u00e3o da edi\u00e7\u00e3o de 2026 do <strong>Relat\u00f3rio sobre o Estado de Direito<\/strong>.<\/p>\n\n\n\n<p>O Relat\u00f3rio sobre o Estado de Direito da Comiss\u00e3o Europeia \u00e9 um documento anual que avalia a situa\u00e7\u00e3o do Estado de direito nos pa\u00edses da Uni\u00e3o Europeia, analisando dimens\u00f5es como a independ\u00eancia do sistema judicial, a liberdade de imprensa, o combate \u00e0 corrup\u00e7\u00e3o e o equil\u00edbrio de poderes.<\/p>\n\n\n\n<p>Para a elabora\u00e7\u00e3o do relat\u00f3rio de 2026, a Comiss\u00e3o Europeia est\u00e1 a realizar uma consulta espec\u00edfica, convidando diversas partes interessadas \u2014 incluindo investigadores e institui\u00e7\u00f5es acad\u00e9micas \u2014 a contribuir com informa\u00e7\u00e3o, dados e an\u00e1lises especializadas.<\/p>\n\n\n\n<p>A participa\u00e7\u00e3o de Lu\u00eds Oliveira Martins nesta reuni\u00e3o insere-se no contributo do ICNOVA para o debate europeu em torno da liberdade de imprensa, media e democracia, refor\u00e7ando o envolvimento do instituto em processos de reflex\u00e3o e monitoriza\u00e7\u00e3o de pol\u00edticas p\u00fablicas \u00e0 escala da Uni\u00e3o Europeia.<\/p>\n\n\n\n<p>Saiba mais: <a href=\"https:\/\/commission.europa.eu\/strategy-and-policy\/policies\/justice-and-fundamental-rights\/upholding-rule-law\/rule-law\/annual-rule-law-cycle\/2025-rule-law-report_en?prefLang=pt\">https:\/\/commission.europa.eu\/strategy-and-policy\/policies\/justice-and-fundamental-rights\/upholding-rule-law\/rule-law\/annual-rule-law-cycle\/2025-rule-law-report_en?prefLang=pt<\/a><\/p>\n<\/div><!-- .vgblk-rw-wrapper -->","protected":false},"excerpt":{"rendered":"<p>No pr\u00f3ximo dia 25 de fevereiro, o investigador Lu\u00eds Oliveira Martins participar\u00e1, em representa\u00e7\u00e3o do ICNOVA, na reuni\u00e3o promovida pela Comiss\u00e3o Europeia no \u00e2mbito da prepara\u00e7\u00e3o da edi\u00e7\u00e3o de 2026 do Relat\u00f3rio sobre o Estado de Direito. O Relat\u00f3rio sobre o Estado de Direito da Comiss\u00e3o Europeia \u00e9 um documento anual que avalia a situa\u00e7\u00e3o&#8230;<\/p>\n","protected":false},"author":18,"featured_media":1006270,"comment_status":"closed","ping_status":"closed","sticky":false,"template":"","format":"standard","meta":{"footnotes":""},"categories":[40],"tags":[],"class_list":["post-1006268","post","type-post","status-publish","format-standard","has-post-thumbnail","hentry","category-news"],"acf":[],"yoast_head":"<!-- This site is optimized with the Yoast SEO plugin v23.2 - https:\/\/yoast.com\/wordpress\/plugins\/seo\/ -->\n<title>ICNOVA na prepara\u00e7\u00e3o do Relat\u00f3rio sobre o Estado de Direito<\/title>\n<meta name=\"description\" content=\"Lu\u00eds Oliveira Martins participar\u00e1, em representa\u00e7\u00e3o do ICNOVA, na reuni\u00e3o de prepara\u00e7\u00e3o do Relat\u00f3rio sobre o Estado de Direito 2026.\" \/>\n<meta name=\"robots\" content=\"index, follow, max-snippet:-1, max-image-preview:large, max-video-preview:-1\" \/>\n<link rel=\"canonical\" href=\"https:\/\/www.icnova.fcsh.unl.pt\/icnova-preparacao-relatorio-estado-direito\/\" \/>\n<meta property=\"og:locale\" content=\"en_US\" \/>\n<meta property=\"og:type\" content=\"article\" \/>\n<meta property=\"og:title\" content=\"ICNOVA na prepara\u00e7\u00e3o do Relat\u00f3rio sobre o Estado de Direito\" \/>\n<meta property=\"og:description\" content=\"Lu\u00eds Oliveira Martins participar\u00e1, em representa\u00e7\u00e3o do ICNOVA, na reuni\u00e3o de prepara\u00e7\u00e3o do Relat\u00f3rio sobre o Estado de Direito 2026.\" \/>\n<meta property=\"og:url\" content=\"https:\/\/www.icnova.fcsh.unl.pt\/icnova-preparacao-relatorio-estado-direito\/\" \/>\n<meta property=\"og:site_name\" content=\"ICNOVA\" \/>\n<meta property=\"article:published_time\" content=\"2026-02-20T13:59:22+00:00\" \/>\n<meta property=\"article:modified_time\" content=\"2026-02-23T09:42:47+00:00\" \/>\n<meta property=\"og:image\" content=\"https:\/\/www.icnova.fcsh.unl.pt\/wp-content\/uploads\/2026\/02\/Design-sem-nome-1.jpg\" \/>\n\t<meta property=\"og:image:width\" content=\"1920\" \/>\n\t<meta property=\"og:image:height\" content=\"1080\" \/>\n\t<meta property=\"og:image:type\" content=\"image\/jpeg\" \/>\n<meta name=\"author\" content=\"Paulo Nuno Vicente\" \/>\n<meta name=\"twitter:card\" content=\"summary_large_image\" \/>\n<meta name=\"twitter:label1\" content=\"Written by\" \/>\n\t<meta name=\"twitter:data1\" content=\"Paulo Nuno Vicente\" \/>\n\t<meta name=\"twitter:label2\" content=\"Est. reading time\" \/>\n\t<meta name=\"twitter:data2\" content=\"2 minutes\" \/>\n<script type=\"application\/ld+json\" class=\"yoast-schema-graph\">{\"@context\":\"https:\/\/schema.org\",\"@graph\":[{\"@type\":\"Article\",\"@id\":\"https:\/\/www.icnova.fcsh.unl.pt\/icnova-preparacao-relatorio-estado-direito\/#article\",\"isPartOf\":{\"@id\":\"https:\/\/www.icnova.fcsh.unl.pt\/icnova-preparacao-relatorio-estado-direito\/\"},\"author\":{\"name\":\"Paulo Nuno Vicente\",\"@id\":\"https:\/\/icnova.staging.widgilabs-sites.com\/#\/schema\/person\/a39c880d2477a551683eb43cf3d18074\"},\"headline\":\"ICNOVA na prepara\u00e7\u00e3o do Relat\u00f3rio sobre o Estado de Direito\",\"datePublished\":\"2026-02-20T13:59:22+00:00\",\"dateModified\":\"2026-02-23T09:42:47+00:00\",\"mainEntityOfPage\":{\"@id\":\"https:\/\/www.icnova.fcsh.unl.pt\/icnova-preparacao-relatorio-estado-direito\/\"},\"wordCount\":219,\"publisher\":{\"@id\":\"https:\/\/icnova.staging.widgilabs-sites.com\/#organization\"},\"image\":{\"@id\":\"https:\/\/www.icnova.fcsh.unl.pt\/icnova-preparacao-relatorio-estado-direito\/#primaryimage\"},\"thumbnailUrl\":\"https:\/\/www.icnova.fcsh.unl.pt\/wp-content\/uploads\/2026\/02\/Design-sem-nome-1.jpg\",\"articleSection\":[\"Not\u00edcias\"],\"inLanguage\":\"en-US\"},{\"@type\":\"WebPage\",\"@id\":\"https:\/\/www.icnova.fcsh.unl.pt\/icnova-preparacao-relatorio-estado-direito\/\",\"url\":\"https:\/\/www.icnova.fcsh.unl.pt\/icnova-preparacao-relatorio-estado-direito\/\",\"name\":\"ICNOVA na prepara\u00e7\u00e3o do Relat\u00f3rio sobre o Estado de Direito\",\"isPartOf\":{\"@id\":\"https:\/\/icnova.staging.widgilabs-sites.com\/#website\"},\"primaryImageOfPage\":{\"@id\":\"https:\/\/www.icnova.fcsh.unl.pt\/icnova-preparacao-relatorio-estado-direito\/#primaryimage\"},\"image\":{\"@id\":\"https:\/\/www.icnova.fcsh.unl.pt\/icnova-preparacao-relatorio-estado-direito\/#primaryimage\"},\"thumbnailUrl\":\"https:\/\/www.icnova.fcsh.unl.pt\/wp-content\/uploads\/2026\/02\/Design-sem-nome-1.jpg\",\"datePublished\":\"2026-02-20T13:59:22+00:00\",\"dateModified\":\"2026-02-23T09:42:47+00:00\",\"description\":\"Lu\u00eds Oliveira Martins participar\u00e1, em representa\u00e7\u00e3o do ICNOVA, na reuni\u00e3o de prepara\u00e7\u00e3o do Relat\u00f3rio sobre o Estado de Direito 2026.\",\"breadcrumb\":{\"@id\":\"https:\/\/www.icnova.fcsh.unl.pt\/icnova-preparacao-relatorio-estado-direito\/#breadcrumb\"},\"inLanguage\":\"en-US\",\"potentialAction\":[{\"@type\":\"ReadAction\",\"target\":[\"https:\/\/www.icnova.fcsh.unl.pt\/icnova-preparacao-relatorio-estado-direito\/\"]}]},{\"@type\":\"ImageObject\",\"inLanguage\":\"en-US\",\"@id\":\"https:\/\/www.icnova.fcsh.unl.pt\/icnova-preparacao-relatorio-estado-direito\/#primaryimage\",\"url\":\"https:\/\/www.icnova.fcsh.unl.pt\/wp-content\/uploads\/2026\/02\/Design-sem-nome-1.jpg\",\"contentUrl\":\"https:\/\/www.icnova.fcsh.unl.pt\/wp-content\/uploads\/2026\/02\/Design-sem-nome-1.jpg\",\"width\":1920,\"height\":1080,\"caption\":\"Retrato do investigador Lu\u00eds Martins Oliveira, que estar\u00e1 na Comiss\u00e3o Europeia para para prepara\u00e7\u00e3o do Relat\u00f3rio sobre o Estado de Direito 2026.\"},{\"@type\":\"BreadcrumbList\",\"@id\":\"https:\/\/www.icnova.fcsh.unl.pt\/icnova-preparacao-relatorio-estado-direito\/#breadcrumb\",\"itemListElement\":[{\"@type\":\"ListItem\",\"position\":1,\"name\":\"Home\",\"item\":\"https:\/\/www.icnova.fcsh.unl.pt\/en\/home\/\"},{\"@type\":\"ListItem\",\"position\":2,\"name\":\"ICNOVA na prepara\u00e7\u00e3o do Relat\u00f3rio sobre o Estado de Direito\"}]},{\"@type\":\"WebSite\",\"@id\":\"https:\/\/icnova.staging.widgilabs-sites.com\/#website\",\"url\":\"https:\/\/icnova.staging.widgilabs-sites.com\/\",\"name\":\"ICNOVA\",\"description\":\"INSTITUTO DE COMUNICA\u00c7\u00c3O DA NOVA\",\"publisher\":{\"@id\":\"https:\/\/icnova.staging.widgilabs-sites.com\/#organization\"},\"potentialAction\":[{\"@type\":\"SearchAction\",\"target\":{\"@type\":\"EntryPoint\",\"urlTemplate\":\"https:\/\/icnova.staging.widgilabs-sites.com\/?s={search_term_string}\"},\"query-input\":\"required name=search_term_string\"}],\"inLanguage\":\"en-US\"},{\"@type\":\"Organization\",\"@id\":\"https:\/\/icnova.staging.widgilabs-sites.com\/#organization\",\"name\":\"ICNOVA\",\"url\":\"https:\/\/icnova.staging.widgilabs-sites.com\/\",\"logo\":{\"@type\":\"ImageObject\",\"inLanguage\":\"en-US\",\"@id\":\"https:\/\/icnova.staging.widgilabs-sites.com\/#\/schema\/logo\/image\/\",\"url\":\"https:\/\/www.icnova.fcsh.unl.pt\/wp-content\/uploads\/2020\/02\/logo2.png\",\"contentUrl\":\"https:\/\/www.icnova.fcsh.unl.pt\/wp-content\/uploads\/2020\/02\/logo2.png\",\"width\":730,\"height\":209,\"caption\":\"ICNOVA\"},\"image\":{\"@id\":\"https:\/\/icnova.staging.widgilabs-sites.com\/#\/schema\/logo\/image\/\"}},{\"@type\":\"Person\",\"@id\":\"https:\/\/icnova.staging.widgilabs-sites.com\/#\/schema\/person\/a39c880d2477a551683eb43cf3d18074\",\"name\":\"Paulo Nuno Vicente\",\"image\":{\"@type\":\"ImageObject\",\"inLanguage\":\"en-US\",\"@id\":\"https:\/\/icnova.staging.widgilabs-sites.com\/#\/schema\/person\/image\/\",\"url\":\"https:\/\/secure.gravatar.com\/avatar\/ff0c6b8624548ea3789d700258588f5a?s=96&d=mm&r=g\",\"contentUrl\":\"https:\/\/secure.gravatar.com\/avatar\/ff0c6b8624548ea3789d700258588f5a?s=96&d=mm&r=g\",\"caption\":\"Paulo Nuno Vicente\"},\"url\":\"https:\/\/www.icnova.fcsh.unl.pt\/en\/author\/pnvicente\/\"}]}<\/script>\n<!-- \/ Yoast SEO plugin. -->","yoast_head_json":{"title":"ICNOVA na prepara\u00e7\u00e3o do Relat\u00f3rio sobre o Estado de Direito","description":"Lu\u00eds Oliveira Martins participar\u00e1, em representa\u00e7\u00e3o do ICNOVA, na reuni\u00e3o de prepara\u00e7\u00e3o do Relat\u00f3rio sobre o Estado de Direito 2026.","robots":{"index":"index","follow":"follow","max-snippet":"max-snippet:-1","max-image-preview":"max-image-preview:large","max-video-preview":"max-video-preview:-1"},"canonical":"https:\/\/www.icnova.fcsh.unl.pt\/icnova-preparacao-relatorio-estado-direito\/","og_locale":"en_US","og_type":"article","og_title":"ICNOVA na prepara\u00e7\u00e3o do Relat\u00f3rio sobre o Estado de Direito","og_description":"Lu\u00eds Oliveira Martins participar\u00e1, em representa\u00e7\u00e3o do ICNOVA, na reuni\u00e3o de prepara\u00e7\u00e3o do Relat\u00f3rio sobre o Estado de Direito 2026.","og_url":"https:\/\/www.icnova.fcsh.unl.pt\/icnova-preparacao-relatorio-estado-direito\/","og_site_name":"ICNOVA","article_published_time":"2026-02-20T13:59:22+00:00","article_modified_time":"2026-02-23T09:42:47+00:00","og_image":[{"width":1920,"height":1080,"url":"https:\/\/www.icnova.fcsh.unl.pt\/wp-content\/uploads\/2026\/02\/Design-sem-nome-1.jpg","type":"image\/jpeg"}],"author":"Paulo Nuno Vicente","twitter_card":"summary_large_image","twitter_misc":{"Written by":"Paulo Nuno Vicente","Est. reading time":"2 minutes"},"schema":{"@context":"https:\/\/schema.org","@graph":[{"@type":"Article","@id":"https:\/\/www.icnova.fcsh.unl.pt\/icnova-preparacao-relatorio-estado-direito\/#article","isPartOf":{"@id":"https:\/\/www.icnova.fcsh.unl.pt\/icnova-preparacao-relatorio-estado-direito\/"},"author":{"name":"Paulo Nuno Vicente","@id":"https:\/\/icnova.staging.widgilabs-sites.com\/#\/schema\/person\/a39c880d2477a551683eb43cf3d18074"},"headline":"ICNOVA na prepara\u00e7\u00e3o do Relat\u00f3rio sobre o Estado de Direito","datePublished":"2026-02-20T13:59:22+00:00","dateModified":"2026-02-23T09:42:47+00:00","mainEntityOfPage":{"@id":"https:\/\/www.icnova.fcsh.unl.pt\/icnova-preparacao-relatorio-estado-direito\/"},"wordCount":219,"publisher":{"@id":"https:\/\/icnova.staging.widgilabs-sites.com\/#organization"},"image":{"@id":"https:\/\/www.icnova.fcsh.unl.pt\/icnova-preparacao-relatorio-estado-direito\/#primaryimage"},"thumbnailUrl":"https:\/\/www.icnova.fcsh.unl.pt\/wp-content\/uploads\/2026\/02\/Design-sem-nome-1.jpg","articleSection":["Not\u00edcias"],"inLanguage":"en-US"},{"@type":"WebPage","@id":"https:\/\/www.icnova.fcsh.unl.pt\/icnova-preparacao-relatorio-estado-direito\/","url":"https:\/\/www.icnova.fcsh.unl.pt\/icnova-preparacao-relatorio-estado-direito\/","name":"ICNOVA na prepara\u00e7\u00e3o do Relat\u00f3rio sobre o Estado de Direito","isPartOf":{"@id":"https:\/\/icnova.staging.widgilabs-sites.com\/#website"},"primaryImageOfPage":{"@id":"https:\/\/www.icnova.fcsh.unl.pt\/icnova-preparacao-relatorio-estado-direito\/#primaryimage"},"image":{"@id":"https:\/\/www.icnova.fcsh.unl.pt\/icnova-preparacao-relatorio-estado-direito\/#primaryimage"},"thumbnailUrl":"https:\/\/www.icnova.fcsh.unl.pt\/wp-content\/uploads\/2026\/02\/Design-sem-nome-1.jpg","datePublished":"2026-02-20T13:59:22+00:00","dateModified":"2026-02-23T09:42:47+00:00","description":"Lu\u00eds Oliveira Martins participar\u00e1, em representa\u00e7\u00e3o do ICNOVA, na reuni\u00e3o de prepara\u00e7\u00e3o do Relat\u00f3rio sobre o Estado de Direito 2026.","breadcrumb":{"@id":"https:\/\/www.icnova.fcsh.unl.pt\/icnova-preparacao-relatorio-estado-direito\/#breadcrumb"},"inLanguage":"en-US","potentialAction":[{"@type":"ReadAction","target":["https:\/\/www.icnova.fcsh.unl.pt\/icnova-preparacao-relatorio-estado-direito\/"]}]},{"@type":"ImageObject","inLanguage":"en-US","@id":"https:\/\/www.icnova.fcsh.unl.pt\/icnova-preparacao-relatorio-estado-direito\/#primaryimage","url":"https:\/\/www.icnova.fcsh.unl.pt\/wp-content\/uploads\/2026\/02\/Design-sem-nome-1.jpg","contentUrl":"https:\/\/www.icnova.fcsh.unl.pt\/wp-content\/uploads\/2026\/02\/Design-sem-nome-1.jpg","width":1920,"height":1080,"caption":"Retrato do investigador Lu\u00eds Martins Oliveira, que estar\u00e1 na Comiss\u00e3o Europeia para para prepara\u00e7\u00e3o do Relat\u00f3rio sobre o Estado de Direito 2026."},{"@type":"BreadcrumbList","@id":"https:\/\/www.icnova.fcsh.unl.pt\/icnova-preparacao-relatorio-estado-direito\/#breadcrumb","itemListElement":[{"@type":"ListItem","position":1,"name":"Home","item":"https:\/\/www.icnova.fcsh.unl.pt\/en\/home\/"},{"@type":"ListItem","position":2,"name":"ICNOVA na prepara\u00e7\u00e3o do Relat\u00f3rio sobre o Estado de Direito"}]},{"@type":"WebSite","@id":"https:\/\/icnova.staging.widgilabs-sites.com\/#website","url":"https:\/\/icnova.staging.widgilabs-sites.com\/","name":"ICNOVA","description":"INSTITUTO DE COMUNICA\u00c7\u00c3O DA NOVA","publisher":{"@id":"https:\/\/icnova.staging.widgilabs-sites.com\/#organization"},"potentialAction":[{"@type":"SearchAction","target":{"@type":"EntryPoint","urlTemplate":"https:\/\/icnova.staging.widgilabs-sites.com\/?s={search_term_string}"},"query-input":"required name=search_term_string"}],"inLanguage":"en-US"},{"@type":"Organization","@id":"https:\/\/icnova.staging.widgilabs-sites.com\/#organization","name":"ICNOVA","url":"https:\/\/icnova.staging.widgilabs-sites.com\/","logo":{"@type":"ImageObject","inLanguage":"en-US","@id":"https:\/\/icnova.staging.widgilabs-sites.com\/#\/schema\/logo\/image\/","url":"https:\/\/www.icnova.fcsh.unl.pt\/wp-content\/uploads\/2020\/02\/logo2.png","contentUrl":"https:\/\/www.icnova.fcsh.unl.pt\/wp-content\/uploads\/2020\/02\/logo2.png","width":730,"height":209,"caption":"ICNOVA"},"image":{"@id":"https:\/\/icnova.staging.widgilabs-sites.com\/#\/schema\/logo\/image\/"}},{"@type":"Person","@id":"https:\/\/icnova.staging.widgilabs-sites.com\/#\/schema\/person\/a39c880d2477a551683eb43cf3d18074","name":"Paulo Nuno Vicente","image":{"@type":"ImageObject","inLanguage":"en-US","@id":"https:\/\/icnova.staging.widgilabs-sites.com\/#\/schema\/person\/image\/","url":"https:\/\/secure.gravatar.com\/avatar\/ff0c6b8624548ea3789d700258588f5a?s=96&d=mm&r=g","contentUrl":"https:\/\/secure.gravatar.com\/avatar\/ff0c6b8624548ea3789d700258588f5a?s=96&d=mm&r=g","caption":"Paulo Nuno Vicente"},"url":"https:\/\/www.icnova.fcsh.unl.pt\/en\/author\/pnvicente\/"}]}},"_links":{"self":[{"href":"https:\/\/www.icnova.fcsh.unl.pt\/en\/wp-json\/wp\/v2\/posts\/1006268"}],"collection":[{"href":"https:\/\/www.icnova.fcsh.unl.pt\/en\/wp-json\/wp\/v2\/posts"}],"about":[{"href":"https:\/\/www.icnova.fcsh.unl.pt\/en\/wp-json\/wp\/v2\/types\/post"}],"author":[{"embeddable":true,"href":"https:\/\/www.icnova.fcsh.unl.pt\/en\/wp-json\/wp\/v2\/users\/18"}],"replies":[{"embeddable":true,"href":"https:\/\/www.icnova.fcsh.unl.pt\/en\/wp-json\/wp\/v2\/comments?post=1006268"}],"version-history":[{"count":2,"href":"https:\/\/www.icnova.fcsh.unl.pt\/en\/wp-json\/wp\/v2\/posts\/1006268\/revisions"}],"predecessor-version":[{"id":1006272,"href":"https:\/\/www.icnova.fcsh.unl.pt\/en\/wp-json\/wp\/v2\/posts\/1006268\/revisions\/1006272"}],"wp:featuredmedia":[{"embeddable":true,"href":"https:\/\/www.icnova.fcsh.unl.pt\/en\/wp-json\/wp\/v2\/media\/1006270"}],"wp:attachment":[{"href":"https:\/\/www.icnova.fcsh.unl.pt\/en\/wp-json\/wp\/v2\/media?parent=1006268"}],"wp:term":[{"taxonomy":"category","embeddable":true,"href":"https:\/\/www.icnova.fcsh.unl.pt\/en\/wp-json\/wp\/v2\/categories?post=1006268"},{"taxonomy":"post_tag","embeddable":true,"href":"https:\/\/www.icnova.fcsh.unl.pt\/en\/wp-json\/wp\/v2\/tags?post=1006268"}],"curies":[{"name":"wp","href":"https:\/\/api.w.org\/{rel}","templated":true}]}}