{"id":1006330,"date":"2026-03-11T16:04:09","date_gmt":"2026-03-11T16:04:09","guid":{"rendered":"https:\/\/www.icnova.fcsh.unl.pt\/?p=1006330"},"modified":"2026-03-11T20:37:52","modified_gmt":"2026-03-11T20:37:52","slug":"revista-interact-42-open-call-industrias-criativas-ia","status":"publish","type":"post","link":"https:\/\/www.icnova.fcsh.unl.pt\/en\/revista-interact-42-open-call-industrias-criativas-ia\/","title":{"rendered":"Revista Interact #42: open call sobre Ind\u00fastrias Criativas e IA"},"content":{"rendered":"<div class=\"vgblk-rw-wrapper limit-wrapper\">\n<p><strong>Revista Interact n\u00ba 42 &#8211; Chamada para contributos<\/strong><\/p>\n\n\n\n<p><a href=\"https:\/\/revistainteract.pt\">https:\/\/revistainteract.pt<\/a><\/p>\n\n\n\n<p>Submiss\u00e3o de proposta:<strong> 8 de maio, 2026<\/strong><\/p>\n\n\n\n<p>Submiss\u00e3o da vers\u00e3o definitiva: <strong>8 de junho, 2026<\/strong>&nbsp;<\/p>\n\n\n\n<p>Equipa editorial: Alice Sanches (ICNOVA), Diogo Ferreira (ICNOVA), Philipp Teuchmann (ICNOVA), Nathalia Silveira Rech (ICNOVA)&nbsp; &nbsp;<\/p>\n\n\n\n<p><strong>Ind\u00fastrias Criativas: entre produ\u00e7\u00e3o e gera\u00e7\u00e3o<\/strong><\/p>\n\n\n\n<p>Por muito tempo se acreditou que o campo da criatividade estaria consideravelmente protegido da crescente automa\u00e7\u00e3o das sociedades. De forma geral, a centralidade da pr\u00e1tica, da est\u00e9tica, assim como das ontologias que subjazem \u00e0 arte, parecia conferir \u00e0 criatividade uma imunidade necess\u00e1ria para que esta escapasse aos diversos impulsos automatizadores.&nbsp;<\/p>\n\n\n\n<p><em>Ind\u00fastria <\/em>e <em>cultura<\/em>: atrever-nos-\u00edamos a dizer que o emparelhamento destes conceitos j\u00e1 n\u00e3o constitui, h\u00e1 muito, uma fonte de embara\u00e7o ou de sobressalto. Se atendermos ao que tem sido o r\u00e1pido crescimento do peso do \u201csector criativo\u201d nas nossas economias, a produ\u00e7\u00e3o e distribui\u00e7\u00e3o em massa de objectos e experi\u00eancias culturais afigura-se, cada vez mais, como um bem social. Todavia, um simples exerc\u00edcio geneal\u00f3gico bastaria para recordar que a \u201cind\u00fastria da cultura\u201d emerge na primeira metade do s\u00e9culo XX como uma no\u00e7\u00e3o cr\u00edtica da aplica\u00e7\u00e3o de processos de automa\u00e7\u00e3o e racionaliza\u00e7\u00e3o ao dom\u00ednio do est\u00e9tico. Da\u00ed que o c\u00e9lebre ensaio de Adorno e Horkheimer (1947) que cunha esse termo mere\u00e7a hoje ser relido \u00e0 luz dos \u00faltimos desenvolvimentos da chamada IA \u201cgenerativa\u201d: o que acontece \u00e0 cultura quando os processos mais \u00edntimos de \u201cgera\u00e7\u00e3o\u201d do novo parecem j\u00e1 dispensar, ou apenas parasitar, a cogni\u00e7\u00e3o e a sensibilidade humana?<\/p>\n\n\n\n<p>Pensar actualmente as ind\u00fastrias culturais e criativas \u00e9, pois, reconhecer o papel de vanguarda que as mesmas desempenham na intersec\u00e7\u00e3o de tr\u00eas factores relevantes na \u201ccria\u00e7\u00e3o de valor\u201d, que s\u00e3o tamb\u00e9m tr\u00eas grandes \u201ccaixas negras\u201d da cultura humana: a intelig\u00eancia, a criatividade e a tecnologia. Se, como afirma Manovich (2017), ainda n\u00e3o podemos falar de uma cultura plenamente \u201cdirigida por IA\u201d, porque restam fases ou dimens\u00f5es da produ\u00e7\u00e3o art\u00edstica por automatizar, certo \u00e9 que os \u201ccriativos\u201d do s\u00e9culo XXI s\u00e3o inevitavelmente convocados a tomar uma posi\u00e7\u00e3o face \u00e0s potencialidades dos LLMs multimodais \u2014 surgindo pr\u00e1ticas e \u00e9ticas de trabalho que v\u00e3o da ades\u00e3o entusi\u00e1stica \u00e0 recusa total destas tecnologias. Os modelos da IA generativa, assentes na extra\u00e7\u00e3o e processamento estat\u00edstico de dados em larga escala, determinam, portanto, o mais recente est\u00e1dio de \u201chiper-industrializa\u00e7\u00e3o\u201d do sens\u00edvel (Stiegler, 2004), integrando as economias da \u201caten\u00e7\u00e3o\u201d (Crary, 2013; Citton, 2014), de \u201cvigil\u00e2ncia\u201d (Zuboff, 2019) ou de \u201cplataformiza\u00e7\u00e3o\u201d (Srnicek, 2016) que os precedem \u2014 e que os preparam.<\/p>\n\n\n\n<p>Certo \u00e9 que as l\u00f3gicas industriais do autom\u00e1tico e do combinat\u00f3rio h\u00e1 muito acompanham a criatividade como sua sombra. Para al\u00e9m dos imperativos comerciais de Hollywood, a pro-gram\u00e1tica do est\u00e9tico por via do t\u00e9cnico conheceu no s\u00e9culo XX v\u00e1rias concretiza\u00e7\u00f5es, da v\u00eddeoarte \u00e0s interven\u00e7\u00f5es computacionais sobre a imagem, da m\u00fasica estoc\u00e1stica \u00e0 literatura algoritmizada. N\u00e3o se esgota, pois, na mais recente revolu\u00e7\u00e3o da IA o conceito de uma arte maqu\u00ednica.<\/p>\n\n\n\n<p>Neste contexto, esta edi\u00e7\u00e3o da revista <em>Interact <\/em>visa desafiar a opacidade das tecnologias, discursos e pr\u00e1ticas mobilizadas na atual economia cultural e explorar criticamente as tend\u00eancias de transforma\u00e7\u00e3o das ind\u00fastrias criativas. Pretende-se focar na industrializa\u00e7\u00e3o das artes em geral e na IA generativa em particular, atendendo ao modo como esta redefine a ag\u00eancia e o lugar criativo do humano. Uma renovada cr\u00edtica e an\u00e1lise das ind\u00fastrias criativas torna-se crucial para caracterizar a condi\u00e7\u00e3o cultural das sociedades contempor\u00e2neas, que se pautam por uma crescente tecnologiza\u00e7\u00e3o das artes e da criatividade.&nbsp;<\/p>\n\n\n\n<h2 class=\"wp-block-heading\">T\u00f3picos de interesse da Interact 42:<\/h2>\n\n\n\n<ul class=\"wp-block-list\">\n<li>Intermedialidade, p\u00f3s-medialidade e hibridiza\u00e7\u00f5es entre setores criativos;<\/li>\n\n\n\n<li>Plataformiza\u00e7\u00e3o e rela\u00e7\u00f5es de propriedade nas artes e cultura contempor\u00e2neas;<\/li>\n\n\n\n<li>Imedia\u00e7\u00e3o, remedia\u00e7\u00e3o e hipermedia\u00e7\u00e3o da cultura;\u00a0<\/li>\n\n\n\n<li>Tecnologias e economias da aten\u00e7\u00e3o;<\/li>\n\n\n\n<li>Aplica\u00e7\u00e3o de IA na produ\u00e7\u00e3o e na anal\u00edtica da cultura;<\/li>\n\n\n\n<li>L\u00f3gicas da cria\u00e7\u00e3o e consumo distribu\u00eddos;\u00a0\u00a0<\/li>\n\n\n\n<li>Po\u00e9ticas generativas e combinat\u00f3rias;<\/li>\n\n\n\n<li>O industrial e o artesanal na cultura digital;<\/li>\n\n\n\n<li>Produ\u00e7\u00e3o de conte\u00fado e express\u00e3o cultural;<\/li>\n\n\n\n<li>Transforma\u00e7\u00f5es no mercado de trabalho dos sectores criativos;<\/li>\n<\/ul>\n\n\n\n<p>Convidamos assim \u00e0 contribui\u00e7\u00e3o para as diferentes sec\u00e7\u00f5es da revista \u2014 Ensaio, Interfaces, Laborat\u00f3rio e Entrevista.&nbsp;<\/p>\n\n\n\n<p>Cada proposta deve, num primeiro momento, incluir um t\u00edtulo, um resumo que versa entre 150 e 450 palavras, uma breve nota biogr\u00e1fica (100 palavras) e a indica\u00e7\u00e3o da sec\u00e7\u00e3o em que se enquadra. Para a sec\u00e7\u00e3o \u201cLaborat\u00f3rio\u201d dever\u00e3o ser tamb\u00e9m enviados um excerto do trabalho e ainda demais materiais que possibilitem a avalia\u00e7\u00e3o e contextualiza\u00e7\u00e3o da proposta.&nbsp;<\/p>\n\n\n\n<p>As submiss\u00f5es devem ser enviadas<strong> <\/strong>at\u00e9<strong> 8 de maio de 2026 <\/strong>para o e-mail do n\u00famero 42: <strong>&nbsp;<\/strong><a href=\"mailto:interact.industriascriativas@gmail.com\">interact.industriascriativas@gmail.com<\/a><\/p>\n\n\n\n<p>Caso sejam aceites para publica\u00e7\u00e3o,<strong> <\/strong>a sua vers\u00e3o definitiva dever\u00e1 ser enviada at\u00e9 <strong>8 de junho de 2026.<\/strong><\/p>\n\n\n\n<p><strong>Sublinha-se <\/strong>que cabe aos editores a decis\u00e3o de publica\u00e7\u00e3o ou rejei\u00e7\u00e3o das propostas submetidas.<\/p>\n\n\n\n<p>Abaixo encontram-se descritas as <strong>v\u00e1rias sec\u00e7\u00f5es <\/strong>da revista e as suas especificidades.&nbsp;<\/p>\n\n\n\n<h3 class=\"wp-block-heading\"><strong>Ensaio:<\/strong><\/h3>\n\n\n\n<p>O ensaio \u00e9 uma sec\u00e7\u00e3o-chave do projeto da Interact, j\u00e1 que um dos seus objetivos principais \u00e9 o de estimular o debate de ideias e dar a conhecer o pensamento de autores contempor\u00e2neos nas redes de informa\u00e7\u00e3o. Os textos devem ter no m\u00e1ximo 16000 caracteres. N\u00e3o usamos notas de rodap\u00e9. Tamb\u00e9m se desaconselham: bolds, cabe\u00e7alhos e o diferenciamento de fontes por tamanhos de letra. O ideal \u00e9 fazer uso do mais rudimentar editor de texto. Ensaios podem possuir imagens.&nbsp;<\/p>\n\n\n\n<h3 class=\"wp-block-heading\"><strong>Interfaces:<\/strong><\/h3>\n\n\n\n<p>\u00c9 objetivo desta sec\u00e7\u00e3o afrontar duas lacunas importantes da atividade contempor\u00e2nea da cr\u00edtica no espa\u00e7o da cultura portuguesa: a presen\u00e7a muito insuficiente da cr\u00edtica cultural especializada na Internet. A cr\u00edtica qualificada das artes e da cultura continua a estar, em grande medida,&nbsp; ausente do ciberespa\u00e7o e extremamente fixada nos jornais e nas revistas da especialidade, continuando, mesmo depois de longos anos de transi\u00e7\u00e3o digital, desconfiada de qualquer \u00abcultura tecnol\u00f3gica\u00bb. Esta sec\u00e7\u00e3o d\u00e1 aten\u00e7\u00e3o aos objetos culturais, \u00e0s suas produ\u00e7\u00f5es e liga\u00e7\u00f5es. Os textos n\u00e3o devem exceder 12000 caracteres, privilegiando-se o uso de elementos multim\u00e9dia e hiperliga\u00e7\u00f5es. Acolhem-se tamb\u00e9m o coment\u00e1rio e a recens\u00e3o, assim como contributos que fazem coexistir a imagem e o texto na an\u00e1lise de objetos culturais, promovendo o di\u00e1logo entre o atual (ag\u00eancia desses objetos culturais) e o virtual (a Internet como lugar para a constitui\u00e7\u00e3o de um espa\u00e7o cr\u00edtico).&nbsp;<\/p>\n\n\n\n<h3 class=\"wp-block-heading\"><strong>Laborat\u00f3rio:<\/strong><\/h3>\n\n\n\n<p>Esta sec\u00e7\u00e3o, concebida como mostra de trabalhos art\u00edsticos, \u00e9 inteiramente livre no que respeita aos meios de express\u00e3o a utilizar (escrita, grafismo, v\u00eddeo, imagem digital, som, ensaio visual), aos temas e aos g\u00e9neros, incentivando-se a experimenta\u00e7\u00e3o das caracter\u00edsticas pr\u00f3prias das tecnologias digitais. Diferindo, no entanto, da mostra de propostas documentais sobre os potenciais trabalhos. As propostas aqui apresentadas s\u00e3o da inteira responsabilidade dos respetivos autores, embora a sua implementa\u00e7\u00e3o online possa resultar do trabalho conjunto com a equipa da Interact. O trabalho publicado poder\u00e1 ser composto por um texto de apresenta\u00e7\u00e3o que n\u00e3o deve exceder 8000 caracteres. Os trabalhos em v\u00eddeo e outros media temporais n\u00e3o devem ultrapassar 10 minutos, aproximadamente.&nbsp;<\/p>\n\n\n\n<h3 class=\"wp-block-heading\"><strong>Entrevista:<\/strong><\/h3>\n\n\n\n<p>A natureza dos instrumentos de comunica\u00e7\u00e3o pr\u00f3prios do online oferece hoje a possibilidade de se realizar a entrevista sob formas diversas e extremamente flex\u00edveis, mesmo \u00e0 dist\u00e2ncia, permitindo contribuir para a divulga\u00e7\u00e3o, junto de um p\u00fablico mais alargado, de autores de qualidade nas \u00e1reas contempor\u00e2neas do pensamento, da cultura e da arte. Preferencialmente, e embora possam ser aceites outros formatos, a entrevista dever\u00e1 ser gravada em v\u00eddeo, que ser\u00e1 carregado para o canal do YouTube da revista. A edi\u00e7\u00e3o ser\u00e1 cuidada, acompanhada pela equipa editorial, e explicita as quest\u00f5es que abordam as autorias entrevistadas. No formato de v\u00eddeo n\u00e3o dever\u00e1 ultrapassar os 25 minutos. A entrevista no formato textual (transcrita) poder\u00e1 possuir imagens e hiperliga\u00e7\u00f5es contextuais e n\u00e3o exceder os 16000 caracteres. Consideram-se autores os entrevistadores; a anteceder a entrevista propriamente dita dever\u00e1 estar uma nota biogr\u00e1fica do(s) entrevistado(s), assim como uma apresenta\u00e7\u00e3o do contexto da realiza\u00e7\u00e3o da entrevista.&nbsp;<\/p>\n\n\n\n<h2 class=\"wp-block-heading\"><strong>Equipa editorial<\/strong>:<\/h2>\n\n\n\n<p><strong>Alice Sanches<\/strong> \u00e9 doutoranda em Ci\u00eancias da Comunica\u00e7\u00e3o, com especializa\u00e7\u00e3o em Cultura Contempor\u00e2nea e Novas Tecnologias, na NOVA FCSH e \u00e9 membro do projeto IN&amp;OUT of the BOX. A sua investiga\u00e7\u00e3o insere-se no campo da tecnoest\u00e9tica e da est\u00e9tica dos media, com particular foco nas rela\u00e7\u00f5es entre epistemologia, pr\u00e1ticas t\u00e9cnicas e cultura, bem como nas utiliza\u00e7\u00f5es disruptivas da tecnologia.<\/p>\n\n\n\n<p><strong>Diogo Ferreira<\/strong> \u00e9 doutorando em Ci\u00eancias da Comunica\u00e7\u00e3o, com especializa\u00e7\u00e3o em Cultura Contempor\u00e2nea e Novas Tecnologias, na NOVA FCSH. Nesta mesma faculdade, foi professor assistente convidado das unidades curriculares de Teoria da Comunica\u00e7\u00e3o e de Economia Cultural e Ind\u00fastrias Criativas, tendo tamb\u00e9m coeditado a Revista de Comunica\u00e7\u00e3o e Linguagens #56 (2022). \u00c9 ainda cogestor do Projecto Explorat\u00f3rio IN&amp;OUT of the BOX: Exploring Emerging Technologies and Future Skills (FCT &#8211; ICNOVA), que pensa o impacto da transi\u00e7\u00e3o digital e da aplica\u00e7\u00e3o de intelig\u00eancia artificial generativa no sector das ind\u00fastrias criativas.<\/p>\n\n\n\n<p><strong>Philipp Teuchmann<\/strong> \u00e9 doutorando em Ci\u00eancias da Comunica\u00e7\u00e3o, com especializa\u00e7\u00e3o em Cultura Contempor\u00e2nea e Novas Tecnologias, na NOVA FCSH. Concluiu em 2021 o mestrado na mesma \u00e1rea e institui\u00e7\u00e3o com uma disserta\u00e7\u00e3o intitulada \u00abDa Operatividade Gr\u00e1fica: o Diagram\u00e1tico em Tr\u00eas Exemplos da Arte Contempor\u00e2nea\u00bb.&nbsp; Integrou v\u00e1rios projetos \u2013 African-European Narratives, Photo-Impulse e&nbsp; IN&amp;OUT of the BOX \u2013 e escreveu artigos para publica\u00e7\u00f5es acad\u00e9micas nacionais e internacionais. Foi membro da equipa organizadora da confer\u00eancia internacional Arts and Humanities in Digital Transition (2023) e coeditor da Revista de Comunica\u00e7\u00e3o e Linguagens #60-61 (2024). As suas \u00e1reas de interesse situam-se na teoria dos media e das t\u00e9cnicas culturais, semi\u00f3tica e ind\u00fastrias culturais contempor\u00e2neas.&nbsp;<\/p>\n\n\n\n<p><strong>Nathalia Silveira Rech<\/strong> \u00e9 doutoranda em Ci\u00eancias da Comunica\u00e7\u00e3o, com especializa\u00e7\u00e3o em Cultura Contempor\u00e2nea e Novas Tecnologias, na NOVA FCSH, sob orienta\u00e7\u00e3o da Prof.\u00aa Dr.\u00aa Maria Teresa Cruz. Est\u00e1 associada ao grupo Cultura, Media\u00e7\u00e3o e Artes do ICNOVA. \u00c9 graduada em Comunica\u00e7\u00e3o Social pela PUCRS (2014) e mestre em Comunica\u00e7\u00e3o e Semi\u00f3tica pela PUC-SP (2018), onde integrou o Grupo de Pesquisa Extremidades: redes audiovisuais, cinema, performance e arte contempor\u00e2nea.<\/p>\n\n\n\n<figure class=\"wp-block-image size-large is-resized\"><img fetchpriority=\"high\" decoding=\"async\" width=\"768\" height=\"1024\" src=\"https:\/\/www.icnova.fcsh.unl.pt\/wp-content\/uploads\/2026\/03\/Cartaz.Interact.opencall.42--768x1024.jpeg\" alt=\"Cartaz da chamada para a Revista Interact 42, sobre Ind\u00fastrias Criativas e IA.\" class=\"wp-image-1006331\" style=\"width:1260px;height:auto\" srcset=\"https:\/\/www.icnova.fcsh.unl.pt\/wp-content\/uploads\/2026\/03\/Cartaz.Interact.opencall.42--768x1024.jpeg 768w, https:\/\/www.icnova.fcsh.unl.pt\/wp-content\/uploads\/2026\/03\/Cartaz.Interact.opencall.42--225x300.jpeg 225w, https:\/\/www.icnova.fcsh.unl.pt\/wp-content\/uploads\/2026\/03\/Cartaz.Interact.opencall.42-.jpeg 960w\" sizes=\"(max-width: 768px) 100vw, 768px\" \/><\/figure>\n\n\n\n<p>\u00a9 imagem e cartaz por Alice Sanches<\/p>\n<\/div><!-- .vgblk-rw-wrapper -->","protected":false},"excerpt":{"rendered":"<p>Revista Interact n\u00ba 42 &#8211; Chamada para contributos https:\/\/revistainteract.pt Submiss\u00e3o de proposta: 8 de maio, 2026 Submiss\u00e3o da vers\u00e3o definitiva: 8 de junho, 2026&nbsp; Equipa editorial: Alice Sanches (ICNOVA), Diogo Ferreira (ICNOVA), Philipp Teuchmann (ICNOVA), Nathalia Silveira Rech (ICNOVA)&nbsp; &nbsp; Ind\u00fastrias Criativas: entre produ\u00e7\u00e3o e gera\u00e7\u00e3o Por muito tempo se acreditou que o campo da&#8230;<\/p>\n","protected":false},"author":18,"featured_media":1006331,"comment_status":"closed","ping_status":"closed","sticky":false,"template":"","format":"standard","meta":{"footnotes":""},"categories":[42,40],"tags":[],"class_list":["post-1006330","post","type-post","status-publish","format-standard","has-post-thumbnail","hentry","category-calls-icnova","category-news"],"acf":[],"yoast_head":"<!-- This site is optimized with the Yoast SEO plugin v23.2 - https:\/\/yoast.com\/wordpress\/plugins\/seo\/ -->\n<title>Revista Interact #42: open call sobre Ind\u00fastrias Criativas e IA - ICNOVA<\/title>\n<meta name=\"description\" content=\"A Revista Interact lan\u00e7ou a chamada para contributos para o n\u00famero 42, dedicada ao tema \u201cInd\u00fastrias Criativas: entre produ\u00e7\u00e3o e gera\u00e7\u00e3o\u201d, at\u00e9 8 de maio.\" \/>\n<meta name=\"robots\" content=\"index, follow, max-snippet:-1, max-image-preview:large, max-video-preview:-1\" \/>\n<link rel=\"canonical\" href=\"https:\/\/www.icnova.fcsh.unl.pt\/revista-interact-42-open-call-industrias-criativas-ia\/\" \/>\n<meta property=\"og:locale\" content=\"en_US\" \/>\n<meta property=\"og:type\" content=\"article\" \/>\n<meta property=\"og:title\" content=\"Revista Interact #42: open call sobre Ind\u00fastrias Criativas e IA - ICNOVA\" \/>\n<meta property=\"og:description\" content=\"A Revista Interact lan\u00e7ou a chamada para contributos para o n\u00famero 42, dedicada ao tema \u201cInd\u00fastrias Criativas: entre produ\u00e7\u00e3o e gera\u00e7\u00e3o\u201d, at\u00e9 8 de maio.\" \/>\n<meta property=\"og:url\" content=\"https:\/\/www.icnova.fcsh.unl.pt\/revista-interact-42-open-call-industrias-criativas-ia\/\" \/>\n<meta property=\"og:site_name\" content=\"ICNOVA\" \/>\n<meta property=\"article:published_time\" content=\"2026-03-11T16:04:09+00:00\" \/>\n<meta property=\"article:modified_time\" content=\"2026-03-11T20:37:52+00:00\" \/>\n<meta property=\"og:image\" content=\"https:\/\/www.icnova.fcsh.unl.pt\/wp-content\/uploads\/2026\/03\/Cartaz.Interact.opencall.42-.jpeg\" \/>\n\t<meta property=\"og:image:width\" content=\"960\" \/>\n\t<meta property=\"og:image:height\" content=\"1280\" \/>\n\t<meta property=\"og:image:type\" content=\"image\/jpeg\" \/>\n<meta name=\"author\" content=\"Paulo Nuno Vicente\" \/>\n<meta name=\"twitter:card\" content=\"summary_large_image\" \/>\n<meta name=\"twitter:label1\" content=\"Written by\" \/>\n\t<meta name=\"twitter:data1\" content=\"Paulo Nuno Vicente\" \/>\n\t<meta name=\"twitter:label2\" content=\"Est. reading time\" \/>\n\t<meta name=\"twitter:data2\" content=\"10 minutes\" \/>\n<script type=\"application\/ld+json\" class=\"yoast-schema-graph\">{\"@context\":\"https:\/\/schema.org\",\"@graph\":[{\"@type\":\"Article\",\"@id\":\"https:\/\/www.icnova.fcsh.unl.pt\/revista-interact-42-open-call-industrias-criativas-ia\/#article\",\"isPartOf\":{\"@id\":\"https:\/\/www.icnova.fcsh.unl.pt\/revista-interact-42-open-call-industrias-criativas-ia\/\"},\"author\":{\"name\":\"Paulo Nuno Vicente\",\"@id\":\"https:\/\/icnova.staging.widgilabs-sites.com\/#\/schema\/person\/a39c880d2477a551683eb43cf3d18074\"},\"headline\":\"Revista Interact #42: open call sobre Ind\u00fastrias Criativas e IA\",\"datePublished\":\"2026-03-11T16:04:09+00:00\",\"dateModified\":\"2026-03-11T20:37:52+00:00\",\"mainEntityOfPage\":{\"@id\":\"https:\/\/www.icnova.fcsh.unl.pt\/revista-interact-42-open-call-industrias-criativas-ia\/\"},\"wordCount\":1827,\"publisher\":{\"@id\":\"https:\/\/icnova.staging.widgilabs-sites.com\/#organization\"},\"image\":{\"@id\":\"https:\/\/www.icnova.fcsh.unl.pt\/revista-interact-42-open-call-industrias-criativas-ia\/#primaryimage\"},\"thumbnailUrl\":\"https:\/\/www.icnova.fcsh.unl.pt\/wp-content\/uploads\/2026\/03\/Cartaz.Interact.opencall.42-.jpeg\",\"articleSection\":[\"Calls ICNOVA\",\"Not\u00edcias\"],\"inLanguage\":\"en-US\"},{\"@type\":\"WebPage\",\"@id\":\"https:\/\/www.icnova.fcsh.unl.pt\/revista-interact-42-open-call-industrias-criativas-ia\/\",\"url\":\"https:\/\/www.icnova.fcsh.unl.pt\/revista-interact-42-open-call-industrias-criativas-ia\/\",\"name\":\"Revista Interact #42: open call sobre Ind\u00fastrias Criativas e IA - ICNOVA\",\"isPartOf\":{\"@id\":\"https:\/\/icnova.staging.widgilabs-sites.com\/#website\"},\"primaryImageOfPage\":{\"@id\":\"https:\/\/www.icnova.fcsh.unl.pt\/revista-interact-42-open-call-industrias-criativas-ia\/#primaryimage\"},\"image\":{\"@id\":\"https:\/\/www.icnova.fcsh.unl.pt\/revista-interact-42-open-call-industrias-criativas-ia\/#primaryimage\"},\"thumbnailUrl\":\"https:\/\/www.icnova.fcsh.unl.pt\/wp-content\/uploads\/2026\/03\/Cartaz.Interact.opencall.42-.jpeg\",\"datePublished\":\"2026-03-11T16:04:09+00:00\",\"dateModified\":\"2026-03-11T20:37:52+00:00\",\"description\":\"A Revista Interact lan\u00e7ou a chamada para contributos para o n\u00famero 42, dedicada ao tema \u201cInd\u00fastrias Criativas: entre produ\u00e7\u00e3o e gera\u00e7\u00e3o\u201d, at\u00e9 8 de maio.\",\"breadcrumb\":{\"@id\":\"https:\/\/www.icnova.fcsh.unl.pt\/revista-interact-42-open-call-industrias-criativas-ia\/#breadcrumb\"},\"inLanguage\":\"en-US\",\"potentialAction\":[{\"@type\":\"ReadAction\",\"target\":[\"https:\/\/www.icnova.fcsh.unl.pt\/revista-interact-42-open-call-industrias-criativas-ia\/\"]}]},{\"@type\":\"ImageObject\",\"inLanguage\":\"en-US\",\"@id\":\"https:\/\/www.icnova.fcsh.unl.pt\/revista-interact-42-open-call-industrias-criativas-ia\/#primaryimage\",\"url\":\"https:\/\/www.icnova.fcsh.unl.pt\/wp-content\/uploads\/2026\/03\/Cartaz.Interact.opencall.42-.jpeg\",\"contentUrl\":\"https:\/\/www.icnova.fcsh.unl.pt\/wp-content\/uploads\/2026\/03\/Cartaz.Interact.opencall.42-.jpeg\",\"width\":960,\"height\":1280,\"caption\":\"Cartaz da chamada para a Revista Interact 42, sobre Ind\u00fastrias Criativas e IA.\"},{\"@type\":\"BreadcrumbList\",\"@id\":\"https:\/\/www.icnova.fcsh.unl.pt\/revista-interact-42-open-call-industrias-criativas-ia\/#breadcrumb\",\"itemListElement\":[{\"@type\":\"ListItem\",\"position\":1,\"name\":\"Home\",\"item\":\"https:\/\/www.icnova.fcsh.unl.pt\/en\/home\/\"},{\"@type\":\"ListItem\",\"position\":2,\"name\":\"Revista Interact #42: open call sobre Ind\u00fastrias Criativas e IA\"}]},{\"@type\":\"WebSite\",\"@id\":\"https:\/\/icnova.staging.widgilabs-sites.com\/#website\",\"url\":\"https:\/\/icnova.staging.widgilabs-sites.com\/\",\"name\":\"ICNOVA\",\"description\":\"INSTITUTO DE COMUNICA\u00c7\u00c3O DA NOVA\",\"publisher\":{\"@id\":\"https:\/\/icnova.staging.widgilabs-sites.com\/#organization\"},\"potentialAction\":[{\"@type\":\"SearchAction\",\"target\":{\"@type\":\"EntryPoint\",\"urlTemplate\":\"https:\/\/icnova.staging.widgilabs-sites.com\/?s={search_term_string}\"},\"query-input\":\"required name=search_term_string\"}],\"inLanguage\":\"en-US\"},{\"@type\":\"Organization\",\"@id\":\"https:\/\/icnova.staging.widgilabs-sites.com\/#organization\",\"name\":\"ICNOVA\",\"url\":\"https:\/\/icnova.staging.widgilabs-sites.com\/\",\"logo\":{\"@type\":\"ImageObject\",\"inLanguage\":\"en-US\",\"@id\":\"https:\/\/icnova.staging.widgilabs-sites.com\/#\/schema\/logo\/image\/\",\"url\":\"https:\/\/www.icnova.fcsh.unl.pt\/wp-content\/uploads\/2020\/02\/logo2.png\",\"contentUrl\":\"https:\/\/www.icnova.fcsh.unl.pt\/wp-content\/uploads\/2020\/02\/logo2.png\",\"width\":730,\"height\":209,\"caption\":\"ICNOVA\"},\"image\":{\"@id\":\"https:\/\/icnova.staging.widgilabs-sites.com\/#\/schema\/logo\/image\/\"}},{\"@type\":\"Person\",\"@id\":\"https:\/\/icnova.staging.widgilabs-sites.com\/#\/schema\/person\/a39c880d2477a551683eb43cf3d18074\",\"name\":\"Paulo Nuno Vicente\",\"image\":{\"@type\":\"ImageObject\",\"inLanguage\":\"en-US\",\"@id\":\"https:\/\/icnova.staging.widgilabs-sites.com\/#\/schema\/person\/image\/\",\"url\":\"https:\/\/secure.gravatar.com\/avatar\/ff0c6b8624548ea3789d700258588f5a?s=96&d=mm&r=g\",\"contentUrl\":\"https:\/\/secure.gravatar.com\/avatar\/ff0c6b8624548ea3789d700258588f5a?s=96&d=mm&r=g\",\"caption\":\"Paulo Nuno Vicente\"},\"url\":\"https:\/\/www.icnova.fcsh.unl.pt\/en\/author\/pnvicente\/\"}]}<\/script>\n<!-- \/ Yoast SEO plugin. -->","yoast_head_json":{"title":"Revista Interact #42: open call sobre Ind\u00fastrias Criativas e IA - ICNOVA","description":"A Revista Interact lan\u00e7ou a chamada para contributos para o n\u00famero 42, dedicada ao tema \u201cInd\u00fastrias Criativas: entre produ\u00e7\u00e3o e gera\u00e7\u00e3o\u201d, at\u00e9 8 de maio.","robots":{"index":"index","follow":"follow","max-snippet":"max-snippet:-1","max-image-preview":"max-image-preview:large","max-video-preview":"max-video-preview:-1"},"canonical":"https:\/\/www.icnova.fcsh.unl.pt\/revista-interact-42-open-call-industrias-criativas-ia\/","og_locale":"en_US","og_type":"article","og_title":"Revista Interact #42: open call sobre Ind\u00fastrias Criativas e IA - ICNOVA","og_description":"A Revista Interact lan\u00e7ou a chamada para contributos para o n\u00famero 42, dedicada ao tema \u201cInd\u00fastrias Criativas: entre produ\u00e7\u00e3o e gera\u00e7\u00e3o\u201d, at\u00e9 8 de maio.","og_url":"https:\/\/www.icnova.fcsh.unl.pt\/revista-interact-42-open-call-industrias-criativas-ia\/","og_site_name":"ICNOVA","article_published_time":"2026-03-11T16:04:09+00:00","article_modified_time":"2026-03-11T20:37:52+00:00","og_image":[{"width":960,"height":1280,"url":"https:\/\/www.icnova.fcsh.unl.pt\/wp-content\/uploads\/2026\/03\/Cartaz.Interact.opencall.42-.jpeg","type":"image\/jpeg"}],"author":"Paulo Nuno Vicente","twitter_card":"summary_large_image","twitter_misc":{"Written by":"Paulo Nuno Vicente","Est. reading time":"10 minutes"},"schema":{"@context":"https:\/\/schema.org","@graph":[{"@type":"Article","@id":"https:\/\/www.icnova.fcsh.unl.pt\/revista-interact-42-open-call-industrias-criativas-ia\/#article","isPartOf":{"@id":"https:\/\/www.icnova.fcsh.unl.pt\/revista-interact-42-open-call-industrias-criativas-ia\/"},"author":{"name":"Paulo Nuno Vicente","@id":"https:\/\/icnova.staging.widgilabs-sites.com\/#\/schema\/person\/a39c880d2477a551683eb43cf3d18074"},"headline":"Revista Interact #42: open call sobre Ind\u00fastrias Criativas e IA","datePublished":"2026-03-11T16:04:09+00:00","dateModified":"2026-03-11T20:37:52+00:00","mainEntityOfPage":{"@id":"https:\/\/www.icnova.fcsh.unl.pt\/revista-interact-42-open-call-industrias-criativas-ia\/"},"wordCount":1827,"publisher":{"@id":"https:\/\/icnova.staging.widgilabs-sites.com\/#organization"},"image":{"@id":"https:\/\/www.icnova.fcsh.unl.pt\/revista-interact-42-open-call-industrias-criativas-ia\/#primaryimage"},"thumbnailUrl":"https:\/\/www.icnova.fcsh.unl.pt\/wp-content\/uploads\/2026\/03\/Cartaz.Interact.opencall.42-.jpeg","articleSection":["Calls ICNOVA","Not\u00edcias"],"inLanguage":"en-US"},{"@type":"WebPage","@id":"https:\/\/www.icnova.fcsh.unl.pt\/revista-interact-42-open-call-industrias-criativas-ia\/","url":"https:\/\/www.icnova.fcsh.unl.pt\/revista-interact-42-open-call-industrias-criativas-ia\/","name":"Revista Interact #42: open call sobre Ind\u00fastrias Criativas e IA - ICNOVA","isPartOf":{"@id":"https:\/\/icnova.staging.widgilabs-sites.com\/#website"},"primaryImageOfPage":{"@id":"https:\/\/www.icnova.fcsh.unl.pt\/revista-interact-42-open-call-industrias-criativas-ia\/#primaryimage"},"image":{"@id":"https:\/\/www.icnova.fcsh.unl.pt\/revista-interact-42-open-call-industrias-criativas-ia\/#primaryimage"},"thumbnailUrl":"https:\/\/www.icnova.fcsh.unl.pt\/wp-content\/uploads\/2026\/03\/Cartaz.Interact.opencall.42-.jpeg","datePublished":"2026-03-11T16:04:09+00:00","dateModified":"2026-03-11T20:37:52+00:00","description":"A Revista Interact lan\u00e7ou a chamada para contributos para o n\u00famero 42, dedicada ao tema \u201cInd\u00fastrias Criativas: entre produ\u00e7\u00e3o e gera\u00e7\u00e3o\u201d, at\u00e9 8 de maio.","breadcrumb":{"@id":"https:\/\/www.icnova.fcsh.unl.pt\/revista-interact-42-open-call-industrias-criativas-ia\/#breadcrumb"},"inLanguage":"en-US","potentialAction":[{"@type":"ReadAction","target":["https:\/\/www.icnova.fcsh.unl.pt\/revista-interact-42-open-call-industrias-criativas-ia\/"]}]},{"@type":"ImageObject","inLanguage":"en-US","@id":"https:\/\/www.icnova.fcsh.unl.pt\/revista-interact-42-open-call-industrias-criativas-ia\/#primaryimage","url":"https:\/\/www.icnova.fcsh.unl.pt\/wp-content\/uploads\/2026\/03\/Cartaz.Interact.opencall.42-.jpeg","contentUrl":"https:\/\/www.icnova.fcsh.unl.pt\/wp-content\/uploads\/2026\/03\/Cartaz.Interact.opencall.42-.jpeg","width":960,"height":1280,"caption":"Cartaz da chamada para a Revista Interact 42, sobre Ind\u00fastrias Criativas e IA."},{"@type":"BreadcrumbList","@id":"https:\/\/www.icnova.fcsh.unl.pt\/revista-interact-42-open-call-industrias-criativas-ia\/#breadcrumb","itemListElement":[{"@type":"ListItem","position":1,"name":"Home","item":"https:\/\/www.icnova.fcsh.unl.pt\/en\/home\/"},{"@type":"ListItem","position":2,"name":"Revista Interact #42: open call sobre Ind\u00fastrias Criativas e IA"}]},{"@type":"WebSite","@id":"https:\/\/icnova.staging.widgilabs-sites.com\/#website","url":"https:\/\/icnova.staging.widgilabs-sites.com\/","name":"ICNOVA","description":"INSTITUTO DE COMUNICA\u00c7\u00c3O DA NOVA","publisher":{"@id":"https:\/\/icnova.staging.widgilabs-sites.com\/#organization"},"potentialAction":[{"@type":"SearchAction","target":{"@type":"EntryPoint","urlTemplate":"https:\/\/icnova.staging.widgilabs-sites.com\/?s={search_term_string}"},"query-input":"required name=search_term_string"}],"inLanguage":"en-US"},{"@type":"Organization","@id":"https:\/\/icnova.staging.widgilabs-sites.com\/#organization","name":"ICNOVA","url":"https:\/\/icnova.staging.widgilabs-sites.com\/","logo":{"@type":"ImageObject","inLanguage":"en-US","@id":"https:\/\/icnova.staging.widgilabs-sites.com\/#\/schema\/logo\/image\/","url":"https:\/\/www.icnova.fcsh.unl.pt\/wp-content\/uploads\/2020\/02\/logo2.png","contentUrl":"https:\/\/www.icnova.fcsh.unl.pt\/wp-content\/uploads\/2020\/02\/logo2.png","width":730,"height":209,"caption":"ICNOVA"},"image":{"@id":"https:\/\/icnova.staging.widgilabs-sites.com\/#\/schema\/logo\/image\/"}},{"@type":"Person","@id":"https:\/\/icnova.staging.widgilabs-sites.com\/#\/schema\/person\/a39c880d2477a551683eb43cf3d18074","name":"Paulo Nuno Vicente","image":{"@type":"ImageObject","inLanguage":"en-US","@id":"https:\/\/icnova.staging.widgilabs-sites.com\/#\/schema\/person\/image\/","url":"https:\/\/secure.gravatar.com\/avatar\/ff0c6b8624548ea3789d700258588f5a?s=96&d=mm&r=g","contentUrl":"https:\/\/secure.gravatar.com\/avatar\/ff0c6b8624548ea3789d700258588f5a?s=96&d=mm&r=g","caption":"Paulo Nuno Vicente"},"url":"https:\/\/www.icnova.fcsh.unl.pt\/en\/author\/pnvicente\/"}]}},"_links":{"self":[{"href":"https:\/\/www.icnova.fcsh.unl.pt\/en\/wp-json\/wp\/v2\/posts\/1006330"}],"collection":[{"href":"https:\/\/www.icnova.fcsh.unl.pt\/en\/wp-json\/wp\/v2\/posts"}],"about":[{"href":"https:\/\/www.icnova.fcsh.unl.pt\/en\/wp-json\/wp\/v2\/types\/post"}],"author":[{"embeddable":true,"href":"https:\/\/www.icnova.fcsh.unl.pt\/en\/wp-json\/wp\/v2\/users\/18"}],"replies":[{"embeddable":true,"href":"https:\/\/www.icnova.fcsh.unl.pt\/en\/wp-json\/wp\/v2\/comments?post=1006330"}],"version-history":[{"count":3,"href":"https:\/\/www.icnova.fcsh.unl.pt\/en\/wp-json\/wp\/v2\/posts\/1006330\/revisions"}],"predecessor-version":[{"id":1006336,"href":"https:\/\/www.icnova.fcsh.unl.pt\/en\/wp-json\/wp\/v2\/posts\/1006330\/revisions\/1006336"}],"wp:featuredmedia":[{"embeddable":true,"href":"https:\/\/www.icnova.fcsh.unl.pt\/en\/wp-json\/wp\/v2\/media\/1006331"}],"wp:attachment":[{"href":"https:\/\/www.icnova.fcsh.unl.pt\/en\/wp-json\/wp\/v2\/media?parent=1006330"}],"wp:term":[{"taxonomy":"category","embeddable":true,"href":"https:\/\/www.icnova.fcsh.unl.pt\/en\/wp-json\/wp\/v2\/categories?post=1006330"},{"taxonomy":"post_tag","embeddable":true,"href":"https:\/\/www.icnova.fcsh.unl.pt\/en\/wp-json\/wp\/v2\/tags?post=1006330"}],"curies":[{"name":"wp","href":"https:\/\/api.w.org\/{rel}","templated":true}]}}