{"id":1006350,"date":"2026-03-24T10:16:26","date_gmt":"2026-03-24T10:16:26","guid":{"rendered":"https:\/\/www.icnova.fcsh.unl.pt\/?p=1006350"},"modified":"2026-04-09T15:20:07","modified_gmt":"2026-04-09T15:20:07","slug":"ciclo-conversas-pop-debate-populismo-media-desinformacao","status":"publish","type":"post","link":"https:\/\/www.icnova.fcsh.unl.pt\/en\/ciclo-conversas-pop-debate-populismo-media-desinformacao\/","title":{"rendered":"Ciclo \u201cConversas Pop\u201d debate populismo, media e desinforma\u00e7\u00e3o"},"content":{"rendered":"<div class=\"vgblk-rw-wrapper limit-wrapper\">\n<p>O <strong>Observat\u00f3rio do Populismo para o S\u00e9culo XXI<\/strong> promove, ao longo de 2026, o ciclo <strong>Conversas Pop<\/strong>, um conjunto de debates que prop\u00f5e discutir a expans\u00e3o dos populismos contempor\u00e2neos a partir de obras recentemente publicadas em Portugal e no Brasil. A iniciativa procura analisar criticamente a forma como <strong>populismo, propaganda, polariza\u00e7\u00e3o e desinforma\u00e7\u00e3o<\/strong> se articulam num ambiente medi\u00e1tico h\u00edbrido, marcado pela crescente intermedia\u00e7\u00e3o de plataformas digitais e sistemas de recomenda\u00e7\u00e3o algor\u00edtmica.<\/p>\n\n\n\n<p>Partindo de livros recentes, o ciclo pretende refletir sobre os modos de forma\u00e7\u00e3o da opini\u00e3o p\u00fablica e sobre os desafios colocados \u00e0 <strong>resili\u00eancia das democracias<\/strong> num contexto em que a visibilidade, a aten\u00e7\u00e3o e o conflito s\u00e3o frequentemente moldados por l\u00f3gicas medi\u00e1ticas e tecnol\u00f3gicas.<\/p>\n\n\n\n<p>O ciclo <strong>Conversas Pop<\/strong> inclui ainda duas sess\u00f5es previstas para 2026:<\/p>\n\n\n\n<ul class=\"wp-block-list\">\n<li><strong>22<\/strong> <strong>de Abril \u2013<\/strong> <em>Populismo e os media: como se constr\u00f3i aten\u00e7\u00e3o, conflito e agenda num ecossistema de not\u00edcias e redes sociais<\/em>, com <strong>Miguel Carvalho<\/strong>, autor do livro &#8220;Por Dentro do Chega&#8221;, e a investigadora <strong>Rita Figueiras<\/strong>, <\/li>\n\n\n\n<li><strong>Junho<\/strong> \u2014 <em>Polariza\u00e7\u00e3o, desinforma\u00e7\u00e3o e desordem informacional: a \u201cnova regra do jogo\u201d nas democracias digitais<\/em>, com <strong>Arthur Ituassu<\/strong>, a partir do livro <em>A Nova Regra do Jogo: M\u00eddias Digitais, Pol\u00edtica e Democracia<\/em>;<\/li>\n\n\n\n<li><strong>Outubro<\/strong> \u2014 <em>Bernays automatizado: da propaganda cl\u00e1ssica \u00e0 propaganda algor\u00edtmica e persuas\u00e3o invis\u00edvel<\/em>.<\/li>\n<\/ul>\n\n\n\n<p>O ciclo pretende criar um espa\u00e7o de debate p\u00fablico sobre o papel dos media e das tecnologias digitais na transforma\u00e7\u00e3o da comunica\u00e7\u00e3o pol\u00edtica contempor\u00e2nea.<\/p>\n\n\n\n<figure class=\"wp-block-gallery has-nested-images columns-default is-cropped wp-block-gallery-1 is-layout-flex wp-block-gallery-is-layout-flex\">\n<figure class=\"wp-block-image size-large\"><img fetchpriority=\"high\" decoding=\"async\" width=\"683\" height=\"1024\" data-id=\"1006353\" src=\"https:\/\/www.icnova.fcsh.unl.pt\/wp-content\/uploads\/2026\/03\/Conversas-POP_-livros-media-e-democracia-2-683x1024.jpeg\" alt=\"\" class=\"wp-image-1006353\" srcset=\"https:\/\/www.icnova.fcsh.unl.pt\/wp-content\/uploads\/2026\/03\/Conversas-POP_-livros-media-e-democracia-2-683x1024.jpeg 683w, https:\/\/www.icnova.fcsh.unl.pt\/wp-content\/uploads\/2026\/03\/Conversas-POP_-livros-media-e-democracia-2-200x300.jpeg 200w, https:\/\/www.icnova.fcsh.unl.pt\/wp-content\/uploads\/2026\/03\/Conversas-POP_-livros-media-e-democracia-2-768x1152.jpeg 768w, https:\/\/www.icnova.fcsh.unl.pt\/wp-content\/uploads\/2026\/03\/Conversas-POP_-livros-media-e-democracia-2.jpeg 1024w\" sizes=\"(max-width: 683px) 100vw, 683px\" \/><\/figure>\n<\/figure>\n<\/div><!-- .vgblk-rw-wrapper -->","protected":false},"excerpt":{"rendered":"<p>O Observat\u00f3rio do Populismo para o S\u00e9culo XXI promove, ao longo de 2026, o ciclo Conversas Pop, um conjunto de debates que prop\u00f5e discutir a expans\u00e3o dos populismos contempor\u00e2neos a partir de obras recentemente publicadas em Portugal e no Brasil. A iniciativa procura analisar criticamente a forma como populismo, propaganda, polariza\u00e7\u00e3o e desinforma\u00e7\u00e3o se articulam&#8230;<\/p>\n","protected":false},"author":18,"featured_media":1006357,"comment_status":"closed","ping_status":"closed","sticky":false,"template":"","format":"standard","meta":{"footnotes":""},"categories":[43,40],"tags":[],"class_list":["post-1006350","post","type-post","status-publish","format-standard","has-post-thumbnail","hentry","category-eventos","category-news"],"acf":[],"yoast_head":"<!-- This site is optimized with the Yoast SEO plugin v23.2 - https:\/\/yoast.com\/wordpress\/plugins\/seo\/ -->\n<title>Ciclo \u201cConversas Pop\u201d - ICNOVA<\/title>\n<meta name=\"description\" content=\"O ciclo &quot;Conversas Pop&quot; inicia-se a 22 de abril, com o primeiro evento sobre &quot;Populismo e os Media&quot;, com Miguel Carvalho, autor de &quot;Por Dentro do Chega&quot;.\" \/>\n<meta name=\"robots\" content=\"index, follow, max-snippet:-1, max-image-preview:large, max-video-preview:-1\" \/>\n<link rel=\"canonical\" href=\"https:\/\/www.icnova.fcsh.unl.pt\/ciclo-conversas-pop-debate-populismo-media-desinformacao\/\" \/>\n<meta property=\"og:locale\" content=\"en_US\" \/>\n<meta property=\"og:type\" content=\"article\" \/>\n<meta property=\"og:title\" content=\"Ciclo \u201cConversas Pop\u201d - ICNOVA\" \/>\n<meta property=\"og:description\" content=\"O ciclo &quot;Conversas Pop&quot; inicia-se a 22 de abril, com o primeiro evento sobre &quot;Populismo e os Media&quot;, com Miguel Carvalho, autor de &quot;Por Dentro do Chega&quot;.\" \/>\n<meta property=\"og:url\" content=\"https:\/\/www.icnova.fcsh.unl.pt\/ciclo-conversas-pop-debate-populismo-media-desinformacao\/\" \/>\n<meta property=\"og:site_name\" content=\"ICNOVA\" \/>\n<meta property=\"article:published_time\" content=\"2026-03-24T10:16:26+00:00\" \/>\n<meta property=\"article:modified_time\" content=\"2026-04-09T15:20:07+00:00\" \/>\n<meta property=\"og:image\" content=\"https:\/\/www.icnova.fcsh.unl.pt\/wp-content\/uploads\/2026\/03\/SITE-Noti\u0301cias-e-Calls.jpg\" \/>\n\t<meta property=\"og:image:width\" content=\"1920\" \/>\n\t<meta property=\"og:image:height\" content=\"1080\" \/>\n\t<meta property=\"og:image:type\" content=\"image\/jpeg\" \/>\n<meta name=\"author\" content=\"Paulo Nuno Vicente\" \/>\n<meta name=\"twitter:card\" content=\"summary_large_image\" \/>\n<meta name=\"twitter:label1\" content=\"Written by\" \/>\n\t<meta name=\"twitter:data1\" content=\"Paulo Nuno Vicente\" \/>\n\t<meta name=\"twitter:label2\" content=\"Est. reading time\" \/>\n\t<meta name=\"twitter:data2\" content=\"2 minutes\" \/>\n<script type=\"application\/ld+json\" class=\"yoast-schema-graph\">{\"@context\":\"https:\/\/schema.org\",\"@graph\":[{\"@type\":\"Article\",\"@id\":\"https:\/\/www.icnova.fcsh.unl.pt\/ciclo-conversas-pop-debate-populismo-media-desinformacao\/#article\",\"isPartOf\":{\"@id\":\"https:\/\/www.icnova.fcsh.unl.pt\/ciclo-conversas-pop-debate-populismo-media-desinformacao\/\"},\"author\":{\"name\":\"Paulo Nuno Vicente\",\"@id\":\"https:\/\/icnova.staging.widgilabs-sites.com\/#\/schema\/person\/a39c880d2477a551683eb43cf3d18074\"},\"headline\":\"Ciclo \u201cConversas Pop\u201d debate populismo, media e desinforma\u00e7\u00e3o\",\"datePublished\":\"2026-03-24T10:16:26+00:00\",\"dateModified\":\"2026-04-09T15:20:07+00:00\",\"mainEntityOfPage\":{\"@id\":\"https:\/\/www.icnova.fcsh.unl.pt\/ciclo-conversas-pop-debate-populismo-media-desinformacao\/\"},\"wordCount\":272,\"publisher\":{\"@id\":\"https:\/\/icnova.staging.widgilabs-sites.com\/#organization\"},\"image\":{\"@id\":\"https:\/\/www.icnova.fcsh.unl.pt\/ciclo-conversas-pop-debate-populismo-media-desinformacao\/#primaryimage\"},\"thumbnailUrl\":\"https:\/\/www.icnova.fcsh.unl.pt\/wp-content\/uploads\/2026\/03\/SITE-Noti\u0301cias-e-Calls.jpg\",\"articleSection\":[\"Eventos\",\"Not\u00edcias\"],\"inLanguage\":\"en-US\"},{\"@type\":\"WebPage\",\"@id\":\"https:\/\/www.icnova.fcsh.unl.pt\/ciclo-conversas-pop-debate-populismo-media-desinformacao\/\",\"url\":\"https:\/\/www.icnova.fcsh.unl.pt\/ciclo-conversas-pop-debate-populismo-media-desinformacao\/\",\"name\":\"Ciclo \u201cConversas Pop\u201d - ICNOVA\",\"isPartOf\":{\"@id\":\"https:\/\/icnova.staging.widgilabs-sites.com\/#website\"},\"primaryImageOfPage\":{\"@id\":\"https:\/\/www.icnova.fcsh.unl.pt\/ciclo-conversas-pop-debate-populismo-media-desinformacao\/#primaryimage\"},\"image\":{\"@id\":\"https:\/\/www.icnova.fcsh.unl.pt\/ciclo-conversas-pop-debate-populismo-media-desinformacao\/#primaryimage\"},\"thumbnailUrl\":\"https:\/\/www.icnova.fcsh.unl.pt\/wp-content\/uploads\/2026\/03\/SITE-Noti\u0301cias-e-Calls.jpg\",\"datePublished\":\"2026-03-24T10:16:26+00:00\",\"dateModified\":\"2026-04-09T15:20:07+00:00\",\"description\":\"O ciclo \\\"Conversas Pop\\\" inicia-se a 22 de abril, com o primeiro evento sobre \\\"Populismo e os Media\\\", com Miguel Carvalho, autor de \\\"Por Dentro do Chega\\\".\",\"breadcrumb\":{\"@id\":\"https:\/\/www.icnova.fcsh.unl.pt\/ciclo-conversas-pop-debate-populismo-media-desinformacao\/#breadcrumb\"},\"inLanguage\":\"en-US\",\"potentialAction\":[{\"@type\":\"ReadAction\",\"target\":[\"https:\/\/www.icnova.fcsh.unl.pt\/ciclo-conversas-pop-debate-populismo-media-desinformacao\/\"]}]},{\"@type\":\"ImageObject\",\"inLanguage\":\"en-US\",\"@id\":\"https:\/\/www.icnova.fcsh.unl.pt\/ciclo-conversas-pop-debate-populismo-media-desinformacao\/#primaryimage\",\"url\":\"https:\/\/www.icnova.fcsh.unl.pt\/wp-content\/uploads\/2026\/03\/SITE-Noti\u0301cias-e-Calls.jpg\",\"contentUrl\":\"https:\/\/www.icnova.fcsh.unl.pt\/wp-content\/uploads\/2026\/03\/SITE-Noti\u0301cias-e-Calls.jpg\",\"width\":1920,\"height\":1080,\"caption\":\"Logo das Conversas Pop\"},{\"@type\":\"BreadcrumbList\",\"@id\":\"https:\/\/www.icnova.fcsh.unl.pt\/ciclo-conversas-pop-debate-populismo-media-desinformacao\/#breadcrumb\",\"itemListElement\":[{\"@type\":\"ListItem\",\"position\":1,\"name\":\"Home\",\"item\":\"https:\/\/www.icnova.fcsh.unl.pt\/en\/home\/\"},{\"@type\":\"ListItem\",\"position\":2,\"name\":\"Ciclo \u201cConversas Pop\u201d debate populismo, media e desinforma\u00e7\u00e3o\"}]},{\"@type\":\"WebSite\",\"@id\":\"https:\/\/icnova.staging.widgilabs-sites.com\/#website\",\"url\":\"https:\/\/icnova.staging.widgilabs-sites.com\/\",\"name\":\"ICNOVA\",\"description\":\"INSTITUTO DE COMUNICA\u00c7\u00c3O DA NOVA\",\"publisher\":{\"@id\":\"https:\/\/icnova.staging.widgilabs-sites.com\/#organization\"},\"potentialAction\":[{\"@type\":\"SearchAction\",\"target\":{\"@type\":\"EntryPoint\",\"urlTemplate\":\"https:\/\/icnova.staging.widgilabs-sites.com\/?s={search_term_string}\"},\"query-input\":\"required name=search_term_string\"}],\"inLanguage\":\"en-US\"},{\"@type\":\"Organization\",\"@id\":\"https:\/\/icnova.staging.widgilabs-sites.com\/#organization\",\"name\":\"ICNOVA\",\"url\":\"https:\/\/icnova.staging.widgilabs-sites.com\/\",\"logo\":{\"@type\":\"ImageObject\",\"inLanguage\":\"en-US\",\"@id\":\"https:\/\/icnova.staging.widgilabs-sites.com\/#\/schema\/logo\/image\/\",\"url\":\"https:\/\/www.icnova.fcsh.unl.pt\/wp-content\/uploads\/2020\/02\/logo2.png\",\"contentUrl\":\"https:\/\/www.icnova.fcsh.unl.pt\/wp-content\/uploads\/2020\/02\/logo2.png\",\"width\":730,\"height\":209,\"caption\":\"ICNOVA\"},\"image\":{\"@id\":\"https:\/\/icnova.staging.widgilabs-sites.com\/#\/schema\/logo\/image\/\"}},{\"@type\":\"Person\",\"@id\":\"https:\/\/icnova.staging.widgilabs-sites.com\/#\/schema\/person\/a39c880d2477a551683eb43cf3d18074\",\"name\":\"Paulo Nuno Vicente\",\"image\":{\"@type\":\"ImageObject\",\"inLanguage\":\"en-US\",\"@id\":\"https:\/\/icnova.staging.widgilabs-sites.com\/#\/schema\/person\/image\/\",\"url\":\"https:\/\/secure.gravatar.com\/avatar\/ff0c6b8624548ea3789d700258588f5a?s=96&d=mm&r=g\",\"contentUrl\":\"https:\/\/secure.gravatar.com\/avatar\/ff0c6b8624548ea3789d700258588f5a?s=96&d=mm&r=g\",\"caption\":\"Paulo Nuno Vicente\"},\"url\":\"https:\/\/www.icnova.fcsh.unl.pt\/en\/author\/pnvicente\/\"}]}<\/script>\n<!-- \/ Yoast SEO plugin. -->","yoast_head_json":{"title":"Ciclo \u201cConversas Pop\u201d - ICNOVA","description":"O ciclo \"Conversas Pop\" inicia-se a 22 de abril, com o primeiro evento sobre \"Populismo e os Media\", com Miguel Carvalho, autor de \"Por Dentro do Chega\".","robots":{"index":"index","follow":"follow","max-snippet":"max-snippet:-1","max-image-preview":"max-image-preview:large","max-video-preview":"max-video-preview:-1"},"canonical":"https:\/\/www.icnova.fcsh.unl.pt\/ciclo-conversas-pop-debate-populismo-media-desinformacao\/","og_locale":"en_US","og_type":"article","og_title":"Ciclo \u201cConversas Pop\u201d - ICNOVA","og_description":"O ciclo \"Conversas Pop\" inicia-se a 22 de abril, com o primeiro evento sobre \"Populismo e os Media\", com Miguel Carvalho, autor de \"Por Dentro do Chega\".","og_url":"https:\/\/www.icnova.fcsh.unl.pt\/ciclo-conversas-pop-debate-populismo-media-desinformacao\/","og_site_name":"ICNOVA","article_published_time":"2026-03-24T10:16:26+00:00","article_modified_time":"2026-04-09T15:20:07+00:00","og_image":[{"width":1920,"height":1080,"url":"https:\/\/www.icnova.fcsh.unl.pt\/wp-content\/uploads\/2026\/03\/SITE-Noti\u0301cias-e-Calls.jpg","type":"image\/jpeg"}],"author":"Paulo Nuno Vicente","twitter_card":"summary_large_image","twitter_misc":{"Written by":"Paulo Nuno Vicente","Est. reading time":"2 minutes"},"schema":{"@context":"https:\/\/schema.org","@graph":[{"@type":"Article","@id":"https:\/\/www.icnova.fcsh.unl.pt\/ciclo-conversas-pop-debate-populismo-media-desinformacao\/#article","isPartOf":{"@id":"https:\/\/www.icnova.fcsh.unl.pt\/ciclo-conversas-pop-debate-populismo-media-desinformacao\/"},"author":{"name":"Paulo Nuno Vicente","@id":"https:\/\/icnova.staging.widgilabs-sites.com\/#\/schema\/person\/a39c880d2477a551683eb43cf3d18074"},"headline":"Ciclo \u201cConversas Pop\u201d debate populismo, media e desinforma\u00e7\u00e3o","datePublished":"2026-03-24T10:16:26+00:00","dateModified":"2026-04-09T15:20:07+00:00","mainEntityOfPage":{"@id":"https:\/\/www.icnova.fcsh.unl.pt\/ciclo-conversas-pop-debate-populismo-media-desinformacao\/"},"wordCount":272,"publisher":{"@id":"https:\/\/icnova.staging.widgilabs-sites.com\/#organization"},"image":{"@id":"https:\/\/www.icnova.fcsh.unl.pt\/ciclo-conversas-pop-debate-populismo-media-desinformacao\/#primaryimage"},"thumbnailUrl":"https:\/\/www.icnova.fcsh.unl.pt\/wp-content\/uploads\/2026\/03\/SITE-Noti\u0301cias-e-Calls.jpg","articleSection":["Eventos","Not\u00edcias"],"inLanguage":"en-US"},{"@type":"WebPage","@id":"https:\/\/www.icnova.fcsh.unl.pt\/ciclo-conversas-pop-debate-populismo-media-desinformacao\/","url":"https:\/\/www.icnova.fcsh.unl.pt\/ciclo-conversas-pop-debate-populismo-media-desinformacao\/","name":"Ciclo \u201cConversas Pop\u201d - ICNOVA","isPartOf":{"@id":"https:\/\/icnova.staging.widgilabs-sites.com\/#website"},"primaryImageOfPage":{"@id":"https:\/\/www.icnova.fcsh.unl.pt\/ciclo-conversas-pop-debate-populismo-media-desinformacao\/#primaryimage"},"image":{"@id":"https:\/\/www.icnova.fcsh.unl.pt\/ciclo-conversas-pop-debate-populismo-media-desinformacao\/#primaryimage"},"thumbnailUrl":"https:\/\/www.icnova.fcsh.unl.pt\/wp-content\/uploads\/2026\/03\/SITE-Noti\u0301cias-e-Calls.jpg","datePublished":"2026-03-24T10:16:26+00:00","dateModified":"2026-04-09T15:20:07+00:00","description":"O ciclo \"Conversas Pop\" inicia-se a 22 de abril, com o primeiro evento sobre \"Populismo e os Media\", com Miguel Carvalho, autor de \"Por Dentro do Chega\".","breadcrumb":{"@id":"https:\/\/www.icnova.fcsh.unl.pt\/ciclo-conversas-pop-debate-populismo-media-desinformacao\/#breadcrumb"},"inLanguage":"en-US","potentialAction":[{"@type":"ReadAction","target":["https:\/\/www.icnova.fcsh.unl.pt\/ciclo-conversas-pop-debate-populismo-media-desinformacao\/"]}]},{"@type":"ImageObject","inLanguage":"en-US","@id":"https:\/\/www.icnova.fcsh.unl.pt\/ciclo-conversas-pop-debate-populismo-media-desinformacao\/#primaryimage","url":"https:\/\/www.icnova.fcsh.unl.pt\/wp-content\/uploads\/2026\/03\/SITE-Noti\u0301cias-e-Calls.jpg","contentUrl":"https:\/\/www.icnova.fcsh.unl.pt\/wp-content\/uploads\/2026\/03\/SITE-Noti\u0301cias-e-Calls.jpg","width":1920,"height":1080,"caption":"Logo das Conversas Pop"},{"@type":"BreadcrumbList","@id":"https:\/\/www.icnova.fcsh.unl.pt\/ciclo-conversas-pop-debate-populismo-media-desinformacao\/#breadcrumb","itemListElement":[{"@type":"ListItem","position":1,"name":"Home","item":"https:\/\/www.icnova.fcsh.unl.pt\/en\/home\/"},{"@type":"ListItem","position":2,"name":"Ciclo \u201cConversas Pop\u201d debate populismo, media e desinforma\u00e7\u00e3o"}]},{"@type":"WebSite","@id":"https:\/\/icnova.staging.widgilabs-sites.com\/#website","url":"https:\/\/icnova.staging.widgilabs-sites.com\/","name":"ICNOVA","description":"INSTITUTO DE COMUNICA\u00c7\u00c3O DA NOVA","publisher":{"@id":"https:\/\/icnova.staging.widgilabs-sites.com\/#organization"},"potentialAction":[{"@type":"SearchAction","target":{"@type":"EntryPoint","urlTemplate":"https:\/\/icnova.staging.widgilabs-sites.com\/?s={search_term_string}"},"query-input":"required name=search_term_string"}],"inLanguage":"en-US"},{"@type":"Organization","@id":"https:\/\/icnova.staging.widgilabs-sites.com\/#organization","name":"ICNOVA","url":"https:\/\/icnova.staging.widgilabs-sites.com\/","logo":{"@type":"ImageObject","inLanguage":"en-US","@id":"https:\/\/icnova.staging.widgilabs-sites.com\/#\/schema\/logo\/image\/","url":"https:\/\/www.icnova.fcsh.unl.pt\/wp-content\/uploads\/2020\/02\/logo2.png","contentUrl":"https:\/\/www.icnova.fcsh.unl.pt\/wp-content\/uploads\/2020\/02\/logo2.png","width":730,"height":209,"caption":"ICNOVA"},"image":{"@id":"https:\/\/icnova.staging.widgilabs-sites.com\/#\/schema\/logo\/image\/"}},{"@type":"Person","@id":"https:\/\/icnova.staging.widgilabs-sites.com\/#\/schema\/person\/a39c880d2477a551683eb43cf3d18074","name":"Paulo Nuno Vicente","image":{"@type":"ImageObject","inLanguage":"en-US","@id":"https:\/\/icnova.staging.widgilabs-sites.com\/#\/schema\/person\/image\/","url":"https:\/\/secure.gravatar.com\/avatar\/ff0c6b8624548ea3789d700258588f5a?s=96&d=mm&r=g","contentUrl":"https:\/\/secure.gravatar.com\/avatar\/ff0c6b8624548ea3789d700258588f5a?s=96&d=mm&r=g","caption":"Paulo Nuno Vicente"},"url":"https:\/\/www.icnova.fcsh.unl.pt\/en\/author\/pnvicente\/"}]}},"_links":{"self":[{"href":"https:\/\/www.icnova.fcsh.unl.pt\/en\/wp-json\/wp\/v2\/posts\/1006350"}],"collection":[{"href":"https:\/\/www.icnova.fcsh.unl.pt\/en\/wp-json\/wp\/v2\/posts"}],"about":[{"href":"https:\/\/www.icnova.fcsh.unl.pt\/en\/wp-json\/wp\/v2\/types\/post"}],"author":[{"embeddable":true,"href":"https:\/\/www.icnova.fcsh.unl.pt\/en\/wp-json\/wp\/v2\/users\/18"}],"replies":[{"embeddable":true,"href":"https:\/\/www.icnova.fcsh.unl.pt\/en\/wp-json\/wp\/v2\/comments?post=1006350"}],"version-history":[{"count":3,"href":"https:\/\/www.icnova.fcsh.unl.pt\/en\/wp-json\/wp\/v2\/posts\/1006350\/revisions"}],"predecessor-version":[{"id":1006398,"href":"https:\/\/www.icnova.fcsh.unl.pt\/en\/wp-json\/wp\/v2\/posts\/1006350\/revisions\/1006398"}],"wp:featuredmedia":[{"embeddable":true,"href":"https:\/\/www.icnova.fcsh.unl.pt\/en\/wp-json\/wp\/v2\/media\/1006357"}],"wp:attachment":[{"href":"https:\/\/www.icnova.fcsh.unl.pt\/en\/wp-json\/wp\/v2\/media?parent=1006350"}],"wp:term":[{"taxonomy":"category","embeddable":true,"href":"https:\/\/www.icnova.fcsh.unl.pt\/en\/wp-json\/wp\/v2\/categories?post=1006350"},{"taxonomy":"post_tag","embeddable":true,"href":"https:\/\/www.icnova.fcsh.unl.pt\/en\/wp-json\/wp\/v2\/tags?post=1006350"}],"curies":[{"name":"wp","href":"https:\/\/api.w.org\/{rel}","templated":true}]}}