{"id":1006360,"date":"2026-03-31T12:50:52","date_gmt":"2026-03-31T12:50:52","guid":{"rendered":"https:\/\/www.icnova.fcsh.unl.pt\/?p=1006360"},"modified":"2026-03-31T12:51:30","modified_gmt":"2026-03-31T12:51:30","slug":"vaga-tecnico-superior-gestao-ciencia","status":"publish","type":"post","link":"https:\/\/www.icnova.fcsh.unl.pt\/en\/vaga-tecnico-superior-gestao-ciencia\/","title":{"rendered":"ICNOVA abre vaga para T\u00e9cnico\/a Superior de Gest\u00e3o de Ci\u00eancia"},"content":{"rendered":"<div class=\"vgblk-rw-wrapper limit-wrapper\">\n<p>O <strong>ICNOVA \u2013 Instituto de Comunica\u00e7\u00e3o da NOVA<\/strong> tem aberto um procedimento de recrutamento para a contrata\u00e7\u00e3o de um\/a <strong>T\u00e9cnico\/a Superior (Grau 3)<\/strong>, em regime de contrato de trabalho a termo resolutivo incerto, no \u00e2mbito do projeto estrat\u00e9gico financiado pela <strong>Funda\u00e7\u00e3o para a Ci\u00eancia e a Tecnologia<\/strong> (UID\/5021\/2025).<\/p>\n\n\n\n<p>A vaga destina-se ao exerc\u00edcio de fun\u00e7\u00f5es na \u00e1rea da <strong>Gest\u00e3o de Ci\u00eancia e Tecnologia<\/strong>, com local de trabalho na <strong>Universidade NOVA de Lisboa<\/strong>, no Col\u00e9gio Almada Negreiros (Campus de Campolide), em Lisboa.<\/p>\n\n\n\n<h2 class=\"wp-block-heading\">Fun\u00e7\u00f5es<\/h2>\n\n\n\n<p>O\/a profissional a recrutar ter\u00e1 como principais responsabilidades:<\/p>\n\n\n\n<ul class=\"wp-block-list\">\n<li>Gest\u00e3o administrativa, t\u00e9cnica e financeira do projeto estrat\u00e9gico da Unidade de I&amp;D<\/li>\n\n\n\n<li>Acompanhamento de projetos de investiga\u00e7\u00e3o nacionais e internacionais<\/li>\n\n\n\n<li>Apoio \u00e0 prepara\u00e7\u00e3o de candidaturas a financiamento (pre-award)<\/li>\n\n\n\n<li>Media\u00e7\u00e3o institucional com entidades financiadoras e parceiros<\/li>\n\n\n\n<li>Elabora\u00e7\u00e3o de relat\u00f3rios cient\u00edficos e de atividades<\/li>\n\n\n\n<li>Monitoriza\u00e7\u00e3o de indicadores de desempenho (KPIs) e apoio a processos de avalia\u00e7\u00e3o<\/li>\n<\/ul>\n\n\n\n<h2 class=\"wp-block-heading\">Requisitos<\/h2>\n\n\n\n<p>S\u00e3o requisitos obrigat\u00f3rios:<\/p>\n\n\n\n<ul class=\"wp-block-list\">\n<li>Licenciatura<\/li>\n\n\n\n<li>Experi\u00eancia profissional m\u00ednima de <strong>5 anos em gest\u00e3o de ci\u00eancia<\/strong> (pre ou post-award), incluindo apoio a candidaturas competitivas<\/li>\n<\/ul>\n\n\n\n<p>Ser\u00e3o ainda valorizadas compet\u00eancias como experi\u00eancia em programas nacionais e europeus (FCT, Horizonte Europa, Erasmus+, entre outros), dom\u00ednio de ferramentas de gest\u00e3o de produ\u00e7\u00e3o cient\u00edfica e flu\u00eancia em portugu\u00eas e ingl\u00eas.<\/p>\n\n\n\n<h2 class=\"wp-block-heading\">Candidaturas<\/h2>\n\n\n\n<p>As candidaturas devem incluir:<\/p>\n\n\n\n<ul class=\"wp-block-list\">\n<li>Formul\u00e1rio pr\u00f3prio<\/li>\n\n\n\n<li>Curriculum vitae atualizado<\/li>\n\n\n\n<li>Certificado de habilita\u00e7\u00f5es<\/li>\n\n\n\n<li>Carta de motiva\u00e7\u00e3o<\/li>\n<\/ul>\n\n\n\n<p>Envie a sua candidatura por email para <strong><a>drhrecrutamento@fcsh.unl.pt<\/a><\/strong>, com a refer\u00eancia <strong>CT-TS-003\/2026\/ICNOVA<\/strong>.<\/p>\n\n\n\n<p>\ud83d\udcc5 <strong>Prazo de candidatura:<\/strong> 10 dias \u00fateis a partir de <strong>27 de mar\u00e7o de 2026<\/strong><\/p>\n\n\n\n<p>A <strong>Universidade NOVA de Lisboa<\/strong> refor\u00e7a o seu compromisso com a igualdade de oportunidades, promovendo uma pol\u00edtica ativa de n\u00e3o discrimina\u00e7\u00e3o no acesso ao emprego.<\/p>\n\n\n\n<p>Aceda ao <a href=\"https:\/\/www.fcsh.unl.pt\/static\/documentos\/concursos\/Edital_TS_Port-%20ICNOVA%20_Gest%C3%A3o%20de%20Ci%C3%AAncia.pdf\">edital da vaga<\/a> na \u00edntegra.<\/p>\n\n\n\n<p><strong>Esta vaga \u00e9 financiada por fundos nacionais atrav\u00e9s da FCT \u2013 Funda\u00e7\u00e3o para a Ci\u00eancia e a Tecnologia, I.P., no \u00e2mbito do projeto UID\/5021\/2025<\/strong>.<\/p>\n<\/div><!-- .vgblk-rw-wrapper -->","protected":false},"excerpt":{"rendered":"<p>O ICNOVA \u2013 Instituto de Comunica\u00e7\u00e3o da NOVA tem aberto um procedimento de recrutamento para a contrata\u00e7\u00e3o de um\/a T\u00e9cnico\/a Superior (Grau 3), em regime de contrato de trabalho a termo resolutivo incerto, no \u00e2mbito do projeto estrat\u00e9gico financiado pela Funda\u00e7\u00e3o para a Ci\u00eancia e a Tecnologia (UID\/5021\/2025). A vaga destina-se ao exerc\u00edcio de fun\u00e7\u00f5es&#8230;<\/p>\n","protected":false},"author":18,"featured_media":1006370,"comment_status":"closed","ping_status":"closed","sticky":false,"template":"","format":"standard","meta":{"footnotes":""},"categories":[40,1],"tags":[],"class_list":["post-1006360","post","type-post","status-publish","format-standard","has-post-thumbnail","hentry","category-news","category-sem-categoria"],"acf":[],"yoast_head":"<!-- This site is optimized with the Yoast SEO plugin v23.2 - https:\/\/yoast.com\/wordpress\/plugins\/seo\/ -->\n<title>ICNOVA abre vaga para T\u00e9cnico\/a Superior de Gest\u00e3o de Ci\u00eancia - ICNOVA<\/title>\n<meta name=\"description\" content=\"O ICNOVA abriu um processo de recrutamento para a contrata\u00e7\u00e3o de T\u00e9cnico\/a Superior de Gest\u00e3o de Ci\u00eancia. Conhe\u00e7a as condi\u00e7\u00f5es e o edital.\" \/>\n<meta name=\"robots\" content=\"index, follow, max-snippet:-1, max-image-preview:large, max-video-preview:-1\" \/>\n<link rel=\"canonical\" href=\"https:\/\/www.icnova.fcsh.unl.pt\/vaga-tecnico-superior-gestao-ciencia\/\" \/>\n<meta property=\"og:locale\" content=\"en_US\" \/>\n<meta property=\"og:type\" content=\"article\" \/>\n<meta property=\"og:title\" content=\"ICNOVA abre vaga para T\u00e9cnico\/a Superior de Gest\u00e3o de Ci\u00eancia - ICNOVA\" \/>\n<meta property=\"og:description\" content=\"O ICNOVA abriu um processo de recrutamento para a contrata\u00e7\u00e3o de T\u00e9cnico\/a Superior de Gest\u00e3o de Ci\u00eancia. Conhe\u00e7a as condi\u00e7\u00f5es e o edital.\" \/>\n<meta property=\"og:url\" content=\"https:\/\/www.icnova.fcsh.unl.pt\/vaga-tecnico-superior-gestao-ciencia\/\" \/>\n<meta property=\"og:site_name\" content=\"ICNOVA\" \/>\n<meta property=\"article:published_time\" content=\"2026-03-31T12:50:52+00:00\" \/>\n<meta property=\"article:modified_time\" content=\"2026-03-31T12:51:30+00:00\" \/>\n<meta property=\"og:image\" content=\"https:\/\/www.icnova.fcsh.unl.pt\/wp-content\/uploads\/2026\/03\/SITE-Noti\u0301cias-e-Calls-1.jpg\" \/>\n\t<meta property=\"og:image:width\" content=\"1920\" \/>\n\t<meta property=\"og:image:height\" content=\"1080\" \/>\n\t<meta property=\"og:image:type\" content=\"image\/jpeg\" \/>\n<meta name=\"author\" content=\"Paulo Nuno Vicente\" \/>\n<meta name=\"twitter:card\" content=\"summary_large_image\" \/>\n<meta name=\"twitter:label1\" content=\"Written by\" \/>\n\t<meta name=\"twitter:data1\" content=\"Paulo Nuno Vicente\" \/>\n\t<meta name=\"twitter:label2\" content=\"Est. reading time\" \/>\n\t<meta name=\"twitter:data2\" content=\"2 minutes\" \/>\n<script type=\"application\/ld+json\" class=\"yoast-schema-graph\">{\"@context\":\"https:\/\/schema.org\",\"@graph\":[{\"@type\":\"Article\",\"@id\":\"https:\/\/www.icnova.fcsh.unl.pt\/vaga-tecnico-superior-gestao-ciencia\/#article\",\"isPartOf\":{\"@id\":\"https:\/\/www.icnova.fcsh.unl.pt\/vaga-tecnico-superior-gestao-ciencia\/\"},\"author\":{\"name\":\"Paulo Nuno Vicente\",\"@id\":\"https:\/\/icnova.staging.widgilabs-sites.com\/#\/schema\/person\/a39c880d2477a551683eb43cf3d18074\"},\"headline\":\"ICNOVA abre vaga para T\u00e9cnico\/a Superior de Gest\u00e3o de Ci\u00eancia\",\"datePublished\":\"2026-03-31T12:50:52+00:00\",\"dateModified\":\"2026-03-31T12:51:30+00:00\",\"mainEntityOfPage\":{\"@id\":\"https:\/\/www.icnova.fcsh.unl.pt\/vaga-tecnico-superior-gestao-ciencia\/\"},\"wordCount\":363,\"publisher\":{\"@id\":\"https:\/\/icnova.staging.widgilabs-sites.com\/#organization\"},\"image\":{\"@id\":\"https:\/\/www.icnova.fcsh.unl.pt\/vaga-tecnico-superior-gestao-ciencia\/#primaryimage\"},\"thumbnailUrl\":\"https:\/\/www.icnova.fcsh.unl.pt\/wp-content\/uploads\/2026\/03\/SITE-Noti\u0301cias-e-Calls-1.jpg\",\"articleSection\":[\"Not\u00edcias\",\"Sem categoria\"],\"inLanguage\":\"en-US\"},{\"@type\":\"WebPage\",\"@id\":\"https:\/\/www.icnova.fcsh.unl.pt\/vaga-tecnico-superior-gestao-ciencia\/\",\"url\":\"https:\/\/www.icnova.fcsh.unl.pt\/vaga-tecnico-superior-gestao-ciencia\/\",\"name\":\"ICNOVA abre vaga para T\u00e9cnico\/a Superior de Gest\u00e3o de Ci\u00eancia - ICNOVA\",\"isPartOf\":{\"@id\":\"https:\/\/icnova.staging.widgilabs-sites.com\/#website\"},\"primaryImageOfPage\":{\"@id\":\"https:\/\/www.icnova.fcsh.unl.pt\/vaga-tecnico-superior-gestao-ciencia\/#primaryimage\"},\"image\":{\"@id\":\"https:\/\/www.icnova.fcsh.unl.pt\/vaga-tecnico-superior-gestao-ciencia\/#primaryimage\"},\"thumbnailUrl\":\"https:\/\/www.icnova.fcsh.unl.pt\/wp-content\/uploads\/2026\/03\/SITE-Noti\u0301cias-e-Calls-1.jpg\",\"datePublished\":\"2026-03-31T12:50:52+00:00\",\"dateModified\":\"2026-03-31T12:51:30+00:00\",\"description\":\"O ICNOVA abriu um processo de recrutamento para a contrata\u00e7\u00e3o de T\u00e9cnico\/a Superior de Gest\u00e3o de Ci\u00eancia. Conhe\u00e7a as condi\u00e7\u00f5es e o edital.\",\"breadcrumb\":{\"@id\":\"https:\/\/www.icnova.fcsh.unl.pt\/vaga-tecnico-superior-gestao-ciencia\/#breadcrumb\"},\"inLanguage\":\"en-US\",\"potentialAction\":[{\"@type\":\"ReadAction\",\"target\":[\"https:\/\/www.icnova.fcsh.unl.pt\/vaga-tecnico-superior-gestao-ciencia\/\"]}]},{\"@type\":\"ImageObject\",\"inLanguage\":\"en-US\",\"@id\":\"https:\/\/www.icnova.fcsh.unl.pt\/vaga-tecnico-superior-gestao-ciencia\/#primaryimage\",\"url\":\"https:\/\/www.icnova.fcsh.unl.pt\/wp-content\/uploads\/2026\/03\/SITE-Noti\u0301cias-e-Calls-1.jpg\",\"contentUrl\":\"https:\/\/www.icnova.fcsh.unl.pt\/wp-content\/uploads\/2026\/03\/SITE-Noti\u0301cias-e-Calls-1.jpg\",\"width\":1920,\"height\":1080,\"caption\":\"Poster de an\u00fancio de vaga para t\u00e9cnico de gest\u00e3o de ci\u00eancia no ICNOVA.\"},{\"@type\":\"BreadcrumbList\",\"@id\":\"https:\/\/www.icnova.fcsh.unl.pt\/vaga-tecnico-superior-gestao-ciencia\/#breadcrumb\",\"itemListElement\":[{\"@type\":\"ListItem\",\"position\":1,\"name\":\"Home\",\"item\":\"https:\/\/www.icnova.fcsh.unl.pt\/en\/home\/\"},{\"@type\":\"ListItem\",\"position\":2,\"name\":\"ICNOVA abre vaga para T\u00e9cnico\/a Superior de Gest\u00e3o de Ci\u00eancia\"}]},{\"@type\":\"WebSite\",\"@id\":\"https:\/\/icnova.staging.widgilabs-sites.com\/#website\",\"url\":\"https:\/\/icnova.staging.widgilabs-sites.com\/\",\"name\":\"ICNOVA\",\"description\":\"INSTITUTO DE COMUNICA\u00c7\u00c3O DA NOVA\",\"publisher\":{\"@id\":\"https:\/\/icnova.staging.widgilabs-sites.com\/#organization\"},\"potentialAction\":[{\"@type\":\"SearchAction\",\"target\":{\"@type\":\"EntryPoint\",\"urlTemplate\":\"https:\/\/icnova.staging.widgilabs-sites.com\/?s={search_term_string}\"},\"query-input\":\"required name=search_term_string\"}],\"inLanguage\":\"en-US\"},{\"@type\":\"Organization\",\"@id\":\"https:\/\/icnova.staging.widgilabs-sites.com\/#organization\",\"name\":\"ICNOVA\",\"url\":\"https:\/\/icnova.staging.widgilabs-sites.com\/\",\"logo\":{\"@type\":\"ImageObject\",\"inLanguage\":\"en-US\",\"@id\":\"https:\/\/icnova.staging.widgilabs-sites.com\/#\/schema\/logo\/image\/\",\"url\":\"https:\/\/www.icnova.fcsh.unl.pt\/wp-content\/uploads\/2020\/02\/logo2.png\",\"contentUrl\":\"https:\/\/www.icnova.fcsh.unl.pt\/wp-content\/uploads\/2020\/02\/logo2.png\",\"width\":730,\"height\":209,\"caption\":\"ICNOVA\"},\"image\":{\"@id\":\"https:\/\/icnova.staging.widgilabs-sites.com\/#\/schema\/logo\/image\/\"}},{\"@type\":\"Person\",\"@id\":\"https:\/\/icnova.staging.widgilabs-sites.com\/#\/schema\/person\/a39c880d2477a551683eb43cf3d18074\",\"name\":\"Paulo Nuno Vicente\",\"image\":{\"@type\":\"ImageObject\",\"inLanguage\":\"en-US\",\"@id\":\"https:\/\/icnova.staging.widgilabs-sites.com\/#\/schema\/person\/image\/\",\"url\":\"https:\/\/secure.gravatar.com\/avatar\/ff0c6b8624548ea3789d700258588f5a?s=96&d=mm&r=g\",\"contentUrl\":\"https:\/\/secure.gravatar.com\/avatar\/ff0c6b8624548ea3789d700258588f5a?s=96&d=mm&r=g\",\"caption\":\"Paulo Nuno Vicente\"},\"url\":\"https:\/\/www.icnova.fcsh.unl.pt\/en\/author\/pnvicente\/\"}]}<\/script>\n<!-- \/ Yoast SEO plugin. -->","yoast_head_json":{"title":"ICNOVA abre vaga para T\u00e9cnico\/a Superior de Gest\u00e3o de Ci\u00eancia - ICNOVA","description":"O ICNOVA abriu um processo de recrutamento para a contrata\u00e7\u00e3o de T\u00e9cnico\/a Superior de Gest\u00e3o de Ci\u00eancia. Conhe\u00e7a as condi\u00e7\u00f5es e o edital.","robots":{"index":"index","follow":"follow","max-snippet":"max-snippet:-1","max-image-preview":"max-image-preview:large","max-video-preview":"max-video-preview:-1"},"canonical":"https:\/\/www.icnova.fcsh.unl.pt\/vaga-tecnico-superior-gestao-ciencia\/","og_locale":"en_US","og_type":"article","og_title":"ICNOVA abre vaga para T\u00e9cnico\/a Superior de Gest\u00e3o de Ci\u00eancia - ICNOVA","og_description":"O ICNOVA abriu um processo de recrutamento para a contrata\u00e7\u00e3o de T\u00e9cnico\/a Superior de Gest\u00e3o de Ci\u00eancia. Conhe\u00e7a as condi\u00e7\u00f5es e o edital.","og_url":"https:\/\/www.icnova.fcsh.unl.pt\/vaga-tecnico-superior-gestao-ciencia\/","og_site_name":"ICNOVA","article_published_time":"2026-03-31T12:50:52+00:00","article_modified_time":"2026-03-31T12:51:30+00:00","og_image":[{"width":1920,"height":1080,"url":"https:\/\/www.icnova.fcsh.unl.pt\/wp-content\/uploads\/2026\/03\/SITE-Noti\u0301cias-e-Calls-1.jpg","type":"image\/jpeg"}],"author":"Paulo Nuno Vicente","twitter_card":"summary_large_image","twitter_misc":{"Written by":"Paulo Nuno Vicente","Est. reading time":"2 minutes"},"schema":{"@context":"https:\/\/schema.org","@graph":[{"@type":"Article","@id":"https:\/\/www.icnova.fcsh.unl.pt\/vaga-tecnico-superior-gestao-ciencia\/#article","isPartOf":{"@id":"https:\/\/www.icnova.fcsh.unl.pt\/vaga-tecnico-superior-gestao-ciencia\/"},"author":{"name":"Paulo Nuno Vicente","@id":"https:\/\/icnova.staging.widgilabs-sites.com\/#\/schema\/person\/a39c880d2477a551683eb43cf3d18074"},"headline":"ICNOVA abre vaga para T\u00e9cnico\/a Superior de Gest\u00e3o de Ci\u00eancia","datePublished":"2026-03-31T12:50:52+00:00","dateModified":"2026-03-31T12:51:30+00:00","mainEntityOfPage":{"@id":"https:\/\/www.icnova.fcsh.unl.pt\/vaga-tecnico-superior-gestao-ciencia\/"},"wordCount":363,"publisher":{"@id":"https:\/\/icnova.staging.widgilabs-sites.com\/#organization"},"image":{"@id":"https:\/\/www.icnova.fcsh.unl.pt\/vaga-tecnico-superior-gestao-ciencia\/#primaryimage"},"thumbnailUrl":"https:\/\/www.icnova.fcsh.unl.pt\/wp-content\/uploads\/2026\/03\/SITE-Noti\u0301cias-e-Calls-1.jpg","articleSection":["Not\u00edcias","Sem categoria"],"inLanguage":"en-US"},{"@type":"WebPage","@id":"https:\/\/www.icnova.fcsh.unl.pt\/vaga-tecnico-superior-gestao-ciencia\/","url":"https:\/\/www.icnova.fcsh.unl.pt\/vaga-tecnico-superior-gestao-ciencia\/","name":"ICNOVA abre vaga para T\u00e9cnico\/a Superior de Gest\u00e3o de Ci\u00eancia - ICNOVA","isPartOf":{"@id":"https:\/\/icnova.staging.widgilabs-sites.com\/#website"},"primaryImageOfPage":{"@id":"https:\/\/www.icnova.fcsh.unl.pt\/vaga-tecnico-superior-gestao-ciencia\/#primaryimage"},"image":{"@id":"https:\/\/www.icnova.fcsh.unl.pt\/vaga-tecnico-superior-gestao-ciencia\/#primaryimage"},"thumbnailUrl":"https:\/\/www.icnova.fcsh.unl.pt\/wp-content\/uploads\/2026\/03\/SITE-Noti\u0301cias-e-Calls-1.jpg","datePublished":"2026-03-31T12:50:52+00:00","dateModified":"2026-03-31T12:51:30+00:00","description":"O ICNOVA abriu um processo de recrutamento para a contrata\u00e7\u00e3o de T\u00e9cnico\/a Superior de Gest\u00e3o de Ci\u00eancia. Conhe\u00e7a as condi\u00e7\u00f5es e o edital.","breadcrumb":{"@id":"https:\/\/www.icnova.fcsh.unl.pt\/vaga-tecnico-superior-gestao-ciencia\/#breadcrumb"},"inLanguage":"en-US","potentialAction":[{"@type":"ReadAction","target":["https:\/\/www.icnova.fcsh.unl.pt\/vaga-tecnico-superior-gestao-ciencia\/"]}]},{"@type":"ImageObject","inLanguage":"en-US","@id":"https:\/\/www.icnova.fcsh.unl.pt\/vaga-tecnico-superior-gestao-ciencia\/#primaryimage","url":"https:\/\/www.icnova.fcsh.unl.pt\/wp-content\/uploads\/2026\/03\/SITE-Noti\u0301cias-e-Calls-1.jpg","contentUrl":"https:\/\/www.icnova.fcsh.unl.pt\/wp-content\/uploads\/2026\/03\/SITE-Noti\u0301cias-e-Calls-1.jpg","width":1920,"height":1080,"caption":"Poster de an\u00fancio de vaga para t\u00e9cnico de gest\u00e3o de ci\u00eancia no ICNOVA."},{"@type":"BreadcrumbList","@id":"https:\/\/www.icnova.fcsh.unl.pt\/vaga-tecnico-superior-gestao-ciencia\/#breadcrumb","itemListElement":[{"@type":"ListItem","position":1,"name":"Home","item":"https:\/\/www.icnova.fcsh.unl.pt\/en\/home\/"},{"@type":"ListItem","position":2,"name":"ICNOVA abre vaga para T\u00e9cnico\/a Superior de Gest\u00e3o de Ci\u00eancia"}]},{"@type":"WebSite","@id":"https:\/\/icnova.staging.widgilabs-sites.com\/#website","url":"https:\/\/icnova.staging.widgilabs-sites.com\/","name":"ICNOVA","description":"INSTITUTO DE COMUNICA\u00c7\u00c3O DA NOVA","publisher":{"@id":"https:\/\/icnova.staging.widgilabs-sites.com\/#organization"},"potentialAction":[{"@type":"SearchAction","target":{"@type":"EntryPoint","urlTemplate":"https:\/\/icnova.staging.widgilabs-sites.com\/?s={search_term_string}"},"query-input":"required name=search_term_string"}],"inLanguage":"en-US"},{"@type":"Organization","@id":"https:\/\/icnova.staging.widgilabs-sites.com\/#organization","name":"ICNOVA","url":"https:\/\/icnova.staging.widgilabs-sites.com\/","logo":{"@type":"ImageObject","inLanguage":"en-US","@id":"https:\/\/icnova.staging.widgilabs-sites.com\/#\/schema\/logo\/image\/","url":"https:\/\/www.icnova.fcsh.unl.pt\/wp-content\/uploads\/2020\/02\/logo2.png","contentUrl":"https:\/\/www.icnova.fcsh.unl.pt\/wp-content\/uploads\/2020\/02\/logo2.png","width":730,"height":209,"caption":"ICNOVA"},"image":{"@id":"https:\/\/icnova.staging.widgilabs-sites.com\/#\/schema\/logo\/image\/"}},{"@type":"Person","@id":"https:\/\/icnova.staging.widgilabs-sites.com\/#\/schema\/person\/a39c880d2477a551683eb43cf3d18074","name":"Paulo Nuno Vicente","image":{"@type":"ImageObject","inLanguage":"en-US","@id":"https:\/\/icnova.staging.widgilabs-sites.com\/#\/schema\/person\/image\/","url":"https:\/\/secure.gravatar.com\/avatar\/ff0c6b8624548ea3789d700258588f5a?s=96&d=mm&r=g","contentUrl":"https:\/\/secure.gravatar.com\/avatar\/ff0c6b8624548ea3789d700258588f5a?s=96&d=mm&r=g","caption":"Paulo Nuno Vicente"},"url":"https:\/\/www.icnova.fcsh.unl.pt\/en\/author\/pnvicente\/"}]}},"_links":{"self":[{"href":"https:\/\/www.icnova.fcsh.unl.pt\/en\/wp-json\/wp\/v2\/posts\/1006360"}],"collection":[{"href":"https:\/\/www.icnova.fcsh.unl.pt\/en\/wp-json\/wp\/v2\/posts"}],"about":[{"href":"https:\/\/www.icnova.fcsh.unl.pt\/en\/wp-json\/wp\/v2\/types\/post"}],"author":[{"embeddable":true,"href":"https:\/\/www.icnova.fcsh.unl.pt\/en\/wp-json\/wp\/v2\/users\/18"}],"replies":[{"embeddable":true,"href":"https:\/\/www.icnova.fcsh.unl.pt\/en\/wp-json\/wp\/v2\/comments?post=1006360"}],"version-history":[{"count":2,"href":"https:\/\/www.icnova.fcsh.unl.pt\/en\/wp-json\/wp\/v2\/posts\/1006360\/revisions"}],"predecessor-version":[{"id":1006372,"href":"https:\/\/www.icnova.fcsh.unl.pt\/en\/wp-json\/wp\/v2\/posts\/1006360\/revisions\/1006372"}],"wp:featuredmedia":[{"embeddable":true,"href":"https:\/\/www.icnova.fcsh.unl.pt\/en\/wp-json\/wp\/v2\/media\/1006370"}],"wp:attachment":[{"href":"https:\/\/www.icnova.fcsh.unl.pt\/en\/wp-json\/wp\/v2\/media?parent=1006360"}],"wp:term":[{"taxonomy":"category","embeddable":true,"href":"https:\/\/www.icnova.fcsh.unl.pt\/en\/wp-json\/wp\/v2\/categories?post=1006360"},{"taxonomy":"post_tag","embeddable":true,"href":"https:\/\/www.icnova.fcsh.unl.pt\/en\/wp-json\/wp\/v2\/tags?post=1006360"}],"curies":[{"name":"wp","href":"https:\/\/api.w.org\/{rel}","templated":true}]}}