{"id":1006362,"date":"2026-03-30T17:04:49","date_gmt":"2026-03-30T17:04:49","guid":{"rendered":"https:\/\/www.icnova.fcsh.unl.pt\/?p=1006362"},"modified":"2026-03-30T17:09:26","modified_gmt":"2026-03-30T17:09:26","slug":"comunicacao-enquadramentos-morais-da-liberdade-no-discurso-politico","status":"publish","type":"post","link":"https:\/\/www.icnova.fcsh.unl.pt\/en\/comunicacao-enquadramentos-morais-da-liberdade-no-discurso-politico\/","title":{"rendered":"Comunica\u00e7\u00e3o \u201cEnquadramentos morais da \u2018liberdade\u2019 no discurso pol\u00edtico&#8221;"},"content":{"rendered":"<div class=\"vgblk-rw-wrapper limit-wrapper\">\n<p>No \u00e2mbito da 3.\u00aa edi\u00e7\u00e3o das Jornadas de Pesquisa \u201cReconfigura\u00e7\u00e3o Pol\u00edtica a partir da Media\u00e7\u00e3o Digital\u201d, ser\u00e1 apresentada a comunica\u00e7\u00e3o <strong>\u201cEnquadramentos morais da \u2018liberdade\u2019 no discurso pol\u00edtico: uma an\u00e1lise dos contextos digital e presencial nas elei\u00e7\u00f5es municipais de 2024, Vila Velha, Brasil\u201d<\/strong>, por Andr\u00e9 Vianna Nascimento.<\/p>\n\n\n\n<p>O trabalho prop\u00f5e uma an\u00e1lise do uso da categoria moral \u201cliberdade\u201d nos discursos de candidatos a vereador do Partido Liberal (PL), durante o per\u00edodo eleitoral de 2024, no munic\u00edpio de Vila Velha (ES), Brasil. Partindo da hip\u00f3tese de que as din\u00e2micas discursivas no ambiente digital prolongam pr\u00e1ticas observadas no contexto presencial, a investiga\u00e7\u00e3o cruza dados provenientes de redes sociais \u2014 nomeadamente Instagram e WhatsApp \u2014 com observa\u00e7\u00e3o de campo em eventos pol\u00edticos, como com\u00edcios, reuni\u00f5es partid\u00e1rias e passeatas.<\/p>\n\n\n\n<p>No plano emp\u00edrico, foram analisadas 2.674 publica\u00e7\u00f5es, recolhidas entre 16 de agosto e 6 de outubro de 2024, com recurso \u00e0s ferramentas Zeeschuimer e 4CAT. Atrav\u00e9s de uma abordagem de an\u00e1lise de discurso, o estudo evidencia como a no\u00e7\u00e3o de \u201cliberdade\u201d \u00e9 articulada a outros marcadores morais \u2014 como patriotismo, f\u00e9, verdade e oposi\u00e7\u00e3o \u00e0 \u201cmentira\u201d \u2014 funcionando como eixo organizador de enquadramentos que mobilizam emo\u00e7\u00f5es pol\u00edticas, como medo, orgulho e desprezo.<\/p>\n\n\n\n<p>Os resultados apontam para uma continuidade entre os repert\u00f3rios discursivos nos contextos digital e presencial, ainda que com varia\u00e7\u00f5es na intensidade e nos modos de articula\u00e7\u00e3o. A investiga\u00e7\u00e3o sublinha ainda como a moraliza\u00e7\u00e3o da pol\u00edtica, ancorada na categoria \u201cliberdade\u201d, contribui para a intensifica\u00e7\u00e3o de din\u00e2micas de polariza\u00e7\u00e3o e para a consolida\u00e7\u00e3o de formas de mobiliza\u00e7\u00e3o associadas ao populismo de direita contempor\u00e2neo.<\/p>\n\n\n\n<p><strong>Sobre o orador<\/strong><br>Andr\u00e9 Vianna Nascimento \u00e9 professor substituto de Metodologia da Pesquisa na FACELI e doutorando em Sociologia na Universidade Federal Fluminense (UFF), onde integra o Laborat\u00f3rio de Sociologia Digital. Encontra-se atualmente em est\u00e1gio doutoral no ICNOVA \u2013 Instituto de Comunica\u00e7\u00e3o da NOVA, na Universidade NOVA de Lisboa. \u00c9 ainda investigador no N\u00facleo de Estudos Urbanos e Socioambiental (NEUS), tendo desenvolvido investiga\u00e7\u00e3o nas \u00e1reas da sociologia pol\u00edtica, media digitais e comunica\u00e7\u00e3o pol\u00edtica.<\/p>\n\n\n\n<p>Aceda ao <a href=\"https:\/\/docs.google.com\/forms\/d\/e\/1FAIpQLScKDJYbTrgzyaGquVi9dvKucIKC4x8GT1WnKOCsyWJZpP-koQ\/viewform\">formul\u00e1rio de inscri\u00e7\u00e3o<\/a>.<\/p>\n\n\n\n<figure class=\"wp-block-gallery has-nested-images columns-default is-cropped wp-block-gallery-1 is-layout-flex wp-block-gallery-is-layout-flex\">\n<figure class=\"wp-block-image size-large\"><img fetchpriority=\"high\" decoding=\"async\" width=\"819\" height=\"1024\" data-id=\"1006364\" src=\"https:\/\/www.icnova.fcsh.unl.pt\/wp-content\/uploads\/2026\/03\/NOVO-IG-Eventos-internos-819x1024.png\" alt=\"Cartaz da comunica\u00e7\u00e3o &quot;Enquadramentos morais da \u201cliberdade\u201d no discurso pol\u00edtico&quot;, de Andr\u00e9 Nascimento.\" class=\"wp-image-1006364\" srcset=\"https:\/\/www.icnova.fcsh.unl.pt\/wp-content\/uploads\/2026\/03\/NOVO-IG-Eventos-internos-819x1024.png 819w, https:\/\/www.icnova.fcsh.unl.pt\/wp-content\/uploads\/2026\/03\/NOVO-IG-Eventos-internos-240x300.png 240w, https:\/\/www.icnova.fcsh.unl.pt\/wp-content\/uploads\/2026\/03\/NOVO-IG-Eventos-internos-768x960.png 768w, https:\/\/www.icnova.fcsh.unl.pt\/wp-content\/uploads\/2026\/03\/NOVO-IG-Eventos-internos.png 1080w\" sizes=\"(max-width: 819px) 100vw, 819px\" \/><\/figure>\n\n\n\n<figure class=\"wp-block-image size-large\"><img decoding=\"async\" width=\"819\" height=\"1024\" data-id=\"1006366\" src=\"https:\/\/www.icnova.fcsh.unl.pt\/wp-content\/uploads\/2026\/03\/PauloMendes-1-819x1024.png\" alt=\"\" class=\"wp-image-1006366\" srcset=\"https:\/\/www.icnova.fcsh.unl.pt\/wp-content\/uploads\/2026\/03\/PauloMendes-1-819x1024.png 819w, https:\/\/www.icnova.fcsh.unl.pt\/wp-content\/uploads\/2026\/03\/PauloMendes-1-240x300.png 240w, https:\/\/www.icnova.fcsh.unl.pt\/wp-content\/uploads\/2026\/03\/PauloMendes-1-768x960.png 768w, https:\/\/www.icnova.fcsh.unl.pt\/wp-content\/uploads\/2026\/03\/PauloMendes-1.png 1080w\" sizes=\"(max-width: 819px) 100vw, 819px\" \/><\/figure>\n<\/figure>\n<\/div><!-- .vgblk-rw-wrapper -->","protected":false},"excerpt":{"rendered":"<p>No \u00e2mbito da 3.\u00aa edi\u00e7\u00e3o das Jornadas de Pesquisa \u201cReconfigura\u00e7\u00e3o Pol\u00edtica a partir da Media\u00e7\u00e3o Digital\u201d, ser\u00e1 apresentada a comunica\u00e7\u00e3o \u201cEnquadramentos morais da \u2018liberdade\u2019 no discurso pol\u00edtico: uma an\u00e1lise dos contextos digital e presencial nas elei\u00e7\u00f5es municipais de 2024, Vila Velha, Brasil\u201d, por Andr\u00e9 Vianna Nascimento. O trabalho prop\u00f5e uma an\u00e1lise do uso da categoria&#8230;<\/p>\n","protected":false},"author":18,"featured_media":1006364,"comment_status":"closed","ping_status":"closed","sticky":false,"template":"","format":"standard","meta":{"footnotes":""},"categories":[43],"tags":[],"class_list":["post-1006362","post","type-post","status-publish","format-standard","has-post-thumbnail","hentry","category-eventos"],"acf":[],"yoast_head":"<!-- This site is optimized with the Yoast SEO plugin v23.2 - https:\/\/yoast.com\/wordpress\/plugins\/seo\/ -->\n<title>&quot;Enquadramentos morais da \u2018liberdade\u2019 no discurso pol\u00edtico&quot; - ICNOVA<\/title>\n<meta name=\"description\" content=\"O ICNOVA convida-o para a comunica\u00e7\u00e3o \u201cEnquadramentos morais da \u2018liberdade\u2019 no discurso pol\u00edtico&quot; de Andr\u00e9 Vianna Nascimento, no pr\u00f3ximo dia 8 de abril.\" \/>\n<meta name=\"robots\" content=\"index, follow, max-snippet:-1, max-image-preview:large, max-video-preview:-1\" \/>\n<link rel=\"canonical\" href=\"https:\/\/www.icnova.fcsh.unl.pt\/comunicacao-enquadramentos-morais-da-liberdade-no-discurso-politico\/\" \/>\n<meta property=\"og:locale\" content=\"en_US\" \/>\n<meta property=\"og:type\" content=\"article\" \/>\n<meta property=\"og:title\" content=\"&quot;Enquadramentos morais da \u2018liberdade\u2019 no discurso pol\u00edtico&quot; - ICNOVA\" \/>\n<meta property=\"og:description\" content=\"O ICNOVA convida-o para a comunica\u00e7\u00e3o \u201cEnquadramentos morais da \u2018liberdade\u2019 no discurso pol\u00edtico&quot; de Andr\u00e9 Vianna Nascimento, no pr\u00f3ximo dia 8 de abril.\" \/>\n<meta property=\"og:url\" content=\"https:\/\/www.icnova.fcsh.unl.pt\/comunicacao-enquadramentos-morais-da-liberdade-no-discurso-politico\/\" \/>\n<meta property=\"og:site_name\" content=\"ICNOVA\" \/>\n<meta property=\"article:published_time\" content=\"2026-03-30T17:04:49+00:00\" \/>\n<meta property=\"article:modified_time\" content=\"2026-03-30T17:09:26+00:00\" \/>\n<meta property=\"og:image\" content=\"https:\/\/www.icnova.fcsh.unl.pt\/wp-content\/uploads\/2026\/03\/NOVO-IG-Eventos-internos.png\" \/>\n\t<meta property=\"og:image:width\" content=\"1080\" \/>\n\t<meta property=\"og:image:height\" content=\"1350\" \/>\n\t<meta property=\"og:image:type\" content=\"image\/png\" \/>\n<meta name=\"author\" content=\"Paulo Nuno Vicente\" \/>\n<meta name=\"twitter:card\" content=\"summary_large_image\" \/>\n<meta name=\"twitter:label1\" content=\"Written by\" \/>\n\t<meta name=\"twitter:data1\" content=\"Paulo Nuno Vicente\" \/>\n\t<meta name=\"twitter:label2\" content=\"Est. reading time\" \/>\n\t<meta name=\"twitter:data2\" content=\"3 minutes\" \/>\n<script type=\"application\/ld+json\" class=\"yoast-schema-graph\">{\"@context\":\"https:\/\/schema.org\",\"@graph\":[{\"@type\":\"Article\",\"@id\":\"https:\/\/www.icnova.fcsh.unl.pt\/comunicacao-enquadramentos-morais-da-liberdade-no-discurso-politico\/#article\",\"isPartOf\":{\"@id\":\"https:\/\/www.icnova.fcsh.unl.pt\/comunicacao-enquadramentos-morais-da-liberdade-no-discurso-politico\/\"},\"author\":{\"name\":\"Paulo Nuno Vicente\",\"@id\":\"https:\/\/icnova.staging.widgilabs-sites.com\/#\/schema\/person\/a39c880d2477a551683eb43cf3d18074\"},\"headline\":\"Comunica\u00e7\u00e3o \u201cEnquadramentos morais da \u2018liberdade\u2019 no discurso pol\u00edtico&#8221;\",\"datePublished\":\"2026-03-30T17:04:49+00:00\",\"dateModified\":\"2026-03-30T17:09:26+00:00\",\"mainEntityOfPage\":{\"@id\":\"https:\/\/www.icnova.fcsh.unl.pt\/comunicacao-enquadramentos-morais-da-liberdade-no-discurso-politico\/\"},\"wordCount\":380,\"publisher\":{\"@id\":\"https:\/\/icnova.staging.widgilabs-sites.com\/#organization\"},\"image\":{\"@id\":\"https:\/\/www.icnova.fcsh.unl.pt\/comunicacao-enquadramentos-morais-da-liberdade-no-discurso-politico\/#primaryimage\"},\"thumbnailUrl\":\"https:\/\/www.icnova.fcsh.unl.pt\/wp-content\/uploads\/2026\/03\/NOVO-IG-Eventos-internos.png\",\"articleSection\":[\"Eventos\"],\"inLanguage\":\"en-US\"},{\"@type\":\"WebPage\",\"@id\":\"https:\/\/www.icnova.fcsh.unl.pt\/comunicacao-enquadramentos-morais-da-liberdade-no-discurso-politico\/\",\"url\":\"https:\/\/www.icnova.fcsh.unl.pt\/comunicacao-enquadramentos-morais-da-liberdade-no-discurso-politico\/\",\"name\":\"\\\"Enquadramentos morais da \u2018liberdade\u2019 no discurso pol\u00edtico\\\" - ICNOVA\",\"isPartOf\":{\"@id\":\"https:\/\/icnova.staging.widgilabs-sites.com\/#website\"},\"primaryImageOfPage\":{\"@id\":\"https:\/\/www.icnova.fcsh.unl.pt\/comunicacao-enquadramentos-morais-da-liberdade-no-discurso-politico\/#primaryimage\"},\"image\":{\"@id\":\"https:\/\/www.icnova.fcsh.unl.pt\/comunicacao-enquadramentos-morais-da-liberdade-no-discurso-politico\/#primaryimage\"},\"thumbnailUrl\":\"https:\/\/www.icnova.fcsh.unl.pt\/wp-content\/uploads\/2026\/03\/NOVO-IG-Eventos-internos.png\",\"datePublished\":\"2026-03-30T17:04:49+00:00\",\"dateModified\":\"2026-03-30T17:09:26+00:00\",\"description\":\"O ICNOVA convida-o para a comunica\u00e7\u00e3o \u201cEnquadramentos morais da \u2018liberdade\u2019 no discurso pol\u00edtico\\\" de Andr\u00e9 Vianna Nascimento, no pr\u00f3ximo dia 8 de abril.\",\"breadcrumb\":{\"@id\":\"https:\/\/www.icnova.fcsh.unl.pt\/comunicacao-enquadramentos-morais-da-liberdade-no-discurso-politico\/#breadcrumb\"},\"inLanguage\":\"en-US\",\"potentialAction\":[{\"@type\":\"ReadAction\",\"target\":[\"https:\/\/www.icnova.fcsh.unl.pt\/comunicacao-enquadramentos-morais-da-liberdade-no-discurso-politico\/\"]}]},{\"@type\":\"ImageObject\",\"inLanguage\":\"en-US\",\"@id\":\"https:\/\/www.icnova.fcsh.unl.pt\/comunicacao-enquadramentos-morais-da-liberdade-no-discurso-politico\/#primaryimage\",\"url\":\"https:\/\/www.icnova.fcsh.unl.pt\/wp-content\/uploads\/2026\/03\/NOVO-IG-Eventos-internos.png\",\"contentUrl\":\"https:\/\/www.icnova.fcsh.unl.pt\/wp-content\/uploads\/2026\/03\/NOVO-IG-Eventos-internos.png\",\"width\":1080,\"height\":1350,\"caption\":\"Cartaz da comunica\u00e7\u00e3o \\\"Enquadramentos morais da \u201cliberdade\u201d no discurso pol\u00edtico\\\", de Andr\u00e9 Nascimento.\"},{\"@type\":\"BreadcrumbList\",\"@id\":\"https:\/\/www.icnova.fcsh.unl.pt\/comunicacao-enquadramentos-morais-da-liberdade-no-discurso-politico\/#breadcrumb\",\"itemListElement\":[{\"@type\":\"ListItem\",\"position\":1,\"name\":\"Home\",\"item\":\"https:\/\/www.icnova.fcsh.unl.pt\/en\/home\/\"},{\"@type\":\"ListItem\",\"position\":2,\"name\":\"Comunica\u00e7\u00e3o \u201cEnquadramentos morais da \u2018liberdade\u2019 no discurso pol\u00edtico&#8221;\"}]},{\"@type\":\"WebSite\",\"@id\":\"https:\/\/icnova.staging.widgilabs-sites.com\/#website\",\"url\":\"https:\/\/icnova.staging.widgilabs-sites.com\/\",\"name\":\"ICNOVA\",\"description\":\"INSTITUTO DE COMUNICA\u00c7\u00c3O DA NOVA\",\"publisher\":{\"@id\":\"https:\/\/icnova.staging.widgilabs-sites.com\/#organization\"},\"potentialAction\":[{\"@type\":\"SearchAction\",\"target\":{\"@type\":\"EntryPoint\",\"urlTemplate\":\"https:\/\/icnova.staging.widgilabs-sites.com\/?s={search_term_string}\"},\"query-input\":\"required name=search_term_string\"}],\"inLanguage\":\"en-US\"},{\"@type\":\"Organization\",\"@id\":\"https:\/\/icnova.staging.widgilabs-sites.com\/#organization\",\"name\":\"ICNOVA\",\"url\":\"https:\/\/icnova.staging.widgilabs-sites.com\/\",\"logo\":{\"@type\":\"ImageObject\",\"inLanguage\":\"en-US\",\"@id\":\"https:\/\/icnova.staging.widgilabs-sites.com\/#\/schema\/logo\/image\/\",\"url\":\"https:\/\/www.icnova.fcsh.unl.pt\/wp-content\/uploads\/2020\/02\/logo2.png\",\"contentUrl\":\"https:\/\/www.icnova.fcsh.unl.pt\/wp-content\/uploads\/2020\/02\/logo2.png\",\"width\":730,\"height\":209,\"caption\":\"ICNOVA\"},\"image\":{\"@id\":\"https:\/\/icnova.staging.widgilabs-sites.com\/#\/schema\/logo\/image\/\"}},{\"@type\":\"Person\",\"@id\":\"https:\/\/icnova.staging.widgilabs-sites.com\/#\/schema\/person\/a39c880d2477a551683eb43cf3d18074\",\"name\":\"Paulo Nuno Vicente\",\"image\":{\"@type\":\"ImageObject\",\"inLanguage\":\"en-US\",\"@id\":\"https:\/\/icnova.staging.widgilabs-sites.com\/#\/schema\/person\/image\/\",\"url\":\"https:\/\/secure.gravatar.com\/avatar\/ff0c6b8624548ea3789d700258588f5a?s=96&d=mm&r=g\",\"contentUrl\":\"https:\/\/secure.gravatar.com\/avatar\/ff0c6b8624548ea3789d700258588f5a?s=96&d=mm&r=g\",\"caption\":\"Paulo Nuno Vicente\"},\"url\":\"https:\/\/www.icnova.fcsh.unl.pt\/en\/author\/pnvicente\/\"}]}<\/script>\n<!-- \/ Yoast SEO plugin. -->","yoast_head_json":{"title":"\"Enquadramentos morais da \u2018liberdade\u2019 no discurso pol\u00edtico\" - ICNOVA","description":"O ICNOVA convida-o para a comunica\u00e7\u00e3o \u201cEnquadramentos morais da \u2018liberdade\u2019 no discurso pol\u00edtico\" de Andr\u00e9 Vianna Nascimento, no pr\u00f3ximo dia 8 de abril.","robots":{"index":"index","follow":"follow","max-snippet":"max-snippet:-1","max-image-preview":"max-image-preview:large","max-video-preview":"max-video-preview:-1"},"canonical":"https:\/\/www.icnova.fcsh.unl.pt\/comunicacao-enquadramentos-morais-da-liberdade-no-discurso-politico\/","og_locale":"en_US","og_type":"article","og_title":"\"Enquadramentos morais da \u2018liberdade\u2019 no discurso pol\u00edtico\" - ICNOVA","og_description":"O ICNOVA convida-o para a comunica\u00e7\u00e3o \u201cEnquadramentos morais da \u2018liberdade\u2019 no discurso pol\u00edtico\" de Andr\u00e9 Vianna Nascimento, no pr\u00f3ximo dia 8 de abril.","og_url":"https:\/\/www.icnova.fcsh.unl.pt\/comunicacao-enquadramentos-morais-da-liberdade-no-discurso-politico\/","og_site_name":"ICNOVA","article_published_time":"2026-03-30T17:04:49+00:00","article_modified_time":"2026-03-30T17:09:26+00:00","og_image":[{"width":1080,"height":1350,"url":"https:\/\/www.icnova.fcsh.unl.pt\/wp-content\/uploads\/2026\/03\/NOVO-IG-Eventos-internos.png","type":"image\/png"}],"author":"Paulo Nuno Vicente","twitter_card":"summary_large_image","twitter_misc":{"Written by":"Paulo Nuno Vicente","Est. reading time":"3 minutes"},"schema":{"@context":"https:\/\/schema.org","@graph":[{"@type":"Article","@id":"https:\/\/www.icnova.fcsh.unl.pt\/comunicacao-enquadramentos-morais-da-liberdade-no-discurso-politico\/#article","isPartOf":{"@id":"https:\/\/www.icnova.fcsh.unl.pt\/comunicacao-enquadramentos-morais-da-liberdade-no-discurso-politico\/"},"author":{"name":"Paulo Nuno Vicente","@id":"https:\/\/icnova.staging.widgilabs-sites.com\/#\/schema\/person\/a39c880d2477a551683eb43cf3d18074"},"headline":"Comunica\u00e7\u00e3o \u201cEnquadramentos morais da \u2018liberdade\u2019 no discurso pol\u00edtico&#8221;","datePublished":"2026-03-30T17:04:49+00:00","dateModified":"2026-03-30T17:09:26+00:00","mainEntityOfPage":{"@id":"https:\/\/www.icnova.fcsh.unl.pt\/comunicacao-enquadramentos-morais-da-liberdade-no-discurso-politico\/"},"wordCount":380,"publisher":{"@id":"https:\/\/icnova.staging.widgilabs-sites.com\/#organization"},"image":{"@id":"https:\/\/www.icnova.fcsh.unl.pt\/comunicacao-enquadramentos-morais-da-liberdade-no-discurso-politico\/#primaryimage"},"thumbnailUrl":"https:\/\/www.icnova.fcsh.unl.pt\/wp-content\/uploads\/2026\/03\/NOVO-IG-Eventos-internos.png","articleSection":["Eventos"],"inLanguage":"en-US"},{"@type":"WebPage","@id":"https:\/\/www.icnova.fcsh.unl.pt\/comunicacao-enquadramentos-morais-da-liberdade-no-discurso-politico\/","url":"https:\/\/www.icnova.fcsh.unl.pt\/comunicacao-enquadramentos-morais-da-liberdade-no-discurso-politico\/","name":"\"Enquadramentos morais da \u2018liberdade\u2019 no discurso pol\u00edtico\" - ICNOVA","isPartOf":{"@id":"https:\/\/icnova.staging.widgilabs-sites.com\/#website"},"primaryImageOfPage":{"@id":"https:\/\/www.icnova.fcsh.unl.pt\/comunicacao-enquadramentos-morais-da-liberdade-no-discurso-politico\/#primaryimage"},"image":{"@id":"https:\/\/www.icnova.fcsh.unl.pt\/comunicacao-enquadramentos-morais-da-liberdade-no-discurso-politico\/#primaryimage"},"thumbnailUrl":"https:\/\/www.icnova.fcsh.unl.pt\/wp-content\/uploads\/2026\/03\/NOVO-IG-Eventos-internos.png","datePublished":"2026-03-30T17:04:49+00:00","dateModified":"2026-03-30T17:09:26+00:00","description":"O ICNOVA convida-o para a comunica\u00e7\u00e3o \u201cEnquadramentos morais da \u2018liberdade\u2019 no discurso pol\u00edtico\" de Andr\u00e9 Vianna Nascimento, no pr\u00f3ximo dia 8 de abril.","breadcrumb":{"@id":"https:\/\/www.icnova.fcsh.unl.pt\/comunicacao-enquadramentos-morais-da-liberdade-no-discurso-politico\/#breadcrumb"},"inLanguage":"en-US","potentialAction":[{"@type":"ReadAction","target":["https:\/\/www.icnova.fcsh.unl.pt\/comunicacao-enquadramentos-morais-da-liberdade-no-discurso-politico\/"]}]},{"@type":"ImageObject","inLanguage":"en-US","@id":"https:\/\/www.icnova.fcsh.unl.pt\/comunicacao-enquadramentos-morais-da-liberdade-no-discurso-politico\/#primaryimage","url":"https:\/\/www.icnova.fcsh.unl.pt\/wp-content\/uploads\/2026\/03\/NOVO-IG-Eventos-internos.png","contentUrl":"https:\/\/www.icnova.fcsh.unl.pt\/wp-content\/uploads\/2026\/03\/NOVO-IG-Eventos-internos.png","width":1080,"height":1350,"caption":"Cartaz da comunica\u00e7\u00e3o \"Enquadramentos morais da \u201cliberdade\u201d no discurso pol\u00edtico\", de Andr\u00e9 Nascimento."},{"@type":"BreadcrumbList","@id":"https:\/\/www.icnova.fcsh.unl.pt\/comunicacao-enquadramentos-morais-da-liberdade-no-discurso-politico\/#breadcrumb","itemListElement":[{"@type":"ListItem","position":1,"name":"Home","item":"https:\/\/www.icnova.fcsh.unl.pt\/en\/home\/"},{"@type":"ListItem","position":2,"name":"Comunica\u00e7\u00e3o \u201cEnquadramentos morais da \u2018liberdade\u2019 no discurso pol\u00edtico&#8221;"}]},{"@type":"WebSite","@id":"https:\/\/icnova.staging.widgilabs-sites.com\/#website","url":"https:\/\/icnova.staging.widgilabs-sites.com\/","name":"ICNOVA","description":"INSTITUTO DE COMUNICA\u00c7\u00c3O DA NOVA","publisher":{"@id":"https:\/\/icnova.staging.widgilabs-sites.com\/#organization"},"potentialAction":[{"@type":"SearchAction","target":{"@type":"EntryPoint","urlTemplate":"https:\/\/icnova.staging.widgilabs-sites.com\/?s={search_term_string}"},"query-input":"required name=search_term_string"}],"inLanguage":"en-US"},{"@type":"Organization","@id":"https:\/\/icnova.staging.widgilabs-sites.com\/#organization","name":"ICNOVA","url":"https:\/\/icnova.staging.widgilabs-sites.com\/","logo":{"@type":"ImageObject","inLanguage":"en-US","@id":"https:\/\/icnova.staging.widgilabs-sites.com\/#\/schema\/logo\/image\/","url":"https:\/\/www.icnova.fcsh.unl.pt\/wp-content\/uploads\/2020\/02\/logo2.png","contentUrl":"https:\/\/www.icnova.fcsh.unl.pt\/wp-content\/uploads\/2020\/02\/logo2.png","width":730,"height":209,"caption":"ICNOVA"},"image":{"@id":"https:\/\/icnova.staging.widgilabs-sites.com\/#\/schema\/logo\/image\/"}},{"@type":"Person","@id":"https:\/\/icnova.staging.widgilabs-sites.com\/#\/schema\/person\/a39c880d2477a551683eb43cf3d18074","name":"Paulo Nuno Vicente","image":{"@type":"ImageObject","inLanguage":"en-US","@id":"https:\/\/icnova.staging.widgilabs-sites.com\/#\/schema\/person\/image\/","url":"https:\/\/secure.gravatar.com\/avatar\/ff0c6b8624548ea3789d700258588f5a?s=96&d=mm&r=g","contentUrl":"https:\/\/secure.gravatar.com\/avatar\/ff0c6b8624548ea3789d700258588f5a?s=96&d=mm&r=g","caption":"Paulo Nuno Vicente"},"url":"https:\/\/www.icnova.fcsh.unl.pt\/en\/author\/pnvicente\/"}]}},"_links":{"self":[{"href":"https:\/\/www.icnova.fcsh.unl.pt\/en\/wp-json\/wp\/v2\/posts\/1006362"}],"collection":[{"href":"https:\/\/www.icnova.fcsh.unl.pt\/en\/wp-json\/wp\/v2\/posts"}],"about":[{"href":"https:\/\/www.icnova.fcsh.unl.pt\/en\/wp-json\/wp\/v2\/types\/post"}],"author":[{"embeddable":true,"href":"https:\/\/www.icnova.fcsh.unl.pt\/en\/wp-json\/wp\/v2\/users\/18"}],"replies":[{"embeddable":true,"href":"https:\/\/www.icnova.fcsh.unl.pt\/en\/wp-json\/wp\/v2\/comments?post=1006362"}],"version-history":[{"count":3,"href":"https:\/\/www.icnova.fcsh.unl.pt\/en\/wp-json\/wp\/v2\/posts\/1006362\/revisions"}],"predecessor-version":[{"id":1006369,"href":"https:\/\/www.icnova.fcsh.unl.pt\/en\/wp-json\/wp\/v2\/posts\/1006362\/revisions\/1006369"}],"wp:featuredmedia":[{"embeddable":true,"href":"https:\/\/www.icnova.fcsh.unl.pt\/en\/wp-json\/wp\/v2\/media\/1006364"}],"wp:attachment":[{"href":"https:\/\/www.icnova.fcsh.unl.pt\/en\/wp-json\/wp\/v2\/media?parent=1006362"}],"wp:term":[{"taxonomy":"category","embeddable":true,"href":"https:\/\/www.icnova.fcsh.unl.pt\/en\/wp-json\/wp\/v2\/categories?post=1006362"},{"taxonomy":"post_tag","embeddable":true,"href":"https:\/\/www.icnova.fcsh.unl.pt\/en\/wp-json\/wp\/v2\/tags?post=1006362"}],"curies":[{"name":"wp","href":"https:\/\/api.w.org\/{rel}","templated":true}]}}