{"id":1006383,"date":"2026-04-08T15:49:12","date_gmt":"2026-04-08T15:49:12","guid":{"rendered":"https:\/\/www.icnova.fcsh.unl.pt\/?p=1006383"},"modified":"2026-04-08T15:49:14","modified_gmt":"2026-04-08T15:49:14","slug":"iii-jornadas-ativismo-corporativo-chegam-barcelona","status":"publish","type":"post","link":"https:\/\/www.icnova.fcsh.unl.pt\/en\/iii-jornadas-ativismo-corporativo-chegam-barcelona\/","title":{"rendered":"III Jornadas de Ativismo Corporativo chegam a Barcelona"},"content":{"rendered":"<div class=\"vgblk-rw-wrapper limit-wrapper\">\n<p>Depois das edi\u00e7\u00f5es realizadas na Covilh\u00e3, na Universidade da Beira Interior, e em Lisboa, na NOVA FCSH, a 3.\u00aa edi\u00e7\u00e3o das Jornadas de Ativismo Corporativo realiza-se a 11 de junho de 2026, em Barcelona, na Universitat de Barcelona.<\/p>\n\n\n\n<p>Organizado em parceria entre o LabCom e o ICNOVA (contando com a participa\u00e7\u00e3o do investigador Alexandre Duarte na organiza\u00e7\u00e3o), o encontro ib\u00e9rico ter\u00e1 formato h\u00edbrido (online, das 11h00 \u00e0s 14h00, e presencial, das 15h00 \u00e0s 20h00), reunindo acad\u00e9micos e profissionais em torno do tema <strong>\u201cEmpresas perante a policrise: marketing, governa\u00e7\u00e3o e comunica\u00e7\u00e3o estrat\u00e9gica em transforma\u00e7\u00e3o\u201d<\/strong>.<\/p>\n\n\n\n<p>Num contexto marcado por crise clim\u00e1tica, tens\u00f5es geopol\u00edticas, polariza\u00e7\u00e3o ideol\u00f3gica e crescente escrut\u00ednio p\u00fablico, as jornadas prop\u00f5em uma reflex\u00e3o aprofundada sobre o papel das organiza\u00e7\u00f5es na esfera p\u00fablica. Entre as quest\u00f5es centrais destacam-se o lugar do sil\u00eancio estrat\u00e9gico como forma de posicionamento, a distin\u00e7\u00e3o entre ativismo corporativo aut\u00eantico e oportunista, e os desafios de constru\u00e7\u00e3o de legitimidade e coer\u00eancia entre discurso e pr\u00e1tica organizacional.<\/p>\n\n\n\n<h2 class=\"wp-block-heading\">Eixos Tem\u00e1ticos<\/h2>\n\n\n\n<p>O programa estrutura-se em quatro eixos tem\u00e1ticos:<\/p>\n\n\n\n<ul class=\"wp-block-list\">\n<li><strong>Ativismo corporativo e policrise<\/strong>, analisando transforma\u00e7\u00f5es recentes do fen\u00f3meno;<\/li>\n\n\n\n<li><strong>Marketing, consumidor e cultura pol\u00edtica<\/strong>, com foco na autenticidade e na rela\u00e7\u00e3o marca-consumidor;<\/li>\n\n\n\n<li><strong>Governa\u00e7\u00e3o e coer\u00eancia organizacional<\/strong>, explorando a integra\u00e7\u00e3o do ativismo nas estruturas internas;<\/li>\n\n\n\n<li><strong>Comunica\u00e7\u00e3o estrat\u00e9gica e legitimidade<\/strong>, abordando pr\u00e1ticas como <em>corporate social advocacy<\/em> e rela\u00e7\u00f5es c\u00edvicas.<\/li>\n<\/ul>\n\n\n\n<h2 class=\"wp-block-heading\">Call for Proposals<\/h2>\n\n\n\n<p>Para al\u00e9m do painel acad\u00e9mico, que aceita propostas te\u00f3ricas, emp\u00edricas e cr\u00edticas, esta edi\u00e7\u00e3o introduz um <strong>painel profissional<\/strong>, dedicado \u00e0 apresenta\u00e7\u00e3o de casos pr\u00e1ticos de ativismo corporativo, incluindo campanhas, estrat\u00e9gias de posicionamento sociopol\u00edtico ou gest\u00e3o do sil\u00eancio organizacional.<\/p>\n\n\n\n<p>As propostas de comunica\u00e7\u00e3o encontram-se abertas at\u00e9 <strong>30 de abril de 2026<\/strong>, devendo incluir um resumo entre 700 e 900 palavras. A participa\u00e7\u00e3o \u00e9 gratuita e aberta a investigadores, profissionais e estudantes, em regime presencial ou online.<\/p>\n\n\n\n<p>Estas jornadas afirmam-se como um espa\u00e7o interdisciplinar de debate sobre comunica\u00e7\u00e3o estrat\u00e9gica, marketing e governa\u00e7\u00e3o, em articula\u00e7\u00e3o com a agenda internacional de investiga\u00e7\u00e3o sobre ativismo corporativo, num momento em que as empresas s\u00e3o crescentemente chamadas a posicionar-se perante desafios sociais e pol\u00edticos complexos.<\/p>\n\n\n\n<p>Saiba mais aqui:\u00a0<a href=\"http:\/\/gaudere.net\/activismo-pt\" target=\"_blank\" rel=\"noreferrer noopener\">gaudere.net\/activismo-pt<\/a><\/p>\n\n\n\n<figure class=\"wp-block-image size-full\"><img fetchpriority=\"high\" decoding=\"async\" width=\"1024\" height=\"1024\" src=\"https:\/\/www.icnova.fcsh.unl.pt\/wp-content\/uploads\/2026\/04\/III-Jornadas-de-Ativismo-Corporativo-2026-2.png\" alt=\"\" class=\"wp-image-1006384\" srcset=\"https:\/\/www.icnova.fcsh.unl.pt\/wp-content\/uploads\/2026\/04\/III-Jornadas-de-Ativismo-Corporativo-2026-2.png 1024w, https:\/\/www.icnova.fcsh.unl.pt\/wp-content\/uploads\/2026\/04\/III-Jornadas-de-Ativismo-Corporativo-2026-2-300x300.png 300w, https:\/\/www.icnova.fcsh.unl.pt\/wp-content\/uploads\/2026\/04\/III-Jornadas-de-Ativismo-Corporativo-2026-2-150x150.png 150w, https:\/\/www.icnova.fcsh.unl.pt\/wp-content\/uploads\/2026\/04\/III-Jornadas-de-Ativismo-Corporativo-2026-2-768x768.png 768w\" sizes=\"(max-width: 1024px) 100vw, 1024px\" \/><\/figure>\n<\/div><!-- .vgblk-rw-wrapper -->","protected":false},"excerpt":{"rendered":"<p>Depois das edi\u00e7\u00f5es realizadas na Covilh\u00e3, na Universidade da Beira Interior, e em Lisboa, na NOVA FCSH, a 3.\u00aa edi\u00e7\u00e3o das Jornadas de Ativismo Corporativo realiza-se a 11 de junho de 2026, em Barcelona, na Universitat de Barcelona. Organizado em parceria entre o LabCom e o ICNOVA (contando com a participa\u00e7\u00e3o do investigador Alexandre Duarte&#8230;<\/p>\n","protected":false},"author":18,"featured_media":1006384,"comment_status":"closed","ping_status":"closed","sticky":false,"template":"","format":"standard","meta":{"footnotes":""},"categories":[42,43,1],"tags":[],"class_list":["post-1006383","post","type-post","status-publish","format-standard","has-post-thumbnail","hentry","category-calls-icnova","category-eventos","category-sem-categoria"],"acf":[],"yoast_head":"<!-- This site is optimized with the Yoast SEO plugin v23.2 - https:\/\/yoast.com\/wordpress\/plugins\/seo\/ -->\n<title>III Jornadas de Ativismo Corporativo chegam a Barcelona - ICNOVA<\/title>\n<meta name=\"description\" content=\"A 3.\u00aa edi\u00e7\u00e3o das Jornadas de Ativismo Corporativo ter\u00e1 lugar a 11 de junho de 2026, na Universitat de Barcelona.\" \/>\n<meta name=\"robots\" content=\"index, follow, max-snippet:-1, max-image-preview:large, max-video-preview:-1\" \/>\n<link rel=\"canonical\" href=\"https:\/\/www.icnova.fcsh.unl.pt\/iii-jornadas-ativismo-corporativo-chegam-barcelona\/\" \/>\n<meta property=\"og:locale\" content=\"en_US\" \/>\n<meta property=\"og:type\" content=\"article\" \/>\n<meta property=\"og:title\" content=\"III Jornadas de Ativismo Corporativo chegam a Barcelona - ICNOVA\" \/>\n<meta property=\"og:description\" content=\"A 3.\u00aa edi\u00e7\u00e3o das Jornadas de Ativismo Corporativo ter\u00e1 lugar a 11 de junho de 2026, na Universitat de Barcelona.\" \/>\n<meta property=\"og:url\" content=\"https:\/\/www.icnova.fcsh.unl.pt\/iii-jornadas-ativismo-corporativo-chegam-barcelona\/\" \/>\n<meta property=\"og:site_name\" content=\"ICNOVA\" \/>\n<meta property=\"article:published_time\" content=\"2026-04-08T15:49:12+00:00\" \/>\n<meta property=\"article:modified_time\" content=\"2026-04-08T15:49:14+00:00\" \/>\n<meta property=\"og:image\" content=\"https:\/\/www.icnova.fcsh.unl.pt\/wp-content\/uploads\/2026\/04\/III-Jornadas-de-Ativismo-Corporativo-2026-2.png\" \/>\n\t<meta property=\"og:image:width\" content=\"1024\" \/>\n\t<meta property=\"og:image:height\" content=\"1024\" \/>\n\t<meta property=\"og:image:type\" content=\"image\/png\" \/>\n<meta name=\"author\" content=\"Paulo Nuno Vicente\" \/>\n<meta name=\"twitter:card\" content=\"summary_large_image\" \/>\n<meta name=\"twitter:label1\" content=\"Written by\" \/>\n\t<meta name=\"twitter:data1\" content=\"Paulo Nuno Vicente\" \/>\n\t<meta name=\"twitter:label2\" content=\"Est. reading time\" \/>\n\t<meta name=\"twitter:data2\" content=\"3 minutes\" \/>\n<script type=\"application\/ld+json\" class=\"yoast-schema-graph\">{\"@context\":\"https:\/\/schema.org\",\"@graph\":[{\"@type\":\"Article\",\"@id\":\"https:\/\/www.icnova.fcsh.unl.pt\/iii-jornadas-ativismo-corporativo-chegam-barcelona\/#article\",\"isPartOf\":{\"@id\":\"https:\/\/www.icnova.fcsh.unl.pt\/iii-jornadas-ativismo-corporativo-chegam-barcelona\/\"},\"author\":{\"name\":\"Paulo Nuno Vicente\",\"@id\":\"https:\/\/icnova.staging.widgilabs-sites.com\/#\/schema\/person\/a39c880d2477a551683eb43cf3d18074\"},\"headline\":\"III Jornadas de Ativismo Corporativo chegam a Barcelona\",\"datePublished\":\"2026-04-08T15:49:12+00:00\",\"dateModified\":\"2026-04-08T15:49:14+00:00\",\"mainEntityOfPage\":{\"@id\":\"https:\/\/www.icnova.fcsh.unl.pt\/iii-jornadas-ativismo-corporativo-chegam-barcelona\/\"},\"wordCount\":405,\"publisher\":{\"@id\":\"https:\/\/icnova.staging.widgilabs-sites.com\/#organization\"},\"image\":{\"@id\":\"https:\/\/www.icnova.fcsh.unl.pt\/iii-jornadas-ativismo-corporativo-chegam-barcelona\/#primaryimage\"},\"thumbnailUrl\":\"https:\/\/www.icnova.fcsh.unl.pt\/wp-content\/uploads\/2026\/04\/III-Jornadas-de-Ativismo-Corporativo-2026-2.png\",\"articleSection\":[\"Calls ICNOVA\",\"Eventos\",\"Sem categoria\"],\"inLanguage\":\"en-US\"},{\"@type\":\"WebPage\",\"@id\":\"https:\/\/www.icnova.fcsh.unl.pt\/iii-jornadas-ativismo-corporativo-chegam-barcelona\/\",\"url\":\"https:\/\/www.icnova.fcsh.unl.pt\/iii-jornadas-ativismo-corporativo-chegam-barcelona\/\",\"name\":\"III Jornadas de Ativismo Corporativo chegam a Barcelona - ICNOVA\",\"isPartOf\":{\"@id\":\"https:\/\/icnova.staging.widgilabs-sites.com\/#website\"},\"primaryImageOfPage\":{\"@id\":\"https:\/\/www.icnova.fcsh.unl.pt\/iii-jornadas-ativismo-corporativo-chegam-barcelona\/#primaryimage\"},\"image\":{\"@id\":\"https:\/\/www.icnova.fcsh.unl.pt\/iii-jornadas-ativismo-corporativo-chegam-barcelona\/#primaryimage\"},\"thumbnailUrl\":\"https:\/\/www.icnova.fcsh.unl.pt\/wp-content\/uploads\/2026\/04\/III-Jornadas-de-Ativismo-Corporativo-2026-2.png\",\"datePublished\":\"2026-04-08T15:49:12+00:00\",\"dateModified\":\"2026-04-08T15:49:14+00:00\",\"description\":\"A 3.\u00aa edi\u00e7\u00e3o das Jornadas de Ativismo Corporativo ter\u00e1 lugar a 11 de junho de 2026, na Universitat de Barcelona.\",\"breadcrumb\":{\"@id\":\"https:\/\/www.icnova.fcsh.unl.pt\/iii-jornadas-ativismo-corporativo-chegam-barcelona\/#breadcrumb\"},\"inLanguage\":\"en-US\",\"potentialAction\":[{\"@type\":\"ReadAction\",\"target\":[\"https:\/\/www.icnova.fcsh.unl.pt\/iii-jornadas-ativismo-corporativo-chegam-barcelona\/\"]}]},{\"@type\":\"ImageObject\",\"inLanguage\":\"en-US\",\"@id\":\"https:\/\/www.icnova.fcsh.unl.pt\/iii-jornadas-ativismo-corporativo-chegam-barcelona\/#primaryimage\",\"url\":\"https:\/\/www.icnova.fcsh.unl.pt\/wp-content\/uploads\/2026\/04\/III-Jornadas-de-Ativismo-Corporativo-2026-2.png\",\"contentUrl\":\"https:\/\/www.icnova.fcsh.unl.pt\/wp-content\/uploads\/2026\/04\/III-Jornadas-de-Ativismo-Corporativo-2026-2.png\",\"width\":1024,\"height\":1024,\"caption\":\"Poster das III Jornadas de Ativismo Corporativo 2026\"},{\"@type\":\"BreadcrumbList\",\"@id\":\"https:\/\/www.icnova.fcsh.unl.pt\/iii-jornadas-ativismo-corporativo-chegam-barcelona\/#breadcrumb\",\"itemListElement\":[{\"@type\":\"ListItem\",\"position\":1,\"name\":\"Home\",\"item\":\"https:\/\/www.icnova.fcsh.unl.pt\/en\/home\/\"},{\"@type\":\"ListItem\",\"position\":2,\"name\":\"III Jornadas de Ativismo Corporativo chegam a Barcelona\"}]},{\"@type\":\"WebSite\",\"@id\":\"https:\/\/icnova.staging.widgilabs-sites.com\/#website\",\"url\":\"https:\/\/icnova.staging.widgilabs-sites.com\/\",\"name\":\"ICNOVA\",\"description\":\"INSTITUTO DE COMUNICA\u00c7\u00c3O DA NOVA\",\"publisher\":{\"@id\":\"https:\/\/icnova.staging.widgilabs-sites.com\/#organization\"},\"potentialAction\":[{\"@type\":\"SearchAction\",\"target\":{\"@type\":\"EntryPoint\",\"urlTemplate\":\"https:\/\/icnova.staging.widgilabs-sites.com\/?s={search_term_string}\"},\"query-input\":\"required name=search_term_string\"}],\"inLanguage\":\"en-US\"},{\"@type\":\"Organization\",\"@id\":\"https:\/\/icnova.staging.widgilabs-sites.com\/#organization\",\"name\":\"ICNOVA\",\"url\":\"https:\/\/icnova.staging.widgilabs-sites.com\/\",\"logo\":{\"@type\":\"ImageObject\",\"inLanguage\":\"en-US\",\"@id\":\"https:\/\/icnova.staging.widgilabs-sites.com\/#\/schema\/logo\/image\/\",\"url\":\"https:\/\/www.icnova.fcsh.unl.pt\/wp-content\/uploads\/2020\/02\/logo2.png\",\"contentUrl\":\"https:\/\/www.icnova.fcsh.unl.pt\/wp-content\/uploads\/2020\/02\/logo2.png\",\"width\":730,\"height\":209,\"caption\":\"ICNOVA\"},\"image\":{\"@id\":\"https:\/\/icnova.staging.widgilabs-sites.com\/#\/schema\/logo\/image\/\"}},{\"@type\":\"Person\",\"@id\":\"https:\/\/icnova.staging.widgilabs-sites.com\/#\/schema\/person\/a39c880d2477a551683eb43cf3d18074\",\"name\":\"Paulo Nuno Vicente\",\"image\":{\"@type\":\"ImageObject\",\"inLanguage\":\"en-US\",\"@id\":\"https:\/\/icnova.staging.widgilabs-sites.com\/#\/schema\/person\/image\/\",\"url\":\"https:\/\/secure.gravatar.com\/avatar\/ff0c6b8624548ea3789d700258588f5a?s=96&d=mm&r=g\",\"contentUrl\":\"https:\/\/secure.gravatar.com\/avatar\/ff0c6b8624548ea3789d700258588f5a?s=96&d=mm&r=g\",\"caption\":\"Paulo Nuno Vicente\"},\"url\":\"https:\/\/www.icnova.fcsh.unl.pt\/en\/author\/pnvicente\/\"}]}<\/script>\n<!-- \/ Yoast SEO plugin. -->","yoast_head_json":{"title":"III Jornadas de Ativismo Corporativo chegam a Barcelona - ICNOVA","description":"A 3.\u00aa edi\u00e7\u00e3o das Jornadas de Ativismo Corporativo ter\u00e1 lugar a 11 de junho de 2026, na Universitat de Barcelona.","robots":{"index":"index","follow":"follow","max-snippet":"max-snippet:-1","max-image-preview":"max-image-preview:large","max-video-preview":"max-video-preview:-1"},"canonical":"https:\/\/www.icnova.fcsh.unl.pt\/iii-jornadas-ativismo-corporativo-chegam-barcelona\/","og_locale":"en_US","og_type":"article","og_title":"III Jornadas de Ativismo Corporativo chegam a Barcelona - ICNOVA","og_description":"A 3.\u00aa edi\u00e7\u00e3o das Jornadas de Ativismo Corporativo ter\u00e1 lugar a 11 de junho de 2026, na Universitat de Barcelona.","og_url":"https:\/\/www.icnova.fcsh.unl.pt\/iii-jornadas-ativismo-corporativo-chegam-barcelona\/","og_site_name":"ICNOVA","article_published_time":"2026-04-08T15:49:12+00:00","article_modified_time":"2026-04-08T15:49:14+00:00","og_image":[{"width":1024,"height":1024,"url":"https:\/\/www.icnova.fcsh.unl.pt\/wp-content\/uploads\/2026\/04\/III-Jornadas-de-Ativismo-Corporativo-2026-2.png","type":"image\/png"}],"author":"Paulo Nuno Vicente","twitter_card":"summary_large_image","twitter_misc":{"Written by":"Paulo Nuno Vicente","Est. reading time":"3 minutes"},"schema":{"@context":"https:\/\/schema.org","@graph":[{"@type":"Article","@id":"https:\/\/www.icnova.fcsh.unl.pt\/iii-jornadas-ativismo-corporativo-chegam-barcelona\/#article","isPartOf":{"@id":"https:\/\/www.icnova.fcsh.unl.pt\/iii-jornadas-ativismo-corporativo-chegam-barcelona\/"},"author":{"name":"Paulo Nuno Vicente","@id":"https:\/\/icnova.staging.widgilabs-sites.com\/#\/schema\/person\/a39c880d2477a551683eb43cf3d18074"},"headline":"III Jornadas de Ativismo Corporativo chegam a Barcelona","datePublished":"2026-04-08T15:49:12+00:00","dateModified":"2026-04-08T15:49:14+00:00","mainEntityOfPage":{"@id":"https:\/\/www.icnova.fcsh.unl.pt\/iii-jornadas-ativismo-corporativo-chegam-barcelona\/"},"wordCount":405,"publisher":{"@id":"https:\/\/icnova.staging.widgilabs-sites.com\/#organization"},"image":{"@id":"https:\/\/www.icnova.fcsh.unl.pt\/iii-jornadas-ativismo-corporativo-chegam-barcelona\/#primaryimage"},"thumbnailUrl":"https:\/\/www.icnova.fcsh.unl.pt\/wp-content\/uploads\/2026\/04\/III-Jornadas-de-Ativismo-Corporativo-2026-2.png","articleSection":["Calls ICNOVA","Eventos","Sem categoria"],"inLanguage":"en-US"},{"@type":"WebPage","@id":"https:\/\/www.icnova.fcsh.unl.pt\/iii-jornadas-ativismo-corporativo-chegam-barcelona\/","url":"https:\/\/www.icnova.fcsh.unl.pt\/iii-jornadas-ativismo-corporativo-chegam-barcelona\/","name":"III Jornadas de Ativismo Corporativo chegam a Barcelona - ICNOVA","isPartOf":{"@id":"https:\/\/icnova.staging.widgilabs-sites.com\/#website"},"primaryImageOfPage":{"@id":"https:\/\/www.icnova.fcsh.unl.pt\/iii-jornadas-ativismo-corporativo-chegam-barcelona\/#primaryimage"},"image":{"@id":"https:\/\/www.icnova.fcsh.unl.pt\/iii-jornadas-ativismo-corporativo-chegam-barcelona\/#primaryimage"},"thumbnailUrl":"https:\/\/www.icnova.fcsh.unl.pt\/wp-content\/uploads\/2026\/04\/III-Jornadas-de-Ativismo-Corporativo-2026-2.png","datePublished":"2026-04-08T15:49:12+00:00","dateModified":"2026-04-08T15:49:14+00:00","description":"A 3.\u00aa edi\u00e7\u00e3o das Jornadas de Ativismo Corporativo ter\u00e1 lugar a 11 de junho de 2026, na Universitat de Barcelona.","breadcrumb":{"@id":"https:\/\/www.icnova.fcsh.unl.pt\/iii-jornadas-ativismo-corporativo-chegam-barcelona\/#breadcrumb"},"inLanguage":"en-US","potentialAction":[{"@type":"ReadAction","target":["https:\/\/www.icnova.fcsh.unl.pt\/iii-jornadas-ativismo-corporativo-chegam-barcelona\/"]}]},{"@type":"ImageObject","inLanguage":"en-US","@id":"https:\/\/www.icnova.fcsh.unl.pt\/iii-jornadas-ativismo-corporativo-chegam-barcelona\/#primaryimage","url":"https:\/\/www.icnova.fcsh.unl.pt\/wp-content\/uploads\/2026\/04\/III-Jornadas-de-Ativismo-Corporativo-2026-2.png","contentUrl":"https:\/\/www.icnova.fcsh.unl.pt\/wp-content\/uploads\/2026\/04\/III-Jornadas-de-Ativismo-Corporativo-2026-2.png","width":1024,"height":1024,"caption":"Poster das III Jornadas de Ativismo Corporativo 2026"},{"@type":"BreadcrumbList","@id":"https:\/\/www.icnova.fcsh.unl.pt\/iii-jornadas-ativismo-corporativo-chegam-barcelona\/#breadcrumb","itemListElement":[{"@type":"ListItem","position":1,"name":"Home","item":"https:\/\/www.icnova.fcsh.unl.pt\/en\/home\/"},{"@type":"ListItem","position":2,"name":"III Jornadas de Ativismo Corporativo chegam a Barcelona"}]},{"@type":"WebSite","@id":"https:\/\/icnova.staging.widgilabs-sites.com\/#website","url":"https:\/\/icnova.staging.widgilabs-sites.com\/","name":"ICNOVA","description":"INSTITUTO DE COMUNICA\u00c7\u00c3O DA NOVA","publisher":{"@id":"https:\/\/icnova.staging.widgilabs-sites.com\/#organization"},"potentialAction":[{"@type":"SearchAction","target":{"@type":"EntryPoint","urlTemplate":"https:\/\/icnova.staging.widgilabs-sites.com\/?s={search_term_string}"},"query-input":"required name=search_term_string"}],"inLanguage":"en-US"},{"@type":"Organization","@id":"https:\/\/icnova.staging.widgilabs-sites.com\/#organization","name":"ICNOVA","url":"https:\/\/icnova.staging.widgilabs-sites.com\/","logo":{"@type":"ImageObject","inLanguage":"en-US","@id":"https:\/\/icnova.staging.widgilabs-sites.com\/#\/schema\/logo\/image\/","url":"https:\/\/www.icnova.fcsh.unl.pt\/wp-content\/uploads\/2020\/02\/logo2.png","contentUrl":"https:\/\/www.icnova.fcsh.unl.pt\/wp-content\/uploads\/2020\/02\/logo2.png","width":730,"height":209,"caption":"ICNOVA"},"image":{"@id":"https:\/\/icnova.staging.widgilabs-sites.com\/#\/schema\/logo\/image\/"}},{"@type":"Person","@id":"https:\/\/icnova.staging.widgilabs-sites.com\/#\/schema\/person\/a39c880d2477a551683eb43cf3d18074","name":"Paulo Nuno Vicente","image":{"@type":"ImageObject","inLanguage":"en-US","@id":"https:\/\/icnova.staging.widgilabs-sites.com\/#\/schema\/person\/image\/","url":"https:\/\/secure.gravatar.com\/avatar\/ff0c6b8624548ea3789d700258588f5a?s=96&d=mm&r=g","contentUrl":"https:\/\/secure.gravatar.com\/avatar\/ff0c6b8624548ea3789d700258588f5a?s=96&d=mm&r=g","caption":"Paulo Nuno Vicente"},"url":"https:\/\/www.icnova.fcsh.unl.pt\/en\/author\/pnvicente\/"}]}},"_links":{"self":[{"href":"https:\/\/www.icnova.fcsh.unl.pt\/en\/wp-json\/wp\/v2\/posts\/1006383"}],"collection":[{"href":"https:\/\/www.icnova.fcsh.unl.pt\/en\/wp-json\/wp\/v2\/posts"}],"about":[{"href":"https:\/\/www.icnova.fcsh.unl.pt\/en\/wp-json\/wp\/v2\/types\/post"}],"author":[{"embeddable":true,"href":"https:\/\/www.icnova.fcsh.unl.pt\/en\/wp-json\/wp\/v2\/users\/18"}],"replies":[{"embeddable":true,"href":"https:\/\/www.icnova.fcsh.unl.pt\/en\/wp-json\/wp\/v2\/comments?post=1006383"}],"version-history":[{"count":1,"href":"https:\/\/www.icnova.fcsh.unl.pt\/en\/wp-json\/wp\/v2\/posts\/1006383\/revisions"}],"predecessor-version":[{"id":1006386,"href":"https:\/\/www.icnova.fcsh.unl.pt\/en\/wp-json\/wp\/v2\/posts\/1006383\/revisions\/1006386"}],"wp:featuredmedia":[{"embeddable":true,"href":"https:\/\/www.icnova.fcsh.unl.pt\/en\/wp-json\/wp\/v2\/media\/1006384"}],"wp:attachment":[{"href":"https:\/\/www.icnova.fcsh.unl.pt\/en\/wp-json\/wp\/v2\/media?parent=1006383"}],"wp:term":[{"taxonomy":"category","embeddable":true,"href":"https:\/\/www.icnova.fcsh.unl.pt\/en\/wp-json\/wp\/v2\/categories?post=1006383"},{"taxonomy":"post_tag","embeddable":true,"href":"https:\/\/www.icnova.fcsh.unl.pt\/en\/wp-json\/wp\/v2\/tags?post=1006383"}],"curies":[{"name":"wp","href":"https:\/\/api.w.org\/{rel}","templated":true}]}}