{"id":995677,"date":"2023-01-31T13:49:00","date_gmt":"2023-01-31T13:49:00","guid":{"rendered":"https:\/\/icnova.staging.widgilabs-sites.com\/?p=995677"},"modified":"2023-07-13T14:16:18","modified_gmt":"2023-07-13T14:16:18","slug":"inn-2023-a-conferencia-para-pensar-sobre-os-grandes-desafios-relacionados-com-a-inovacao-entrevista-dora-santos-silva","status":"publish","type":"post","link":"https:\/\/www.icnova.fcsh.unl.pt\/en\/inn-2023-a-conferencia-para-pensar-sobre-os-grandes-desafios-relacionados-com-a-inovacao-entrevista-dora-santos-silva\/","title":{"rendered":"INN 2023, a confer\u00eancia para \u201cpensar sobre os grandes desafios relacionados com a inova\u00e7\u00e3o\u201d | Entrevista Dora Santos Silva"},"content":{"rendered":"<div class=\"vgblk-rw-wrapper limit-wrapper\">\n<p>A primeira edi\u00e7\u00e3o da&nbsp;<strong><a href=\"https:\/\/obi.media\/inn2023\/\" target=\"_blank\" rel=\"noreferrer noopener\">INN 2023<\/a><\/strong>&nbsp;\u2013&nbsp;<em>I International Conference on Media Innovation<\/em>&nbsp;come\u00e7a j\u00e1 a 1 de fevereiro, na Torre B da NOVA FCSH. S\u00e3o tr\u00eas dias de evento guiados por uma agenda din\u00e2mica e diversa sobre inova\u00e7\u00e3o nos media e ind\u00fastrias criativas \u2013 com interesse tanto para profissionais destas \u00e1reas, acad\u00e9micos e estudantes, como para o p\u00fablico em geral.&nbsp;<\/p>\n\n\n\n<p>Em antecipa\u00e7\u00e3o do evento, quisemos mostrar mais sobre o que distingue esta confer\u00eancia internacional.&nbsp;<strong>Dora Santos Silva<\/strong>&nbsp;(Obi.media \/ ICNOVA) lidera a comiss\u00e3o organizadora e revela, em entrevista,&nbsp;os principais destaques da INN 2023. Mas n\u00e3o s\u00f3: a&nbsp;coordenadora do grupo&nbsp;<strong><a href=\"https:\/\/www.icnova.fcsh.unl.pt\/mediaejornalismo\/\" target=\"_blank\" rel=\"noreferrer noopener\">Media &amp; Jornalismo<\/a><\/strong>&nbsp;(ICNOVA) aborda ainda o panorama nacional em termos de inova\u00e7\u00e3o dos media e a import\u00e2ncia do mapeamento da inova\u00e7\u00e3o.&nbsp;<\/p>\n\n\n\n<p><strong>O que podemos esperar da INN 2023?<\/strong>&nbsp;<\/p>\n\n\n\n<figure class=\"wp-block-image alignleft size-large is-resized\"><img fetchpriority=\"high\" decoding=\"async\" src=\"https:\/\/www.icnova.fcsh.unl.pt\/wp-content\/uploads\/2023\/07\/quote_insta_Dora-1024x1024.png\" alt=\"\" class=\"wp-image-995679\" width=\"428\" height=\"428\" srcset=\"https:\/\/www.icnova.fcsh.unl.pt\/wp-content\/uploads\/2023\/07\/quote_insta_Dora-1024x1024.png 1024w, https:\/\/www.icnova.fcsh.unl.pt\/wp-content\/uploads\/2023\/07\/quote_insta_Dora-300x300.png 300w, https:\/\/www.icnova.fcsh.unl.pt\/wp-content\/uploads\/2023\/07\/quote_insta_Dora-150x150.png 150w, https:\/\/www.icnova.fcsh.unl.pt\/wp-content\/uploads\/2023\/07\/quote_insta_Dora-768x768.png 768w, https:\/\/www.icnova.fcsh.unl.pt\/wp-content\/uploads\/2023\/07\/quote_insta_Dora.png 1080w\" sizes=\"(max-width: 428px) 100vw, 428px\" \/><\/figure>\n\n\n\n<p>Podemos esperar, acima de tudo, uma confer\u00eancia com um formato diferente daquele a que o p\u00fablico est\u00e1 habituado, porque inclui tr\u00eas dimens\u00f5es geralmente separadas: as confer\u00eancias plen\u00e1rias e sess\u00f5es de comunica\u00e7\u00f5es, resid\u00eancias art\u00edsticas e workshops. A confer\u00eancia foi tamb\u00e9m pensada n\u00e3o s\u00f3 para investigadores e docentes, mas tamb\u00e9m para profissionais dos media e de outras ind\u00fastrias culturais e criativas, artistas, estudantes e, claro, o p\u00fablico em geral.&nbsp;<\/p>\n\n\n\n<p><strong>Como surgiu a ideia de organizar uma confer\u00eancia internacional sobre este tema?<\/strong>&nbsp;<\/p>\n\n\n\n<p>Embora pare\u00e7a que a inova\u00e7\u00e3o \u00e9 uma palavra gasta,&nbsp;<em>d\u00e9mod\u00e9<\/em>&nbsp;ou usada para tudo, a verdade \u00e9 que \u00e9 hoje essencial, enquanto conceito&nbsp;<em>umbrella<\/em>,&nbsp;para pensar como podemos melhorar algo que j\u00e1 existe, mas de forma respons\u00e1vel e sustent\u00e1vel, isto \u00e9, tendo em conta o impacto econ\u00f3mico, ambiental e social. Inovar n\u00e3o \u00e9 s\u00f3 criar uma solu\u00e7\u00e3o tecnol\u00f3gica, como parece ser a ideia geral. Pode-se inovar socialmente, nas condi\u00e7\u00f5es de trabalho, nas narrativas, no modelo de neg\u00f3cio, no bem-estar, nas condi\u00e7\u00f5es para a criatividade (e a lista continuaria). Al\u00e9m disso, o Obi.Media \u2013 Observat\u00f3rio de Inova\u00e7\u00e3o nos Media foi lan\u00e7ado h\u00e1 pouco mais de um ano e ach\u00e1mos que era necess\u00e1rio um encontro onde se pudesse discutir quest\u00f5es apenas ligadas \u00e0 inova\u00e7\u00e3o nos media e noutras ind\u00fastrias culturais e criativas.&nbsp;<\/p>\n\n\n\n<p><strong>Inova\u00e7\u00e3o nos media \u00e9 um tema muito vasto. Que dimens\u00f5es foram privilegiadas na INN 2023?<\/strong>&nbsp;<\/p>\n\n\n\n<p>Nas confer\u00eancias que prepar\u00e1mos tent\u00e1mos privilegiar a inova\u00e7\u00e3o imersiva, em particular o metaverso e o \u00e1udio espacial imersivo, o jornalismo de solu\u00e7\u00f5es, a inova\u00e7\u00e3o cultural e criativa, e a inova\u00e7\u00e3o social. O mais interessante \u00e9 que essas dimens\u00f5es foram tamb\u00e9m as mais privilegiadas nas propostas de comunica\u00e7\u00f5es que recebemos.&nbsp;&nbsp;<\/p>\n\n\n\n<p><strong>O pr\u00f3prio formato da confer\u00eancia pretende ser inovador. Podemos desvendar um pouco do que vai acontecer nestes momentos mais disruptivos?<\/strong>&nbsp;<\/p>\n\n\n\n<p>Ao longo de toda a confer\u00eancia h\u00e1 oito resid\u00eancias art\u00edsticas que podem ser visitadas livremente durante os tr\u00eas dias no piso 3 da torre B da&nbsp;NOVA FCSH (Campus da Av. de Berna). No&nbsp;<strong>dia 1<\/strong>, destacaria a mesa-redonda sobre&nbsp;inova\u00e7\u00e3o cultural e criativa com o arquiteto e fundador da R\u00e1dio Antec\u00e2mara Pedro Campos Costa, o inventor digital Miguel Lannes Fernandes e Cl\u00e1udia Domingues, diretora de comunica\u00e7\u00e3o da IKEA; a&nbsp;masterclass&nbsp;sobre sa\u00fade mental na investiga\u00e7\u00e3o e na doc\u00eancia, com o psic\u00f3logo Jos\u00e9 de Almeida Brites e o workshop desenhado especificamente para doutorandos e jovens investigadores.&nbsp;<strong>O segundo dia, mais intenso<\/strong>, tem v\u00e1rios momentos altos, desde a confer\u00eancia da&nbsp;ex-jornalista da BBC e professora universit\u00e1ria Abigail Wincott, ao final da manh\u00e3; a mesa-redonda sobre jornalismo de solu\u00e7\u00f5es&nbsp;com as interven\u00e7\u00f5es de Vera Pen\u00eada (do&nbsp;European Journalism Centre) e da Julia Hotz (do&nbsp;Solutions Journalism Network) e a cerim\u00f3nia de entrega dos Pr\u00e9mios INN 2023, ao princ\u00edpio da noite. O&nbsp;<strong>dia 3<\/strong>&nbsp;\u00e9 dedicado \u00e0 inova\u00e7\u00e3o imersiva, com a confer\u00eancia plen\u00e1ria de Ana Constantino, fundadora da Nowhere, seguida logo de uma sess\u00e3o\/workshop no Metaverso; inclui ainda demonstra\u00e7\u00f5es e performances das resid\u00eancias art\u00edsticas e um workshop de manh\u00e3 sobre inova\u00e7\u00e3o, criatividade e impacto na investiga\u00e7\u00e3o.&nbsp;&nbsp;<\/p>\n\n\n\n<figure class=\"wp-block-image alignright size-large is-resized\"><img decoding=\"async\" src=\"https:\/\/www.icnova.fcsh.unl.pt\/wp-content\/uploads\/2023\/07\/inn-2023_quadrado-1024x1024.png\" alt=\"\" class=\"wp-image-995680\" width=\"427\" height=\"427\" srcset=\"https:\/\/www.icnova.fcsh.unl.pt\/wp-content\/uploads\/2023\/07\/inn-2023_quadrado-1024x1024.png 1024w, https:\/\/www.icnova.fcsh.unl.pt\/wp-content\/uploads\/2023\/07\/inn-2023_quadrado-300x300.png 300w, https:\/\/www.icnova.fcsh.unl.pt\/wp-content\/uploads\/2023\/07\/inn-2023_quadrado-150x150.png 150w, https:\/\/www.icnova.fcsh.unl.pt\/wp-content\/uploads\/2023\/07\/inn-2023_quadrado-768x768.png 768w, https:\/\/www.icnova.fcsh.unl.pt\/wp-content\/uploads\/2023\/07\/inn-2023_quadrado.png 1080w\" sizes=\"(max-width: 427px) 100vw, 427px\" \/><\/figure>\n\n\n\n<p><strong>Para investigadores e profissionais dos media, que tend\u00eancias inovadoras do setor v\u00e3o estar em destaque na INN 2023? E de que forma \u00e9 que o evento pode impactar as pr\u00e1ticas em contexto real?<\/strong>&nbsp;<\/p>\n\n\n\n<p>V\u00e1rias dimens\u00f5es da inova\u00e7\u00e3o, como a imersiva, a narrativa e a do \u00e1udio espacial, mas tamb\u00e9m o uso dos media em contexto cultural e criativo. O evento traz n\u00e3o s\u00f3 a partilha de boas pr\u00e1ticas, que podem ser replicadas noutros contextos, como tamb\u00e9m reflex\u00f5es e trabalhos sobre o que se anda a fazer e a pensar sobre os grandes desafios relacionados com a inova\u00e7\u00e3o, o que naturalmente \u00e9 importante para os profissionais dos media e de outras ind\u00fastrias culturais que nem sempre t\u00eam tempo para ter este&nbsp;<em>bird\u2019s-eye view<\/em>&nbsp;e uma vis\u00e3o estruturada sobre as mais recentes inova\u00e7\u00f5es ou os desafios que implicam.&nbsp;&nbsp;<\/p>\n\n\n\n<p><strong>A INN 2023 inclui a atribui\u00e7\u00e3o de pr\u00e9mios de inova\u00e7\u00e3o nos media. Como poder\u00edamos caracterizar, de forma geral, o panorama portugu\u00eas no que respeita \u00e0 inova\u00e7\u00e3o?<\/strong>&nbsp;<\/p>\n\n\n\n<p>Portugal j\u00e1 vai inovando muito nos media, tendo em conta todos os constrangimentos econ\u00f3micos e humanos; no entanto, essa inova\u00e7\u00e3o, no meio de tanta informa\u00e7\u00e3o e conte\u00fados que circulam a um ritmo avassalador, acaba muitas vezes por passar despercebida ou n\u00e3o ter a visibilidade merecida. Da\u00ed ser fundamental o mapeamento que o Obi.media est\u00e1 a fazer de alguns casos de inova\u00e7\u00e3o (que teremos naturalmente de intensificar). Posso dizer que fiz parte do j\u00fari que avaliou as candidaturas aos pr\u00e9mios INN 2023 e fiquei surpreendida com quatro ou cinco projetos que n\u00e3o conhecia (e eu costumo estar atenta), o que revela muito sobre a necessidade de lhes dar mais visibilidade.&nbsp;<\/p>\n\n\n\n<hr class=\"wp-block-separator has-alpha-channel-opacity is-style-wide\"\/>\n\n\n\n<h2 class=\"wp-block-heading has-large-font-size\"><strong>Tr\u00eas dias intensos sobre inova\u00e7\u00e3o<\/strong>&nbsp;<\/h2>\n\n\n\n<p>O&nbsp;<a href=\"https:\/\/obi.media\/inn-2023-programa\/\" target=\"_blank\" rel=\"noreferrer noopener\"><strong>programa da INN 2023<\/strong><\/a>&nbsp;reflete a diversidade do tema e a preocupa\u00e7\u00e3o da comiss\u00e3o organizadora em construir di\u00e1logos que envolvam a investiga\u00e7\u00e3o acad\u00e9mica e os profissionais do setor dos media.&nbsp;&nbsp;<\/p>\n\n\n\n<p>Mesas-redondas, confer\u00eancias, masterclasses, workshops, entrega de pr\u00e9mios, uma sess\u00e3o no metaverso e resid\u00eancias art\u00edsticas em perman\u00eancia s\u00e3o os pontos fortes destes tr\u00eas dias. A partir dos destaques sublinhados por Dora Santos Silva, apresentamos um guia r\u00e1pido para que possa seguir a INN 2023 \u2013 e aproveitar todo o conhecimento partilhado na confer\u00eancia internacional.&nbsp;&nbsp;<\/p>\n\n\n\n<p>Acompanhe tamb\u00e9m a cobertura digital do evento nas redes sociais. Basta seguir a hashtag\u00a0<strong>#INN2023\u00a0\u00a0<\/strong><\/p>\n\n\n\n<figure class=\"wp-block-image aligncenter size-full is-resized\"><img decoding=\"async\" src=\"https:\/\/www.icnova.fcsh.unl.pt\/wp-content\/uploads\/2023\/07\/black-creative-mind-map-graph.png\" alt=\"\" class=\"wp-image-995678\" width=\"900\" height=\"675\" srcset=\"https:\/\/www.icnova.fcsh.unl.pt\/wp-content\/uploads\/2023\/07\/black-creative-mind-map-graph.png 1024w, https:\/\/www.icnova.fcsh.unl.pt\/wp-content\/uploads\/2023\/07\/black-creative-mind-map-graph-300x225.png 300w, https:\/\/www.icnova.fcsh.unl.pt\/wp-content\/uploads\/2023\/07\/black-creative-mind-map-graph-768x576.png 768w\" sizes=\"(max-width: 900px) 100vw, 900px\" \/><\/figure>\n<\/div><!-- .vgblk-rw-wrapper -->","protected":false},"excerpt":{"rendered":"<p>A primeira edi\u00e7\u00e3o da&nbsp;INN 2023&nbsp;\u2013&nbsp;I International Conference on Media Innovation&nbsp;come\u00e7a j\u00e1 a 1 de fevereiro, na Torre B da NOVA FCSH. S\u00e3o tr\u00eas dias de evento guiados por uma agenda din\u00e2mica e diversa sobre inova\u00e7\u00e3o nos media e ind\u00fastrias criativas \u2013 com interesse tanto para profissionais destas \u00e1reas, acad\u00e9micos e estudantes, como para o p\u00fablico&#8230;<\/p>\n","protected":false},"author":8,"featured_media":995682,"comment_status":"closed","ping_status":"closed","sticky":false,"template":"","format":"standard","meta":{"footnotes":""},"categories":[40],"tags":[],"class_list":["post-995677","post","type-post","status-publish","format-standard","has-post-thumbnail","hentry","category-news"],"acf":[],"yoast_head":"<!-- This site is optimized with the Yoast SEO plugin v23.2 - https:\/\/yoast.com\/wordpress\/plugins\/seo\/ -->\n<title>INN 2023, a confer\u00eancia para \u201cpensar sobre os grandes desafios relacionados com a inova\u00e7\u00e3o\u201d | Entrevista Dora Santos Silva - ICNOVA<\/title>\n<meta name=\"robots\" content=\"index, follow, max-snippet:-1, max-image-preview:large, max-video-preview:-1\" \/>\n<link rel=\"canonical\" href=\"https:\/\/icnova.staging.widgilabs-sites.com\/inn-2023-a-conferencia-para-pensar-sobre-os-grandes-desafios-relacionados-com-a-inovacao-entrevista-dora-santos-silva\/\" \/>\n<meta property=\"og:locale\" content=\"en_US\" \/>\n<meta property=\"og:type\" content=\"article\" \/>\n<meta property=\"og:title\" content=\"INN 2023, a confer\u00eancia para \u201cpensar sobre os grandes desafios relacionados com a inova\u00e7\u00e3o\u201d | Entrevista Dora Santos Silva - ICNOVA\" \/>\n<meta property=\"og:description\" content=\"A primeira edi\u00e7\u00e3o da&nbsp;INN 2023&nbsp;\u2013&nbsp;I International Conference on Media Innovation&nbsp;come\u00e7a j\u00e1 a 1 de fevereiro, na Torre B da NOVA FCSH. S\u00e3o tr\u00eas dias de evento guiados por uma agenda din\u00e2mica e diversa sobre inova\u00e7\u00e3o nos media e ind\u00fastrias criativas \u2013 com interesse tanto para profissionais destas \u00e1reas, acad\u00e9micos e estudantes, como para o p\u00fablico...\" \/>\n<meta property=\"og:url\" content=\"https:\/\/icnova.staging.widgilabs-sites.com\/inn-2023-a-conferencia-para-pensar-sobre-os-grandes-desafios-relacionados-com-a-inovacao-entrevista-dora-santos-silva\/\" \/>\n<meta property=\"og:site_name\" content=\"ICNOVA\" \/>\n<meta property=\"article:published_time\" content=\"2023-01-31T13:49:00+00:00\" \/>\n<meta property=\"article:modified_time\" content=\"2023-07-13T14:16:18+00:00\" \/>\n<meta property=\"og:image\" content=\"https:\/\/icnova.staging.widgilabs-sites.com\/wp-content\/uploads\/2023\/01\/inn2023.png\" \/>\n\t<meta property=\"og:image:width\" content=\"1834\" \/>\n\t<meta property=\"og:image:height\" content=\"872\" \/>\n\t<meta property=\"og:image:type\" content=\"image\/png\" \/>\n<meta name=\"author\" content=\"Patr\u00edcia Contreiras_ICNOVA\" \/>\n<meta name=\"twitter:card\" content=\"summary_large_image\" \/>\n<meta name=\"twitter:label1\" content=\"Written by\" \/>\n\t<meta name=\"twitter:data1\" content=\"Patr\u00edcia Contreiras_ICNOVA\" \/>\n\t<meta name=\"twitter:label2\" content=\"Est. reading time\" \/>\n\t<meta name=\"twitter:data2\" content=\"7 minutes\" \/>\n<script type=\"application\/ld+json\" class=\"yoast-schema-graph\">{\"@context\":\"https:\/\/schema.org\",\"@graph\":[{\"@type\":\"Article\",\"@id\":\"https:\/\/icnova.staging.widgilabs-sites.com\/inn-2023-a-conferencia-para-pensar-sobre-os-grandes-desafios-relacionados-com-a-inovacao-entrevista-dora-santos-silva\/#article\",\"isPartOf\":{\"@id\":\"https:\/\/icnova.staging.widgilabs-sites.com\/inn-2023-a-conferencia-para-pensar-sobre-os-grandes-desafios-relacionados-com-a-inovacao-entrevista-dora-santos-silva\/\"},\"author\":{\"name\":\"Patr\u00edcia Contreiras_ICNOVA\",\"@id\":\"https:\/\/icnova.staging.widgilabs-sites.com\/#\/schema\/person\/0d803b540460c426d691833df5852ebc\"},\"headline\":\"INN 2023, a confer\u00eancia para \u201cpensar sobre os grandes desafios relacionados com a inova\u00e7\u00e3o\u201d | Entrevista Dora Santos Silva\",\"datePublished\":\"2023-01-31T13:49:00+00:00\",\"dateModified\":\"2023-07-13T14:16:18+00:00\",\"mainEntityOfPage\":{\"@id\":\"https:\/\/icnova.staging.widgilabs-sites.com\/inn-2023-a-conferencia-para-pensar-sobre-os-grandes-desafios-relacionados-com-a-inovacao-entrevista-dora-santos-silva\/\"},\"wordCount\":1194,\"publisher\":{\"@id\":\"https:\/\/icnova.staging.widgilabs-sites.com\/#organization\"},\"image\":{\"@id\":\"https:\/\/icnova.staging.widgilabs-sites.com\/inn-2023-a-conferencia-para-pensar-sobre-os-grandes-desafios-relacionados-com-a-inovacao-entrevista-dora-santos-silva\/#primaryimage\"},\"thumbnailUrl\":\"https:\/\/www.icnova.fcsh.unl.pt\/wp-content\/uploads\/2023\/01\/inn2023.png\",\"articleSection\":[\"Not\u00edcias\"],\"inLanguage\":\"en-US\"},{\"@type\":\"WebPage\",\"@id\":\"https:\/\/icnova.staging.widgilabs-sites.com\/inn-2023-a-conferencia-para-pensar-sobre-os-grandes-desafios-relacionados-com-a-inovacao-entrevista-dora-santos-silva\/\",\"url\":\"https:\/\/icnova.staging.widgilabs-sites.com\/inn-2023-a-conferencia-para-pensar-sobre-os-grandes-desafios-relacionados-com-a-inovacao-entrevista-dora-santos-silva\/\",\"name\":\"INN 2023, a confer\u00eancia para \u201cpensar sobre os grandes desafios relacionados com a inova\u00e7\u00e3o\u201d | Entrevista Dora Santos Silva - ICNOVA\",\"isPartOf\":{\"@id\":\"https:\/\/icnova.staging.widgilabs-sites.com\/#website\"},\"primaryImageOfPage\":{\"@id\":\"https:\/\/icnova.staging.widgilabs-sites.com\/inn-2023-a-conferencia-para-pensar-sobre-os-grandes-desafios-relacionados-com-a-inovacao-entrevista-dora-santos-silva\/#primaryimage\"},\"image\":{\"@id\":\"https:\/\/icnova.staging.widgilabs-sites.com\/inn-2023-a-conferencia-para-pensar-sobre-os-grandes-desafios-relacionados-com-a-inovacao-entrevista-dora-santos-silva\/#primaryimage\"},\"thumbnailUrl\":\"https:\/\/www.icnova.fcsh.unl.pt\/wp-content\/uploads\/2023\/01\/inn2023.png\",\"datePublished\":\"2023-01-31T13:49:00+00:00\",\"dateModified\":\"2023-07-13T14:16:18+00:00\",\"breadcrumb\":{\"@id\":\"https:\/\/icnova.staging.widgilabs-sites.com\/inn-2023-a-conferencia-para-pensar-sobre-os-grandes-desafios-relacionados-com-a-inovacao-entrevista-dora-santos-silva\/#breadcrumb\"},\"inLanguage\":\"en-US\",\"potentialAction\":[{\"@type\":\"ReadAction\",\"target\":[\"https:\/\/icnova.staging.widgilabs-sites.com\/inn-2023-a-conferencia-para-pensar-sobre-os-grandes-desafios-relacionados-com-a-inovacao-entrevista-dora-santos-silva\/\"]}]},{\"@type\":\"ImageObject\",\"inLanguage\":\"en-US\",\"@id\":\"https:\/\/icnova.staging.widgilabs-sites.com\/inn-2023-a-conferencia-para-pensar-sobre-os-grandes-desafios-relacionados-com-a-inovacao-entrevista-dora-santos-silva\/#primaryimage\",\"url\":\"https:\/\/www.icnova.fcsh.unl.pt\/wp-content\/uploads\/2023\/01\/inn2023.png\",\"contentUrl\":\"https:\/\/www.icnova.fcsh.unl.pt\/wp-content\/uploads\/2023\/01\/inn2023.png\",\"width\":1834,\"height\":872},{\"@type\":\"BreadcrumbList\",\"@id\":\"https:\/\/icnova.staging.widgilabs-sites.com\/inn-2023-a-conferencia-para-pensar-sobre-os-grandes-desafios-relacionados-com-a-inovacao-entrevista-dora-santos-silva\/#breadcrumb\",\"itemListElement\":[{\"@type\":\"ListItem\",\"position\":1,\"name\":\"Home\",\"item\":\"https:\/\/www.icnova.fcsh.unl.pt\/en\/home\/\"},{\"@type\":\"ListItem\",\"position\":2,\"name\":\"INN 2023, a confer\u00eancia para \u201cpensar sobre os grandes desafios relacionados com a inova\u00e7\u00e3o\u201d | Entrevista Dora Santos Silva\"}]},{\"@type\":\"WebSite\",\"@id\":\"https:\/\/icnova.staging.widgilabs-sites.com\/#website\",\"url\":\"https:\/\/icnova.staging.widgilabs-sites.com\/\",\"name\":\"ICNOVA\",\"description\":\"INSTITUTO DE COMUNICA\u00c7\u00c3O DA NOVA\",\"publisher\":{\"@id\":\"https:\/\/icnova.staging.widgilabs-sites.com\/#organization\"},\"potentialAction\":[{\"@type\":\"SearchAction\",\"target\":{\"@type\":\"EntryPoint\",\"urlTemplate\":\"https:\/\/icnova.staging.widgilabs-sites.com\/?s={search_term_string}\"},\"query-input\":\"required name=search_term_string\"}],\"inLanguage\":\"en-US\"},{\"@type\":\"Organization\",\"@id\":\"https:\/\/icnova.staging.widgilabs-sites.com\/#organization\",\"name\":\"ICNOVA\",\"url\":\"https:\/\/icnova.staging.widgilabs-sites.com\/\",\"logo\":{\"@type\":\"ImageObject\",\"inLanguage\":\"en-US\",\"@id\":\"https:\/\/icnova.staging.widgilabs-sites.com\/#\/schema\/logo\/image\/\",\"url\":\"https:\/\/www.icnova.fcsh.unl.pt\/wp-content\/uploads\/2020\/02\/logo2.png\",\"contentUrl\":\"https:\/\/www.icnova.fcsh.unl.pt\/wp-content\/uploads\/2020\/02\/logo2.png\",\"width\":730,\"height\":209,\"caption\":\"ICNOVA\"},\"image\":{\"@id\":\"https:\/\/icnova.staging.widgilabs-sites.com\/#\/schema\/logo\/image\/\"}},{\"@type\":\"Person\",\"@id\":\"https:\/\/icnova.staging.widgilabs-sites.com\/#\/schema\/person\/0d803b540460c426d691833df5852ebc\",\"name\":\"Patr\u00edcia Contreiras_ICNOVA\",\"image\":{\"@type\":\"ImageObject\",\"inLanguage\":\"en-US\",\"@id\":\"https:\/\/icnova.staging.widgilabs-sites.com\/#\/schema\/person\/image\/\",\"url\":\"https:\/\/secure.gravatar.com\/avatar\/3e00fc71b55e67086a0e1f8fa518d14f?s=96&d=mm&r=g\",\"contentUrl\":\"https:\/\/secure.gravatar.com\/avatar\/3e00fc71b55e67086a0e1f8fa518d14f?s=96&d=mm&r=g\",\"caption\":\"Patr\u00edcia Contreiras_ICNOVA\"},\"url\":\"https:\/\/www.icnova.fcsh.unl.pt\/en\/author\/icnova\/\"}]}<\/script>\n<!-- \/ Yoast SEO plugin. -->","yoast_head_json":{"title":"INN 2023, a confer\u00eancia para \u201cpensar sobre os grandes desafios relacionados com a inova\u00e7\u00e3o\u201d | Entrevista Dora Santos Silva - ICNOVA","robots":{"index":"index","follow":"follow","max-snippet":"max-snippet:-1","max-image-preview":"max-image-preview:large","max-video-preview":"max-video-preview:-1"},"canonical":"https:\/\/icnova.staging.widgilabs-sites.com\/inn-2023-a-conferencia-para-pensar-sobre-os-grandes-desafios-relacionados-com-a-inovacao-entrevista-dora-santos-silva\/","og_locale":"en_US","og_type":"article","og_title":"INN 2023, a confer\u00eancia para \u201cpensar sobre os grandes desafios relacionados com a inova\u00e7\u00e3o\u201d | Entrevista Dora Santos Silva - ICNOVA","og_description":"A primeira edi\u00e7\u00e3o da&nbsp;INN 2023&nbsp;\u2013&nbsp;I International Conference on Media Innovation&nbsp;come\u00e7a j\u00e1 a 1 de fevereiro, na Torre B da NOVA FCSH. S\u00e3o tr\u00eas dias de evento guiados por uma agenda din\u00e2mica e diversa sobre inova\u00e7\u00e3o nos media e ind\u00fastrias criativas \u2013 com interesse tanto para profissionais destas \u00e1reas, acad\u00e9micos e estudantes, como para o p\u00fablico...","og_url":"https:\/\/icnova.staging.widgilabs-sites.com\/inn-2023-a-conferencia-para-pensar-sobre-os-grandes-desafios-relacionados-com-a-inovacao-entrevista-dora-santos-silva\/","og_site_name":"ICNOVA","article_published_time":"2023-01-31T13:49:00+00:00","article_modified_time":"2023-07-13T14:16:18+00:00","og_image":[{"width":1834,"height":872,"url":"https:\/\/icnova.staging.widgilabs-sites.com\/wp-content\/uploads\/2023\/01\/inn2023.png","type":"image\/png"}],"author":"Patr\u00edcia Contreiras_ICNOVA","twitter_card":"summary_large_image","twitter_misc":{"Written by":"Patr\u00edcia Contreiras_ICNOVA","Est. reading time":"7 minutes"},"schema":{"@context":"https:\/\/schema.org","@graph":[{"@type":"Article","@id":"https:\/\/icnova.staging.widgilabs-sites.com\/inn-2023-a-conferencia-para-pensar-sobre-os-grandes-desafios-relacionados-com-a-inovacao-entrevista-dora-santos-silva\/#article","isPartOf":{"@id":"https:\/\/icnova.staging.widgilabs-sites.com\/inn-2023-a-conferencia-para-pensar-sobre-os-grandes-desafios-relacionados-com-a-inovacao-entrevista-dora-santos-silva\/"},"author":{"name":"Patr\u00edcia Contreiras_ICNOVA","@id":"https:\/\/icnova.staging.widgilabs-sites.com\/#\/schema\/person\/0d803b540460c426d691833df5852ebc"},"headline":"INN 2023, a confer\u00eancia para \u201cpensar sobre os grandes desafios relacionados com a inova\u00e7\u00e3o\u201d | Entrevista Dora Santos Silva","datePublished":"2023-01-31T13:49:00+00:00","dateModified":"2023-07-13T14:16:18+00:00","mainEntityOfPage":{"@id":"https:\/\/icnova.staging.widgilabs-sites.com\/inn-2023-a-conferencia-para-pensar-sobre-os-grandes-desafios-relacionados-com-a-inovacao-entrevista-dora-santos-silva\/"},"wordCount":1194,"publisher":{"@id":"https:\/\/icnova.staging.widgilabs-sites.com\/#organization"},"image":{"@id":"https:\/\/icnova.staging.widgilabs-sites.com\/inn-2023-a-conferencia-para-pensar-sobre-os-grandes-desafios-relacionados-com-a-inovacao-entrevista-dora-santos-silva\/#primaryimage"},"thumbnailUrl":"https:\/\/www.icnova.fcsh.unl.pt\/wp-content\/uploads\/2023\/01\/inn2023.png","articleSection":["Not\u00edcias"],"inLanguage":"en-US"},{"@type":"WebPage","@id":"https:\/\/icnova.staging.widgilabs-sites.com\/inn-2023-a-conferencia-para-pensar-sobre-os-grandes-desafios-relacionados-com-a-inovacao-entrevista-dora-santos-silva\/","url":"https:\/\/icnova.staging.widgilabs-sites.com\/inn-2023-a-conferencia-para-pensar-sobre-os-grandes-desafios-relacionados-com-a-inovacao-entrevista-dora-santos-silva\/","name":"INN 2023, a confer\u00eancia para \u201cpensar sobre os grandes desafios relacionados com a inova\u00e7\u00e3o\u201d | Entrevista Dora Santos Silva - ICNOVA","isPartOf":{"@id":"https:\/\/icnova.staging.widgilabs-sites.com\/#website"},"primaryImageOfPage":{"@id":"https:\/\/icnova.staging.widgilabs-sites.com\/inn-2023-a-conferencia-para-pensar-sobre-os-grandes-desafios-relacionados-com-a-inovacao-entrevista-dora-santos-silva\/#primaryimage"},"image":{"@id":"https:\/\/icnova.staging.widgilabs-sites.com\/inn-2023-a-conferencia-para-pensar-sobre-os-grandes-desafios-relacionados-com-a-inovacao-entrevista-dora-santos-silva\/#primaryimage"},"thumbnailUrl":"https:\/\/www.icnova.fcsh.unl.pt\/wp-content\/uploads\/2023\/01\/inn2023.png","datePublished":"2023-01-31T13:49:00+00:00","dateModified":"2023-07-13T14:16:18+00:00","breadcrumb":{"@id":"https:\/\/icnova.staging.widgilabs-sites.com\/inn-2023-a-conferencia-para-pensar-sobre-os-grandes-desafios-relacionados-com-a-inovacao-entrevista-dora-santos-silva\/#breadcrumb"},"inLanguage":"en-US","potentialAction":[{"@type":"ReadAction","target":["https:\/\/icnova.staging.widgilabs-sites.com\/inn-2023-a-conferencia-para-pensar-sobre-os-grandes-desafios-relacionados-com-a-inovacao-entrevista-dora-santos-silva\/"]}]},{"@type":"ImageObject","inLanguage":"en-US","@id":"https:\/\/icnova.staging.widgilabs-sites.com\/inn-2023-a-conferencia-para-pensar-sobre-os-grandes-desafios-relacionados-com-a-inovacao-entrevista-dora-santos-silva\/#primaryimage","url":"https:\/\/www.icnova.fcsh.unl.pt\/wp-content\/uploads\/2023\/01\/inn2023.png","contentUrl":"https:\/\/www.icnova.fcsh.unl.pt\/wp-content\/uploads\/2023\/01\/inn2023.png","width":1834,"height":872},{"@type":"BreadcrumbList","@id":"https:\/\/icnova.staging.widgilabs-sites.com\/inn-2023-a-conferencia-para-pensar-sobre-os-grandes-desafios-relacionados-com-a-inovacao-entrevista-dora-santos-silva\/#breadcrumb","itemListElement":[{"@type":"ListItem","position":1,"name":"Home","item":"https:\/\/www.icnova.fcsh.unl.pt\/en\/home\/"},{"@type":"ListItem","position":2,"name":"INN 2023, a confer\u00eancia para \u201cpensar sobre os grandes desafios relacionados com a inova\u00e7\u00e3o\u201d | Entrevista Dora Santos Silva"}]},{"@type":"WebSite","@id":"https:\/\/icnova.staging.widgilabs-sites.com\/#website","url":"https:\/\/icnova.staging.widgilabs-sites.com\/","name":"ICNOVA","description":"INSTITUTO DE COMUNICA\u00c7\u00c3O DA NOVA","publisher":{"@id":"https:\/\/icnova.staging.widgilabs-sites.com\/#organization"},"potentialAction":[{"@type":"SearchAction","target":{"@type":"EntryPoint","urlTemplate":"https:\/\/icnova.staging.widgilabs-sites.com\/?s={search_term_string}"},"query-input":"required name=search_term_string"}],"inLanguage":"en-US"},{"@type":"Organization","@id":"https:\/\/icnova.staging.widgilabs-sites.com\/#organization","name":"ICNOVA","url":"https:\/\/icnova.staging.widgilabs-sites.com\/","logo":{"@type":"ImageObject","inLanguage":"en-US","@id":"https:\/\/icnova.staging.widgilabs-sites.com\/#\/schema\/logo\/image\/","url":"https:\/\/www.icnova.fcsh.unl.pt\/wp-content\/uploads\/2020\/02\/logo2.png","contentUrl":"https:\/\/www.icnova.fcsh.unl.pt\/wp-content\/uploads\/2020\/02\/logo2.png","width":730,"height":209,"caption":"ICNOVA"},"image":{"@id":"https:\/\/icnova.staging.widgilabs-sites.com\/#\/schema\/logo\/image\/"}},{"@type":"Person","@id":"https:\/\/icnova.staging.widgilabs-sites.com\/#\/schema\/person\/0d803b540460c426d691833df5852ebc","name":"Patr\u00edcia Contreiras_ICNOVA","image":{"@type":"ImageObject","inLanguage":"en-US","@id":"https:\/\/icnova.staging.widgilabs-sites.com\/#\/schema\/person\/image\/","url":"https:\/\/secure.gravatar.com\/avatar\/3e00fc71b55e67086a0e1f8fa518d14f?s=96&d=mm&r=g","contentUrl":"https:\/\/secure.gravatar.com\/avatar\/3e00fc71b55e67086a0e1f8fa518d14f?s=96&d=mm&r=g","caption":"Patr\u00edcia Contreiras_ICNOVA"},"url":"https:\/\/www.icnova.fcsh.unl.pt\/en\/author\/icnova\/"}]}},"_links":{"self":[{"href":"https:\/\/www.icnova.fcsh.unl.pt\/en\/wp-json\/wp\/v2\/posts\/995677"}],"collection":[{"href":"https:\/\/www.icnova.fcsh.unl.pt\/en\/wp-json\/wp\/v2\/posts"}],"about":[{"href":"https:\/\/www.icnova.fcsh.unl.pt\/en\/wp-json\/wp\/v2\/types\/post"}],"author":[{"embeddable":true,"href":"https:\/\/www.icnova.fcsh.unl.pt\/en\/wp-json\/wp\/v2\/users\/8"}],"replies":[{"embeddable":true,"href":"https:\/\/www.icnova.fcsh.unl.pt\/en\/wp-json\/wp\/v2\/comments?post=995677"}],"version-history":[{"count":1,"href":"https:\/\/www.icnova.fcsh.unl.pt\/en\/wp-json\/wp\/v2\/posts\/995677\/revisions"}],"predecessor-version":[{"id":995681,"href":"https:\/\/www.icnova.fcsh.unl.pt\/en\/wp-json\/wp\/v2\/posts\/995677\/revisions\/995681"}],"wp:featuredmedia":[{"embeddable":true,"href":"https:\/\/www.icnova.fcsh.unl.pt\/en\/wp-json\/wp\/v2\/media\/995682"}],"wp:attachment":[{"href":"https:\/\/www.icnova.fcsh.unl.pt\/en\/wp-json\/wp\/v2\/media?parent=995677"}],"wp:term":[{"taxonomy":"category","embeddable":true,"href":"https:\/\/www.icnova.fcsh.unl.pt\/en\/wp-json\/wp\/v2\/categories?post=995677"},{"taxonomy":"post_tag","embeddable":true,"href":"https:\/\/www.icnova.fcsh.unl.pt\/en\/wp-json\/wp\/v2\/tags?post=995677"}],"curies":[{"name":"wp","href":"https:\/\/api.w.org\/{rel}","templated":true}]}}