{"id":995924,"date":"2023-04-27T15:16:00","date_gmt":"2023-04-27T15:16:00","guid":{"rendered":"https:\/\/icnova.staging.widgilabs-sites.com\/?p=995924"},"modified":"2024-01-05T11:21:13","modified_gmt":"2024-01-05T11:21:13","slug":"995924-2","status":"publish","type":"post","link":"https:\/\/www.icnova.fcsh.unl.pt\/en\/995924-2\/","title":{"rendered":"Chamada de trabalhos | Confer\u00eancia Internacional de Estudos de Fotografia"},"content":{"rendered":"<div class=\"vgblk-rw-wrapper limit-wrapper\">\n<p>De 4 a 6 de dezembro, no Funchal, a&nbsp;<strong>Confer\u00eancia Internacional de Estudos de Fotografia:&nbsp;<em>Fotografia e Lugar \u2013 Percursos, Cartografias e Derivas<\/em><\/strong>&nbsp;vai promover a reflex\u00e3o sobre as formas atrav\u00e9s das quais a fotografia \u00e9 usada para mapear e representar territ\u00f3rios, documentar percursos, migra\u00e7\u00f5es e deslocamentos.<\/p>\n\n\n\n<p>Nesse sentido, s\u00e3o bem-vindas propostas de apresenta\u00e7\u00f5es (PT ou EN) sobre os t\u00f3picos da confer\u00eancia,&nbsp;<strong>at\u00e9 15 de junho<\/strong>.<\/p>\n\n\n\n<p>A Confer\u00eancia Internacional de Estudos de Fotografia \u00e9 uma iniciativa da Dire\u00e7\u00e3o Regional da Cultura da Madeira e&nbsp; Museu de Fotografia da Madeira \u2013 Atelier Vicente\u2019s, com apoio ICNOVA, Observat\u00f3rio EVAM, NOVA FCSH e Universidade da Madeira. Da Comiss\u00e3o Cient\u00edfica fazem parte os\/as investigadores\/as do ICNOVA Margarida Medeiros, Teresa Flores, Sandra Camacho, Filippo de Tomasi e Ana Gandum.<\/p>\n\n\n\n<p>Para mais detalhes consulte, abaixo, o texto integral da call.<\/p>\n\n\n\n<p><\/p>\n\n\n\n<h3 class=\"wp-block-heading\"><strong>Confer\u00eancia Internacional de Estudos de Fotografia:&nbsp;<em>Fotografia e Lugar \u2013 Percursos, Cartografias e Derivas<\/em><\/strong><\/h3>\n\n\n\n<h4 class=\"wp-block-heading\"><strong>Universidade da Madeira, Funchal, Portugal | 4-6 dezembro, 2023<\/strong><\/h4>\n\n\n\n<p>A Confer\u00eancia Internacional de Estudos de Fotografia, a decorrer de 4 a 6 de dezembro de 2023 no Col\u00e9gio dos Jesu\u00edtas, na Universidade da Madeira, Funchal, est\u00e1 a receber propostas sobre o tema Fotografia e Lugar \u2013 Percursos, Cartografias e Derivas. A confer\u00eancia pretende abordar as formas atrav\u00e9s das quais a fotografia tem sido utilizada para mapear e representar territ\u00f3rios, e para documentar percursos, migra\u00e7\u00f5es e deslocamentos entre diferentes locais. Al\u00e9m de designar territ\u00f3rios espacialmente definidos, a no\u00e7\u00e3o de \u201clugar\u201d tem sido associada a sentidos metaf\u00f3ricos e meton\u00edmicos, a dimens\u00f5es hist\u00f3ricas, identit\u00e1rias e relacionais, que se substituem ou, pelo menos, sobrep\u00f5em a essa dimens\u00e3o geogr\u00e1fica mais essencial.<\/p>\n\n\n\n<p>Acrescente-se que essa supera\u00e7\u00e3o de uma circunscri\u00e7\u00e3o mais propriamente territorial, est\u00e1 impl\u00edcita nos estudos que relacionam a representa\u00e7\u00e3o fotogr\u00e1fica com a imagina\u00e7\u00e3o geogr\u00e1fica, onde a fotografia surge como&nbsp;<em>meio&nbsp;<\/em>particularmente apto \u00e0 defini\u00e7\u00e3o de uma espacialidade.&nbsp;Nesse sentido, vislumbra-se a partir da pr\u00f3pria revolu\u00e7\u00e3o digital do s\u00e9culo XXI, onde a fotografia se inscreve como pr\u00e1tica plural e t\u00e9cnica h\u00edbrida, a reconfigura\u00e7\u00e3o deste conceito e de outros na sua proximidade, tais como: o de lugares de mem\u00f3ria (Pierre Nora), o de n\u00e3o-lugar (Marc Aug\u00e9), ou de heterotopia (Michel Foucault).&nbsp;Ao mesmo tempo, destaca-se o papel da fotografia em pr\u00e1ticas art\u00edsticas em diferentes \u00e1reas disciplinares, que privilegiam as ideias de deambula\u00e7\u00e3o, deriva e acaso, nomeadamente, atrav\u00e9s do acto de caminhar, quer como objecto quer como metodologia ou processo de trabalho para diferentes autores.<\/p>\n\n\n\n<p>Convidamos propostas para apresenta\u00e7\u00f5es de 20 minutos, em Portugu\u00eas ou Ingl\u00eas, a serem submetidas at\u00e9&nbsp;<strong>15 de Junho&nbsp;de 2023<\/strong>.<\/p>\n\n\n\n<p>Alguns dos t\u00f3picos que podem ser abordados incluem, mas n\u00e3o est\u00e3o limitados a:<\/p>\n\n\n\n<ul class=\"wp-block-list\">\n<li><strong>Lugar \/ Paisagem:<\/strong> a paisagem como g\u00e9nero fotogr\u00e1fico aut\u00f3nomo que se afirmou praticamente desde a origem do&nbsp;<em>medium<\/em>&nbsp;numa rela\u00e7\u00e3o com a ideia de lugar; a capacidade da fotografia de representar, emblematizar ou reificar a ideia lugar, por exemplo, na sua associa\u00e7\u00e3o \u00e0 pr\u00e1tica do turismo e em formatos espec\u00edficos como o cart\u00e3o-postal; o papel da fotografia na documenta\u00e7\u00e3o da interven\u00e7\u00e3o humana no mundo natural, quer na legitima\u00e7\u00e3o de determinados empreendimentos\/constru\u00e7\u00f5es quer atrav\u00e9s de uma cr\u00edtica ecol\u00f3gica.<\/li>\n\n\n\n<li><strong>Percursos de fot\u00f3grafos:<\/strong> autores madeirenses ou com atividade desenvolvida no Arquip\u00e9lago da Madeira, abordagem \u00e0s suas traject\u00f3rias e pr\u00e1ticas; a representatividade das suas imagens na sua rela\u00e7\u00e3o com diferentes lugares;&nbsp;representa\u00e7\u00e3o fotogr\u00e1fica e as identidades da Madeira: insular, atl\u00e2ntica, macaron\u00e9sica.<\/li>\n\n\n\n<li><strong>Arte, percursos e derivas:&nbsp;<\/strong>processos ou pr\u00e1ticas autorais que remetem para um pensamento sobre o territ\u00f3rio atrav\u00e9s da ideia de trajet\u00f3ria ou de percurso estabelecido, ou, ao inv\u00e9s, de deriva ou vagueio n\u00e3o previs\u00edvel, sem destino definido; mobiliza\u00e7\u00e3o da fotografia no acto de caminhar;<\/li>\n\n\n\n<li><strong>Fotografia urbana e o conceito de&nbsp;<em>fl\u00e2neur<\/em>:&nbsp;<\/strong>usos da fotografia na captura da experi\u00eancia moderna urbana de in\u00edcios do s\u00e9culo XX ou numa experi\u00eancia p\u00f3s-moderna da urbe; rela\u00e7\u00e3o entre a t\u00e9cnica e a postura do fl\u00e2neur de deambula\u00e7\u00e3o e observa\u00e7\u00e3o de uma realidade agitada;<\/li>\n\n\n\n<li><strong>Meios digitais e novas cartografias:&nbsp;<\/strong>abordar a fotografia hoje como t\u00e9cnica imbricada com outros meios digitais na visualiza\u00e7\u00e3o de cartografias (point clouds, imagens de m\u00e1quinas\/sat\u00e9lite, drones, tradi\u00e7\u00e3o fotogr\u00e1fica de road trip, etc.); pr\u00e1ticas art\u00edsticas que mobilizam imagens geradas por tecnologias de vigil\u00e2ncia, subvertendo fun\u00e7\u00f5es e\/ou expandindo potencialidades;<\/li>\n\n\n\n<li><strong>Mapeamentos fotogr\u00e1ficos de distribui\u00e7\u00f5es e trocas:&nbsp;<\/strong>projectos que, \u00e0 semelhan\u00e7a do papel atribu\u00eddo \u00e0 fotografia por Allan Sekula em&nbsp;<em>Fish Story<\/em>&nbsp;(1988-195) na documenta\u00e7\u00e3o da economia e distribui\u00e7\u00e3o de mercadorias \u00e0 escala global, abordem esse mesmo t\u00f3pico hoje;<\/li>\n\n\n\n<li><strong>Fotografia e migra\u00e7\u00f5es:&nbsp;<\/strong>o papel da fotografia e de outras tecnologias no registo das experi\u00eancias de migrantes, refugiados e de pessoas em deslocamento; pensar a capacidade da fotografia em testemunhar e documentar essas experi\u00eancias, em particular, atrav\u00e9s dos cruzamentos com o som e a imagem em movimento;<\/li>\n\n\n\n<li><strong>Fotografia e literatura:&nbsp;<\/strong>rela\u00e7\u00e3o entre texto e imagem na abordagem \u00e0 ideia de lugar; o g\u00e9nero do photobook enquanto complemento ou, ao inv\u00e9s, disrup\u00e7\u00e3o das conven\u00e7\u00f5es do di\u00e1rio de viagem; mobiliza\u00e7\u00e3o de fotografia na literatura (novela e ensaio) como forma de enquadramento ou tens\u00e3o com a no\u00e7\u00e3o de (um) lugar.<\/li>\n<\/ul>\n\n\n\n<h3 class=\"wp-block-heading\"><strong>Guia de propostas:<\/strong><\/h3>\n\n\n\n<p>Convidamos propostas de 20 minutos a serem submetidas atrav\u00e9s de EasyChair (<a href=\"https:\/\/easychair.org\/conferences\/?conf=photographystudies20\" target=\"_blank\" rel=\"noreferrer noopener\">https:\/\/easychair.org\/conferences\/?conf=photographystudies20<\/a>) contendo:<\/p>\n\n\n\n<p>a) T\u00edtulo, resumo de 400 palavras max. (sem refer\u00eancias bibliogr\u00e1ficas)&nbsp;e 3-5 palavras-chave;<\/p>\n\n\n\n<p>b) Nome e afilia\u00e7\u00e3o dos autores, informa\u00e7\u00f5es de contacto (email e telefone) e uma nota biogr\u00e1fica (n\u00e3o mais de 200 palavras).<\/p>\n\n\n\n<p>As propostas devem ser enviadas&nbsp;&nbsp;at\u00e9&nbsp;<strong>15 de Junho&nbsp;de 2023.<\/strong><\/p>\n\n\n\n<p>A notifica\u00e7\u00e3o de aceita\u00e7\u00e3o ser\u00e1 realizada at\u00e9&nbsp;<strong>24 de Julho de 2023.<\/strong><\/p>\n\n\n\n<h3 class=\"wp-block-heading has-medium-font-size\"><strong>Outras informa\u00e7\u00f5es:<\/strong><\/h3>\n\n\n\n<p>Ap\u00f3s aprova\u00e7\u00e3o das propostas, o registro na confer\u00eancia \u00e9 gratuito.<\/p>\n\n\n\n<p>Para mais informa\u00e7\u00f5es, consultar o website oficial da confer\u00eancia&nbsp;<strong><a href=\"https:\/\/confief.netlify.app\/\" target=\"_blank\" rel=\"noreferrer noopener\">https:\/\/confief.netlify.app\/<\/a><\/strong>&nbsp;ou enviar e-mail para:&nbsp;<a href=\"mailto:photographyandsiteconference@gmail.com\" target=\"_blank\" rel=\"noreferrer noopener\"><strong>photographyandsiteconference@gmail.com<\/strong><\/a><\/p>\n\n\n\n<h3 class=\"wp-block-heading has-medium-font-size\"><strong>Comiss\u00e3o Cient\u00edfica:<\/strong><\/h3>\n\n\n\n<ul class=\"wp-block-list\">\n<li><strong>Margarida Medeiros:&nbsp;<\/strong>Universidade Nova de Lisboa&nbsp;\/&nbsp;ICNOVA Instituto de Comunica\u00e7\u00e3o da Universidade Nova de Lisboa, Portugal<\/li>\n\n\n\n<li><strong>Teresa Flores:&nbsp;<\/strong>ICNOVA Instituto de Comunica\u00e7\u00e3o da Universidade Nova de Lisboa, Portugal<\/li>\n\n\n\n<li><strong>Sandra Camacho:&nbsp;<\/strong>ICNOVA Instituto de Comunica\u00e7\u00e3o da Universidade Nova&nbsp;\/ Observat\u00f3rio EVAM, Portugal<\/li>\n\n\n\n<li><strong>Filippo de Tomasi:&nbsp;<\/strong>ICNOVA Instituto de Comunica\u00e7\u00e3o da Universidade Nova \/ Observat\u00f3rio EVAM,&nbsp;Portugal<\/li>\n\n\n\n<li><strong>Em\u00edlia Tavares:&nbsp;<\/strong>MNAC \u2013 The National Museum of Contemporary Art, Portugal<\/li>\n\n\n\n<li><strong>David Bate:&nbsp;<\/strong>University of Westminster, Reino Unido<\/li>\n\n\n\n<li><strong>Ana Mauad:&nbsp;<\/strong>Universidade&nbsp;Federal Fluminense, Brasil<\/li>\n\n\n\n<li><strong>Anne Reverseau:&nbsp;<\/strong>Universit\u00e9 Catholique de Louvain, B\u00e9lgica<\/li>\n\n\n\n<li><strong>Jan Baetens:&nbsp;<\/strong>Faculty of Arts KU Leuven, B\u00e9lgica<\/li>\n\n\n\n<li><strong>Ana Gandum:&nbsp;<\/strong>Dire\u00e7\u00e3o Regional da Cultura, Madeira, Portugal &amp;ICNOVA Instituto de Comunica\u00e7\u00e3o da Universidade Nova \/ Observat\u00f3rio EVAM,&nbsp;Portugal<\/li>\n\n\n\n<li><strong>Rita Rodrigues:&nbsp;<\/strong>Chefe de Divis\u00e3o de Estudos do Patrim\u00f3nio \u2013 Dire\u00e7\u00e3o Regional da Cultura<\/li>\n\n\n\n<li><strong>V\u00edtor Magalh\u00e3es:&nbsp;<\/strong>Universidade da Madeira, Portugal<\/li>\n<\/ul>\n\n\n\n<h3 class=\"wp-block-heading has-medium-font-size\"><strong>Comiss\u00e3o de Organiza\u00e7\u00e3o:<\/strong><\/h3>\n\n\n\n<ul class=\"wp-block-list\">\n<li><strong>Ana Gandum:&nbsp;<\/strong>Dire\u00e7\u00e3o Regional da Cultura, Madeira&nbsp;&amp;ICNOVA&nbsp;Instituto de Comunica\u00e7\u00e3o da Universidade Nova&nbsp;\/ Observat\u00f3rio EVAM<\/li>\n\n\n\n<li><strong>Sara Freitas:&nbsp;<\/strong>Dire\u00e7\u00e3o Regional da Cultura, Madeira<\/li>\n\n\n\n<li><strong>Rita Rodrigues:&nbsp;<\/strong>Chefe de Divis\u00e3o de Estudos do Patrim\u00f3nio \u2013 Dire\u00e7\u00e3o Regional da Cultura<\/li>\n\n\n\n<li><strong>V\u00edtor Magalh\u00e3es:&nbsp;<\/strong>Universidade da Madeira<\/li>\n\n\n\n<li><strong>Sandra Camacho:&nbsp;<\/strong>ICNOVA&nbsp;Instituto de Comunica\u00e7\u00e3o da Universidade Nova&nbsp;\/ Observat\u00f3rio EVAM<\/li>\n\n\n\n<li><strong>Lisandra Faria:&nbsp;<\/strong>Museu de Fotografia da Madeira \u2013 Atelier Vicente\u2019s<\/li>\n\n\n\n<li><strong>V\u00e2nia Vieira:&nbsp;<\/strong>Museu de Fotografia da Madeira \u2013 Atelier Vicente\u2019s<\/li>\n<\/ul>\n<\/div><!-- .vgblk-rw-wrapper -->","protected":false},"excerpt":{"rendered":"<p>De 4 a 6 de dezembro, no Funchal, a&nbsp;Confer\u00eancia Internacional de Estudos de Fotografia:&nbsp;Fotografia e Lugar \u2013 Percursos, Cartografias e Derivas&nbsp;vai promover a reflex\u00e3o sobre as formas atrav\u00e9s das quais a fotografia \u00e9 usada para mapear e representar territ\u00f3rios, documentar percursos, migra\u00e7\u00f5es e deslocamentos. Nesse sentido, s\u00e3o bem-vindas propostas de apresenta\u00e7\u00f5es (PT ou EN) sobre&#8230;<\/p>\n","protected":false},"author":8,"featured_media":995928,"comment_status":"open","ping_status":"closed","sticky":false,"template":"","format":"standard","meta":{"footnotes":""},"categories":[42],"tags":[188],"class_list":["post-995924","post","type-post","status-publish","format-standard","has-post-thumbnail","hentry","category-calls-icnova","tag-cultura-mediacao-e-artes"],"acf":[],"yoast_head":"<!-- This site is optimized with the Yoast SEO plugin v23.2 - https:\/\/yoast.com\/wordpress\/plugins\/seo\/ -->\n<title>Chamada de trabalhos | Confer\u00eancia Internacional de Estudos de Fotografia - ICNOVA<\/title>\n<meta name=\"robots\" content=\"index, follow, max-snippet:-1, max-image-preview:large, max-video-preview:-1\" \/>\n<link rel=\"canonical\" href=\"https:\/\/icnova.staging.widgilabs-sites.com\/995924-2\/\" \/>\n<meta property=\"og:locale\" content=\"en_US\" \/>\n<meta property=\"og:type\" content=\"article\" \/>\n<meta property=\"og:title\" content=\"Chamada de trabalhos | Confer\u00eancia Internacional de Estudos de Fotografia - ICNOVA\" \/>\n<meta property=\"og:description\" content=\"De 4 a 6 de dezembro, no Funchal, a&nbsp;Confer\u00eancia Internacional de Estudos de Fotografia:&nbsp;Fotografia e Lugar \u2013 Percursos, Cartografias e Derivas&nbsp;vai promover a reflex\u00e3o sobre as formas atrav\u00e9s das quais a fotografia \u00e9 usada para mapear e representar territ\u00f3rios, documentar percursos, migra\u00e7\u00f5es e deslocamentos. Nesse sentido, s\u00e3o bem-vindas propostas de apresenta\u00e7\u00f5es (PT ou EN) sobre...\" \/>\n<meta property=\"og:url\" content=\"https:\/\/icnova.staging.widgilabs-sites.com\/995924-2\/\" \/>\n<meta property=\"og:site_name\" content=\"ICNOVA\" \/>\n<meta property=\"article:published_time\" content=\"2023-04-27T15:16:00+00:00\" \/>\n<meta property=\"article:modified_time\" content=\"2024-01-05T11:21:13+00:00\" \/>\n<meta property=\"og:image\" content=\"https:\/\/icnova.staging.widgilabs-sites.com\/wp-content\/uploads\/2023\/04\/img_conf-fotografia-pt_1024x695-e1689607584958.png\" \/>\n\t<meta property=\"og:image:width\" content=\"1024\" \/>\n\t<meta property=\"og:image:height\" content=\"614\" \/>\n\t<meta property=\"og:image:type\" content=\"image\/png\" \/>\n<meta name=\"author\" content=\"Patr\u00edcia Contreiras_ICNOVA\" \/>\n<meta name=\"twitter:card\" content=\"summary_large_image\" \/>\n<meta name=\"twitter:label1\" content=\"Written by\" \/>\n\t<meta name=\"twitter:data1\" content=\"Patr\u00edcia Contreiras_ICNOVA\" \/>\n\t<meta name=\"twitter:label2\" content=\"Est. reading time\" \/>\n\t<meta name=\"twitter:data2\" content=\"7 minutes\" \/>\n<script type=\"application\/ld+json\" class=\"yoast-schema-graph\">{\"@context\":\"https:\/\/schema.org\",\"@graph\":[{\"@type\":\"Article\",\"@id\":\"https:\/\/icnova.staging.widgilabs-sites.com\/995924-2\/#article\",\"isPartOf\":{\"@id\":\"https:\/\/icnova.staging.widgilabs-sites.com\/995924-2\/\"},\"author\":{\"name\":\"Patr\u00edcia Contreiras_ICNOVA\",\"@id\":\"https:\/\/icnova.staging.widgilabs-sites.com\/#\/schema\/person\/0d803b540460c426d691833df5852ebc\"},\"headline\":\"Chamada de trabalhos | Confer\u00eancia Internacional de Estudos de Fotografia\",\"datePublished\":\"2023-04-27T15:16:00+00:00\",\"dateModified\":\"2024-01-05T11:21:13+00:00\",\"mainEntityOfPage\":{\"@id\":\"https:\/\/icnova.staging.widgilabs-sites.com\/995924-2\/\"},\"wordCount\":1361,\"commentCount\":0,\"publisher\":{\"@id\":\"https:\/\/icnova.staging.widgilabs-sites.com\/#organization\"},\"image\":{\"@id\":\"https:\/\/icnova.staging.widgilabs-sites.com\/995924-2\/#primaryimage\"},\"thumbnailUrl\":\"https:\/\/www.icnova.fcsh.unl.pt\/wp-content\/uploads\/2023\/04\/img_conf-fotografia-pt_1024x695-e1689607584958.png\",\"keywords\":[\"Cultura Media\u00e7\u00e3o e Artes\"],\"articleSection\":[\"Calls ICNOVA\"],\"inLanguage\":\"en-US\",\"potentialAction\":[{\"@type\":\"CommentAction\",\"name\":\"Comment\",\"target\":[\"https:\/\/icnova.staging.widgilabs-sites.com\/995924-2\/#respond\"]}]},{\"@type\":\"WebPage\",\"@id\":\"https:\/\/icnova.staging.widgilabs-sites.com\/995924-2\/\",\"url\":\"https:\/\/icnova.staging.widgilabs-sites.com\/995924-2\/\",\"name\":\"Chamada de trabalhos | Confer\u00eancia Internacional de Estudos de Fotografia - ICNOVA\",\"isPartOf\":{\"@id\":\"https:\/\/icnova.staging.widgilabs-sites.com\/#website\"},\"primaryImageOfPage\":{\"@id\":\"https:\/\/icnova.staging.widgilabs-sites.com\/995924-2\/#primaryimage\"},\"image\":{\"@id\":\"https:\/\/icnova.staging.widgilabs-sites.com\/995924-2\/#primaryimage\"},\"thumbnailUrl\":\"https:\/\/www.icnova.fcsh.unl.pt\/wp-content\/uploads\/2023\/04\/img_conf-fotografia-pt_1024x695-e1689607584958.png\",\"datePublished\":\"2023-04-27T15:16:00+00:00\",\"dateModified\":\"2024-01-05T11:21:13+00:00\",\"breadcrumb\":{\"@id\":\"https:\/\/icnova.staging.widgilabs-sites.com\/995924-2\/#breadcrumb\"},\"inLanguage\":\"en-US\",\"potentialAction\":[{\"@type\":\"ReadAction\",\"target\":[\"https:\/\/icnova.staging.widgilabs-sites.com\/995924-2\/\"]}]},{\"@type\":\"ImageObject\",\"inLanguage\":\"en-US\",\"@id\":\"https:\/\/icnova.staging.widgilabs-sites.com\/995924-2\/#primaryimage\",\"url\":\"https:\/\/www.icnova.fcsh.unl.pt\/wp-content\/uploads\/2023\/04\/img_conf-fotografia-pt_1024x695-e1689607584958.png\",\"contentUrl\":\"https:\/\/www.icnova.fcsh.unl.pt\/wp-content\/uploads\/2023\/04\/img_conf-fotografia-pt_1024x695-e1689607584958.png\",\"width\":1024,\"height\":614},{\"@type\":\"BreadcrumbList\",\"@id\":\"https:\/\/icnova.staging.widgilabs-sites.com\/995924-2\/#breadcrumb\",\"itemListElement\":[{\"@type\":\"ListItem\",\"position\":1,\"name\":\"Home\",\"item\":\"https:\/\/www.icnova.fcsh.unl.pt\/en\/home\/\"},{\"@type\":\"ListItem\",\"position\":2,\"name\":\"Chamada de trabalhos | Confer\u00eancia Internacional de Estudos de Fotografia\"}]},{\"@type\":\"WebSite\",\"@id\":\"https:\/\/icnova.staging.widgilabs-sites.com\/#website\",\"url\":\"https:\/\/icnova.staging.widgilabs-sites.com\/\",\"name\":\"ICNOVA\",\"description\":\"INSTITUTO DE COMUNICA\u00c7\u00c3O DA NOVA\",\"publisher\":{\"@id\":\"https:\/\/icnova.staging.widgilabs-sites.com\/#organization\"},\"potentialAction\":[{\"@type\":\"SearchAction\",\"target\":{\"@type\":\"EntryPoint\",\"urlTemplate\":\"https:\/\/icnova.staging.widgilabs-sites.com\/?s={search_term_string}\"},\"query-input\":\"required name=search_term_string\"}],\"inLanguage\":\"en-US\"},{\"@type\":\"Organization\",\"@id\":\"https:\/\/icnova.staging.widgilabs-sites.com\/#organization\",\"name\":\"ICNOVA\",\"url\":\"https:\/\/icnova.staging.widgilabs-sites.com\/\",\"logo\":{\"@type\":\"ImageObject\",\"inLanguage\":\"en-US\",\"@id\":\"https:\/\/icnova.staging.widgilabs-sites.com\/#\/schema\/logo\/image\/\",\"url\":\"https:\/\/www.icnova.fcsh.unl.pt\/wp-content\/uploads\/2020\/02\/logo2.png\",\"contentUrl\":\"https:\/\/www.icnova.fcsh.unl.pt\/wp-content\/uploads\/2020\/02\/logo2.png\",\"width\":730,\"height\":209,\"caption\":\"ICNOVA\"},\"image\":{\"@id\":\"https:\/\/icnova.staging.widgilabs-sites.com\/#\/schema\/logo\/image\/\"}},{\"@type\":\"Person\",\"@id\":\"https:\/\/icnova.staging.widgilabs-sites.com\/#\/schema\/person\/0d803b540460c426d691833df5852ebc\",\"name\":\"Patr\u00edcia Contreiras_ICNOVA\",\"image\":{\"@type\":\"ImageObject\",\"inLanguage\":\"en-US\",\"@id\":\"https:\/\/icnova.staging.widgilabs-sites.com\/#\/schema\/person\/image\/\",\"url\":\"https:\/\/secure.gravatar.com\/avatar\/3e00fc71b55e67086a0e1f8fa518d14f?s=96&d=mm&r=g\",\"contentUrl\":\"https:\/\/secure.gravatar.com\/avatar\/3e00fc71b55e67086a0e1f8fa518d14f?s=96&d=mm&r=g\",\"caption\":\"Patr\u00edcia Contreiras_ICNOVA\"},\"url\":\"https:\/\/www.icnova.fcsh.unl.pt\/en\/author\/icnova\/\"}]}<\/script>\n<!-- \/ Yoast SEO plugin. -->","yoast_head_json":{"title":"Chamada de trabalhos | Confer\u00eancia Internacional de Estudos de Fotografia - ICNOVA","robots":{"index":"index","follow":"follow","max-snippet":"max-snippet:-1","max-image-preview":"max-image-preview:large","max-video-preview":"max-video-preview:-1"},"canonical":"https:\/\/icnova.staging.widgilabs-sites.com\/995924-2\/","og_locale":"en_US","og_type":"article","og_title":"Chamada de trabalhos | Confer\u00eancia Internacional de Estudos de Fotografia - ICNOVA","og_description":"De 4 a 6 de dezembro, no Funchal, a&nbsp;Confer\u00eancia Internacional de Estudos de Fotografia:&nbsp;Fotografia e Lugar \u2013 Percursos, Cartografias e Derivas&nbsp;vai promover a reflex\u00e3o sobre as formas atrav\u00e9s das quais a fotografia \u00e9 usada para mapear e representar territ\u00f3rios, documentar percursos, migra\u00e7\u00f5es e deslocamentos. Nesse sentido, s\u00e3o bem-vindas propostas de apresenta\u00e7\u00f5es (PT ou EN) sobre...","og_url":"https:\/\/icnova.staging.widgilabs-sites.com\/995924-2\/","og_site_name":"ICNOVA","article_published_time":"2023-04-27T15:16:00+00:00","article_modified_time":"2024-01-05T11:21:13+00:00","og_image":[{"width":1024,"height":614,"url":"https:\/\/icnova.staging.widgilabs-sites.com\/wp-content\/uploads\/2023\/04\/img_conf-fotografia-pt_1024x695-e1689607584958.png","type":"image\/png"}],"author":"Patr\u00edcia Contreiras_ICNOVA","twitter_card":"summary_large_image","twitter_misc":{"Written by":"Patr\u00edcia Contreiras_ICNOVA","Est. reading time":"7 minutes"},"schema":{"@context":"https:\/\/schema.org","@graph":[{"@type":"Article","@id":"https:\/\/icnova.staging.widgilabs-sites.com\/995924-2\/#article","isPartOf":{"@id":"https:\/\/icnova.staging.widgilabs-sites.com\/995924-2\/"},"author":{"name":"Patr\u00edcia Contreiras_ICNOVA","@id":"https:\/\/icnova.staging.widgilabs-sites.com\/#\/schema\/person\/0d803b540460c426d691833df5852ebc"},"headline":"Chamada de trabalhos | Confer\u00eancia Internacional de Estudos de Fotografia","datePublished":"2023-04-27T15:16:00+00:00","dateModified":"2024-01-05T11:21:13+00:00","mainEntityOfPage":{"@id":"https:\/\/icnova.staging.widgilabs-sites.com\/995924-2\/"},"wordCount":1361,"commentCount":0,"publisher":{"@id":"https:\/\/icnova.staging.widgilabs-sites.com\/#organization"},"image":{"@id":"https:\/\/icnova.staging.widgilabs-sites.com\/995924-2\/#primaryimage"},"thumbnailUrl":"https:\/\/www.icnova.fcsh.unl.pt\/wp-content\/uploads\/2023\/04\/img_conf-fotografia-pt_1024x695-e1689607584958.png","keywords":["Cultura Media\u00e7\u00e3o e Artes"],"articleSection":["Calls ICNOVA"],"inLanguage":"en-US","potentialAction":[{"@type":"CommentAction","name":"Comment","target":["https:\/\/icnova.staging.widgilabs-sites.com\/995924-2\/#respond"]}]},{"@type":"WebPage","@id":"https:\/\/icnova.staging.widgilabs-sites.com\/995924-2\/","url":"https:\/\/icnova.staging.widgilabs-sites.com\/995924-2\/","name":"Chamada de trabalhos | Confer\u00eancia Internacional de Estudos de Fotografia - ICNOVA","isPartOf":{"@id":"https:\/\/icnova.staging.widgilabs-sites.com\/#website"},"primaryImageOfPage":{"@id":"https:\/\/icnova.staging.widgilabs-sites.com\/995924-2\/#primaryimage"},"image":{"@id":"https:\/\/icnova.staging.widgilabs-sites.com\/995924-2\/#primaryimage"},"thumbnailUrl":"https:\/\/www.icnova.fcsh.unl.pt\/wp-content\/uploads\/2023\/04\/img_conf-fotografia-pt_1024x695-e1689607584958.png","datePublished":"2023-04-27T15:16:00+00:00","dateModified":"2024-01-05T11:21:13+00:00","breadcrumb":{"@id":"https:\/\/icnova.staging.widgilabs-sites.com\/995924-2\/#breadcrumb"},"inLanguage":"en-US","potentialAction":[{"@type":"ReadAction","target":["https:\/\/icnova.staging.widgilabs-sites.com\/995924-2\/"]}]},{"@type":"ImageObject","inLanguage":"en-US","@id":"https:\/\/icnova.staging.widgilabs-sites.com\/995924-2\/#primaryimage","url":"https:\/\/www.icnova.fcsh.unl.pt\/wp-content\/uploads\/2023\/04\/img_conf-fotografia-pt_1024x695-e1689607584958.png","contentUrl":"https:\/\/www.icnova.fcsh.unl.pt\/wp-content\/uploads\/2023\/04\/img_conf-fotografia-pt_1024x695-e1689607584958.png","width":1024,"height":614},{"@type":"BreadcrumbList","@id":"https:\/\/icnova.staging.widgilabs-sites.com\/995924-2\/#breadcrumb","itemListElement":[{"@type":"ListItem","position":1,"name":"Home","item":"https:\/\/www.icnova.fcsh.unl.pt\/en\/home\/"},{"@type":"ListItem","position":2,"name":"Chamada de trabalhos | Confer\u00eancia Internacional de Estudos de Fotografia"}]},{"@type":"WebSite","@id":"https:\/\/icnova.staging.widgilabs-sites.com\/#website","url":"https:\/\/icnova.staging.widgilabs-sites.com\/","name":"ICNOVA","description":"INSTITUTO DE COMUNICA\u00c7\u00c3O DA NOVA","publisher":{"@id":"https:\/\/icnova.staging.widgilabs-sites.com\/#organization"},"potentialAction":[{"@type":"SearchAction","target":{"@type":"EntryPoint","urlTemplate":"https:\/\/icnova.staging.widgilabs-sites.com\/?s={search_term_string}"},"query-input":"required name=search_term_string"}],"inLanguage":"en-US"},{"@type":"Organization","@id":"https:\/\/icnova.staging.widgilabs-sites.com\/#organization","name":"ICNOVA","url":"https:\/\/icnova.staging.widgilabs-sites.com\/","logo":{"@type":"ImageObject","inLanguage":"en-US","@id":"https:\/\/icnova.staging.widgilabs-sites.com\/#\/schema\/logo\/image\/","url":"https:\/\/www.icnova.fcsh.unl.pt\/wp-content\/uploads\/2020\/02\/logo2.png","contentUrl":"https:\/\/www.icnova.fcsh.unl.pt\/wp-content\/uploads\/2020\/02\/logo2.png","width":730,"height":209,"caption":"ICNOVA"},"image":{"@id":"https:\/\/icnova.staging.widgilabs-sites.com\/#\/schema\/logo\/image\/"}},{"@type":"Person","@id":"https:\/\/icnova.staging.widgilabs-sites.com\/#\/schema\/person\/0d803b540460c426d691833df5852ebc","name":"Patr\u00edcia Contreiras_ICNOVA","image":{"@type":"ImageObject","inLanguage":"en-US","@id":"https:\/\/icnova.staging.widgilabs-sites.com\/#\/schema\/person\/image\/","url":"https:\/\/secure.gravatar.com\/avatar\/3e00fc71b55e67086a0e1f8fa518d14f?s=96&d=mm&r=g","contentUrl":"https:\/\/secure.gravatar.com\/avatar\/3e00fc71b55e67086a0e1f8fa518d14f?s=96&d=mm&r=g","caption":"Patr\u00edcia Contreiras_ICNOVA"},"url":"https:\/\/www.icnova.fcsh.unl.pt\/en\/author\/icnova\/"}]}},"_links":{"self":[{"href":"https:\/\/www.icnova.fcsh.unl.pt\/en\/wp-json\/wp\/v2\/posts\/995924"}],"collection":[{"href":"https:\/\/www.icnova.fcsh.unl.pt\/en\/wp-json\/wp\/v2\/posts"}],"about":[{"href":"https:\/\/www.icnova.fcsh.unl.pt\/en\/wp-json\/wp\/v2\/types\/post"}],"author":[{"embeddable":true,"href":"https:\/\/www.icnova.fcsh.unl.pt\/en\/wp-json\/wp\/v2\/users\/8"}],"replies":[{"embeddable":true,"href":"https:\/\/www.icnova.fcsh.unl.pt\/en\/wp-json\/wp\/v2\/comments?post=995924"}],"version-history":[{"count":3,"href":"https:\/\/www.icnova.fcsh.unl.pt\/en\/wp-json\/wp\/v2\/posts\/995924\/revisions"}],"predecessor-version":[{"id":995929,"href":"https:\/\/www.icnova.fcsh.unl.pt\/en\/wp-json\/wp\/v2\/posts\/995924\/revisions\/995929"}],"wp:featuredmedia":[{"embeddable":true,"href":"https:\/\/www.icnova.fcsh.unl.pt\/en\/wp-json\/wp\/v2\/media\/995928"}],"wp:attachment":[{"href":"https:\/\/www.icnova.fcsh.unl.pt\/en\/wp-json\/wp\/v2\/media?parent=995924"}],"wp:term":[{"taxonomy":"category","embeddable":true,"href":"https:\/\/www.icnova.fcsh.unl.pt\/en\/wp-json\/wp\/v2\/categories?post=995924"},{"taxonomy":"post_tag","embeddable":true,"href":"https:\/\/www.icnova.fcsh.unl.pt\/en\/wp-json\/wp\/v2\/tags?post=995924"}],"curies":[{"name":"wp","href":"https:\/\/api.w.org\/{rel}","templated":true}]}}