{"id":996093,"date":"2018-06-15T20:40:00","date_gmt":"2018-06-15T20:40:00","guid":{"rendered":"https:\/\/icnova.staging.widgilabs-sites.com\/?p=996093"},"modified":"2023-07-18T20:44:25","modified_gmt":"2023-07-18T20:44:25","slug":"novo-livro-legislacao-da-comunicacao-social-de-alberto-arons-de-carvalho-e-joao-pedro-figueiredo","status":"publish","type":"post","link":"https:\/\/www.icnova.fcsh.unl.pt\/en\/novo-livro-legislacao-da-comunicacao-social-de-alberto-arons-de-carvalho-e-joao-pedro-figueiredo\/","title":{"rendered":"Novo livro: \u201cLegisla\u00e7\u00e3o da Comunica\u00e7\u00e3o Social\u201d, de Alberto Arons de Carvalho e Jo\u00e3o Pedro Figueiredo"},"content":{"rendered":"<div class=\"vgblk-rw-wrapper limit-wrapper\">\n<p>O novo livro \u201cLegisla\u00e7\u00e3o da Comunica\u00e7\u00e3o Social\u201d da autoria de Alberto Arons de Carvalho, investigador do ICNOVA, e de Jo\u00e3o Pedro Figueiredo (docente do Departamento de Ci\u00eancias da Comunica\u00e7\u00e3o da NOVA FCSH), \u00e9 um contributo essencial para todos os profissionais que t\u00eam necessidade de se manter atualizados em termos legislativos.<\/p>\n\n\n\n<p>\u201cO novo paradigma digital, promovendo a converg\u00eancia tecnol\u00f3gica e empresarial, provocou altera\u00e7\u00f5es nos modelos de neg\u00f3cio e a invas\u00e3o do campo da comunica\u00e7\u00e3o social por setores submetidos a l\u00f3gicas de funcionamento e a objetivos distintos.<br>Por essa raz\u00e3o, esta colet\u00e2nea de legisla\u00e7\u00e3o n\u00e3o contempla apenas os diplomas diretamente relacionados com a atividade dos jornalistas ou com os diferentes meios de comunica\u00e7\u00e3o social, nomeadamente imprensa, r\u00e1dio e televis\u00e3o, incluindo tamb\u00e9m, ainda que seletivamente, os preceitos de outros diplomas direta ou indiretamente relacionados com os media, nomeadamente em mat\u00e9rias como a publicidade, as comunica\u00e7\u00f5es eletr\u00f3nicas, o com\u00e9rcio eletr\u00f3nico, a concorr\u00eancia, os direitos de autor, o cinema e o audiovisual\u201d.<\/p>\n\n\n\n<p>O livro integra a Cole\u00e7\u00e3o \u201cDireito, Jurisprud\u00eancia e Doutrina\u00a0da Imprensa Nacional da Casa da Moeda.<\/p>\n\n\n\n<p>Foto: <a href=\"https:\/\/www.incm.pt\/portal\/loja_detalhe.jsp?codigo=103326\" target=\"_blank\" rel=\"noreferrer noopener\">Imprensa Nacional da Casa da Moeda<\/a><\/p>\n<\/div><!-- .vgblk-rw-wrapper -->","protected":false},"excerpt":{"rendered":"<p>O novo livro \u201cLegisla\u00e7\u00e3o da Comunica\u00e7\u00e3o Social\u201d da autoria de Alberto Arons de Carvalho, investigador do ICNOVA, e de Jo\u00e3o Pedro Figueiredo (docente do Departamento de Ci\u00eancias da Comunica\u00e7\u00e3o da NOVA FCSH), \u00e9 um contributo essencial para todos os profissionais que t\u00eam necessidade de se manter atualizados em termos legislativos. \u201cO novo paradigma digital, promovendo&#8230;<\/p>\n","protected":false},"author":8,"featured_media":996094,"comment_status":"closed","ping_status":"closed","sticky":false,"template":"","format":"standard","meta":{"footnotes":""},"categories":[40],"tags":[],"class_list":["post-996093","post","type-post","status-publish","format-standard","has-post-thumbnail","hentry","category-news"],"acf":[],"yoast_head":"<!-- This site is optimized with the Yoast SEO plugin v23.2 - https:\/\/yoast.com\/wordpress\/plugins\/seo\/ -->\n<title>Novo livro: \u201cLegisla\u00e7\u00e3o da Comunica\u00e7\u00e3o Social\u201d, de Alberto Arons de Carvalho e Jo\u00e3o Pedro Figueiredo - ICNOVA<\/title>\n<meta name=\"robots\" content=\"index, follow, max-snippet:-1, max-image-preview:large, max-video-preview:-1\" \/>\n<link rel=\"canonical\" href=\"https:\/\/icnova.staging.widgilabs-sites.com\/novo-livro-legislacao-da-comunicacao-social-de-alberto-arons-de-carvalho-e-joao-pedro-figueiredo\/\" \/>\n<meta property=\"og:locale\" content=\"en_US\" \/>\n<meta property=\"og:type\" content=\"article\" \/>\n<meta property=\"og:title\" content=\"Novo livro: \u201cLegisla\u00e7\u00e3o da Comunica\u00e7\u00e3o Social\u201d, de Alberto Arons de Carvalho e Jo\u00e3o Pedro Figueiredo - ICNOVA\" \/>\n<meta property=\"og:description\" content=\"O novo livro \u201cLegisla\u00e7\u00e3o da Comunica\u00e7\u00e3o Social\u201d da autoria de Alberto Arons de Carvalho, investigador do ICNOVA, e de Jo\u00e3o Pedro Figueiredo (docente do Departamento de Ci\u00eancias da Comunica\u00e7\u00e3o da NOVA FCSH), \u00e9 um contributo essencial para todos os profissionais que t\u00eam necessidade de se manter atualizados em termos legislativos. \u201cO novo paradigma digital, promovendo...\" \/>\n<meta property=\"og:url\" content=\"https:\/\/icnova.staging.widgilabs-sites.com\/novo-livro-legislacao-da-comunicacao-social-de-alberto-arons-de-carvalho-e-joao-pedro-figueiredo\/\" \/>\n<meta property=\"og:site_name\" content=\"ICNOVA\" \/>\n<meta property=\"article:published_time\" content=\"2018-06-15T20:40:00+00:00\" \/>\n<meta property=\"article:modified_time\" content=\"2023-07-18T20:44:25+00:00\" \/>\n<meta property=\"og:image\" content=\"https:\/\/icnova.staging.widgilabs-sites.com\/wp-content\/uploads\/2023\/07\/img_imprensa-Nacional-da-Casa-da-Moeda.png\" \/>\n\t<meta property=\"og:image:width\" content=\"900\" \/>\n\t<meta property=\"og:image:height\" content=\"600\" \/>\n\t<meta property=\"og:image:type\" content=\"image\/png\" \/>\n<meta name=\"author\" content=\"Patr\u00edcia Contreiras_ICNOVA\" \/>\n<meta name=\"twitter:card\" content=\"summary_large_image\" \/>\n<meta name=\"twitter:label1\" content=\"Written by\" \/>\n\t<meta name=\"twitter:data1\" content=\"Patr\u00edcia Contreiras_ICNOVA\" \/>\n\t<meta name=\"twitter:label2\" content=\"Est. reading time\" \/>\n\t<meta name=\"twitter:data2\" content=\"1 minute\" \/>\n<script type=\"application\/ld+json\" class=\"yoast-schema-graph\">{\"@context\":\"https:\/\/schema.org\",\"@graph\":[{\"@type\":\"Article\",\"@id\":\"https:\/\/icnova.staging.widgilabs-sites.com\/novo-livro-legislacao-da-comunicacao-social-de-alberto-arons-de-carvalho-e-joao-pedro-figueiredo\/#article\",\"isPartOf\":{\"@id\":\"https:\/\/icnova.staging.widgilabs-sites.com\/novo-livro-legislacao-da-comunicacao-social-de-alberto-arons-de-carvalho-e-joao-pedro-figueiredo\/\"},\"author\":{\"name\":\"Patr\u00edcia Contreiras_ICNOVA\",\"@id\":\"https:\/\/icnova.staging.widgilabs-sites.com\/#\/schema\/person\/0d803b540460c426d691833df5852ebc\"},\"headline\":\"Novo livro: \u201cLegisla\u00e7\u00e3o da Comunica\u00e7\u00e3o Social\u201d, de Alberto Arons de Carvalho e Jo\u00e3o Pedro Figueiredo\",\"datePublished\":\"2018-06-15T20:40:00+00:00\",\"dateModified\":\"2023-07-18T20:44:25+00:00\",\"mainEntityOfPage\":{\"@id\":\"https:\/\/icnova.staging.widgilabs-sites.com\/novo-livro-legislacao-da-comunicacao-social-de-alberto-arons-de-carvalho-e-joao-pedro-figueiredo\/\"},\"wordCount\":226,\"publisher\":{\"@id\":\"https:\/\/icnova.staging.widgilabs-sites.com\/#organization\"},\"image\":{\"@id\":\"https:\/\/icnova.staging.widgilabs-sites.com\/novo-livro-legislacao-da-comunicacao-social-de-alberto-arons-de-carvalho-e-joao-pedro-figueiredo\/#primaryimage\"},\"thumbnailUrl\":\"https:\/\/www.icnova.fcsh.unl.pt\/wp-content\/uploads\/2023\/07\/img_imprensa-Nacional-da-Casa-da-Moeda.png\",\"articleSection\":[\"Not\u00edcias\"],\"inLanguage\":\"en-US\"},{\"@type\":\"WebPage\",\"@id\":\"https:\/\/icnova.staging.widgilabs-sites.com\/novo-livro-legislacao-da-comunicacao-social-de-alberto-arons-de-carvalho-e-joao-pedro-figueiredo\/\",\"url\":\"https:\/\/icnova.staging.widgilabs-sites.com\/novo-livro-legislacao-da-comunicacao-social-de-alberto-arons-de-carvalho-e-joao-pedro-figueiredo\/\",\"name\":\"Novo livro: \u201cLegisla\u00e7\u00e3o da Comunica\u00e7\u00e3o Social\u201d, de Alberto Arons de Carvalho e Jo\u00e3o Pedro Figueiredo - ICNOVA\",\"isPartOf\":{\"@id\":\"https:\/\/icnova.staging.widgilabs-sites.com\/#website\"},\"primaryImageOfPage\":{\"@id\":\"https:\/\/icnova.staging.widgilabs-sites.com\/novo-livro-legislacao-da-comunicacao-social-de-alberto-arons-de-carvalho-e-joao-pedro-figueiredo\/#primaryimage\"},\"image\":{\"@id\":\"https:\/\/icnova.staging.widgilabs-sites.com\/novo-livro-legislacao-da-comunicacao-social-de-alberto-arons-de-carvalho-e-joao-pedro-figueiredo\/#primaryimage\"},\"thumbnailUrl\":\"https:\/\/www.icnova.fcsh.unl.pt\/wp-content\/uploads\/2023\/07\/img_imprensa-Nacional-da-Casa-da-Moeda.png\",\"datePublished\":\"2018-06-15T20:40:00+00:00\",\"dateModified\":\"2023-07-18T20:44:25+00:00\",\"breadcrumb\":{\"@id\":\"https:\/\/icnova.staging.widgilabs-sites.com\/novo-livro-legislacao-da-comunicacao-social-de-alberto-arons-de-carvalho-e-joao-pedro-figueiredo\/#breadcrumb\"},\"inLanguage\":\"en-US\",\"potentialAction\":[{\"@type\":\"ReadAction\",\"target\":[\"https:\/\/icnova.staging.widgilabs-sites.com\/novo-livro-legislacao-da-comunicacao-social-de-alberto-arons-de-carvalho-e-joao-pedro-figueiredo\/\"]}]},{\"@type\":\"ImageObject\",\"inLanguage\":\"en-US\",\"@id\":\"https:\/\/icnova.staging.widgilabs-sites.com\/novo-livro-legislacao-da-comunicacao-social-de-alberto-arons-de-carvalho-e-joao-pedro-figueiredo\/#primaryimage\",\"url\":\"https:\/\/www.icnova.fcsh.unl.pt\/wp-content\/uploads\/2023\/07\/img_imprensa-Nacional-da-Casa-da-Moeda.png\",\"contentUrl\":\"https:\/\/www.icnova.fcsh.unl.pt\/wp-content\/uploads\/2023\/07\/img_imprensa-Nacional-da-Casa-da-Moeda.png\",\"width\":900,\"height\":600},{\"@type\":\"BreadcrumbList\",\"@id\":\"https:\/\/icnova.staging.widgilabs-sites.com\/novo-livro-legislacao-da-comunicacao-social-de-alberto-arons-de-carvalho-e-joao-pedro-figueiredo\/#breadcrumb\",\"itemListElement\":[{\"@type\":\"ListItem\",\"position\":1,\"name\":\"Home\",\"item\":\"https:\/\/www.icnova.fcsh.unl.pt\/en\/home\/\"},{\"@type\":\"ListItem\",\"position\":2,\"name\":\"Novo livro: \u201cLegisla\u00e7\u00e3o da Comunica\u00e7\u00e3o Social\u201d, de Alberto Arons de Carvalho e Jo\u00e3o Pedro Figueiredo\"}]},{\"@type\":\"WebSite\",\"@id\":\"https:\/\/icnova.staging.widgilabs-sites.com\/#website\",\"url\":\"https:\/\/icnova.staging.widgilabs-sites.com\/\",\"name\":\"ICNOVA\",\"description\":\"INSTITUTO DE COMUNICA\u00c7\u00c3O DA NOVA\",\"publisher\":{\"@id\":\"https:\/\/icnova.staging.widgilabs-sites.com\/#organization\"},\"potentialAction\":[{\"@type\":\"SearchAction\",\"target\":{\"@type\":\"EntryPoint\",\"urlTemplate\":\"https:\/\/icnova.staging.widgilabs-sites.com\/?s={search_term_string}\"},\"query-input\":\"required name=search_term_string\"}],\"inLanguage\":\"en-US\"},{\"@type\":\"Organization\",\"@id\":\"https:\/\/icnova.staging.widgilabs-sites.com\/#organization\",\"name\":\"ICNOVA\",\"url\":\"https:\/\/icnova.staging.widgilabs-sites.com\/\",\"logo\":{\"@type\":\"ImageObject\",\"inLanguage\":\"en-US\",\"@id\":\"https:\/\/icnova.staging.widgilabs-sites.com\/#\/schema\/logo\/image\/\",\"url\":\"https:\/\/www.icnova.fcsh.unl.pt\/wp-content\/uploads\/2020\/02\/logo2.png\",\"contentUrl\":\"https:\/\/www.icnova.fcsh.unl.pt\/wp-content\/uploads\/2020\/02\/logo2.png\",\"width\":730,\"height\":209,\"caption\":\"ICNOVA\"},\"image\":{\"@id\":\"https:\/\/icnova.staging.widgilabs-sites.com\/#\/schema\/logo\/image\/\"}},{\"@type\":\"Person\",\"@id\":\"https:\/\/icnova.staging.widgilabs-sites.com\/#\/schema\/person\/0d803b540460c426d691833df5852ebc\",\"name\":\"Patr\u00edcia Contreiras_ICNOVA\",\"image\":{\"@type\":\"ImageObject\",\"inLanguage\":\"en-US\",\"@id\":\"https:\/\/icnova.staging.widgilabs-sites.com\/#\/schema\/person\/image\/\",\"url\":\"https:\/\/secure.gravatar.com\/avatar\/3e00fc71b55e67086a0e1f8fa518d14f?s=96&d=mm&r=g\",\"contentUrl\":\"https:\/\/secure.gravatar.com\/avatar\/3e00fc71b55e67086a0e1f8fa518d14f?s=96&d=mm&r=g\",\"caption\":\"Patr\u00edcia Contreiras_ICNOVA\"},\"url\":\"https:\/\/www.icnova.fcsh.unl.pt\/en\/author\/icnova\/\"}]}<\/script>\n<!-- \/ Yoast SEO plugin. -->","yoast_head_json":{"title":"Novo livro: \u201cLegisla\u00e7\u00e3o da Comunica\u00e7\u00e3o Social\u201d, de Alberto Arons de Carvalho e Jo\u00e3o Pedro Figueiredo - ICNOVA","robots":{"index":"index","follow":"follow","max-snippet":"max-snippet:-1","max-image-preview":"max-image-preview:large","max-video-preview":"max-video-preview:-1"},"canonical":"https:\/\/icnova.staging.widgilabs-sites.com\/novo-livro-legislacao-da-comunicacao-social-de-alberto-arons-de-carvalho-e-joao-pedro-figueiredo\/","og_locale":"en_US","og_type":"article","og_title":"Novo livro: \u201cLegisla\u00e7\u00e3o da Comunica\u00e7\u00e3o Social\u201d, de Alberto Arons de Carvalho e Jo\u00e3o Pedro Figueiredo - ICNOVA","og_description":"O novo livro \u201cLegisla\u00e7\u00e3o da Comunica\u00e7\u00e3o Social\u201d da autoria de Alberto Arons de Carvalho, investigador do ICNOVA, e de Jo\u00e3o Pedro Figueiredo (docente do Departamento de Ci\u00eancias da Comunica\u00e7\u00e3o da NOVA FCSH), \u00e9 um contributo essencial para todos os profissionais que t\u00eam necessidade de se manter atualizados em termos legislativos. \u201cO novo paradigma digital, promovendo...","og_url":"https:\/\/icnova.staging.widgilabs-sites.com\/novo-livro-legislacao-da-comunicacao-social-de-alberto-arons-de-carvalho-e-joao-pedro-figueiredo\/","og_site_name":"ICNOVA","article_published_time":"2018-06-15T20:40:00+00:00","article_modified_time":"2023-07-18T20:44:25+00:00","og_image":[{"width":900,"height":600,"url":"https:\/\/icnova.staging.widgilabs-sites.com\/wp-content\/uploads\/2023\/07\/img_imprensa-Nacional-da-Casa-da-Moeda.png","type":"image\/png"}],"author":"Patr\u00edcia Contreiras_ICNOVA","twitter_card":"summary_large_image","twitter_misc":{"Written by":"Patr\u00edcia Contreiras_ICNOVA","Est. reading time":"1 minute"},"schema":{"@context":"https:\/\/schema.org","@graph":[{"@type":"Article","@id":"https:\/\/icnova.staging.widgilabs-sites.com\/novo-livro-legislacao-da-comunicacao-social-de-alberto-arons-de-carvalho-e-joao-pedro-figueiredo\/#article","isPartOf":{"@id":"https:\/\/icnova.staging.widgilabs-sites.com\/novo-livro-legislacao-da-comunicacao-social-de-alberto-arons-de-carvalho-e-joao-pedro-figueiredo\/"},"author":{"name":"Patr\u00edcia Contreiras_ICNOVA","@id":"https:\/\/icnova.staging.widgilabs-sites.com\/#\/schema\/person\/0d803b540460c426d691833df5852ebc"},"headline":"Novo livro: \u201cLegisla\u00e7\u00e3o da Comunica\u00e7\u00e3o Social\u201d, de Alberto Arons de Carvalho e Jo\u00e3o Pedro Figueiredo","datePublished":"2018-06-15T20:40:00+00:00","dateModified":"2023-07-18T20:44:25+00:00","mainEntityOfPage":{"@id":"https:\/\/icnova.staging.widgilabs-sites.com\/novo-livro-legislacao-da-comunicacao-social-de-alberto-arons-de-carvalho-e-joao-pedro-figueiredo\/"},"wordCount":226,"publisher":{"@id":"https:\/\/icnova.staging.widgilabs-sites.com\/#organization"},"image":{"@id":"https:\/\/icnova.staging.widgilabs-sites.com\/novo-livro-legislacao-da-comunicacao-social-de-alberto-arons-de-carvalho-e-joao-pedro-figueiredo\/#primaryimage"},"thumbnailUrl":"https:\/\/www.icnova.fcsh.unl.pt\/wp-content\/uploads\/2023\/07\/img_imprensa-Nacional-da-Casa-da-Moeda.png","articleSection":["Not\u00edcias"],"inLanguage":"en-US"},{"@type":"WebPage","@id":"https:\/\/icnova.staging.widgilabs-sites.com\/novo-livro-legislacao-da-comunicacao-social-de-alberto-arons-de-carvalho-e-joao-pedro-figueiredo\/","url":"https:\/\/icnova.staging.widgilabs-sites.com\/novo-livro-legislacao-da-comunicacao-social-de-alberto-arons-de-carvalho-e-joao-pedro-figueiredo\/","name":"Novo livro: \u201cLegisla\u00e7\u00e3o da Comunica\u00e7\u00e3o Social\u201d, de Alberto Arons de Carvalho e Jo\u00e3o Pedro Figueiredo - ICNOVA","isPartOf":{"@id":"https:\/\/icnova.staging.widgilabs-sites.com\/#website"},"primaryImageOfPage":{"@id":"https:\/\/icnova.staging.widgilabs-sites.com\/novo-livro-legislacao-da-comunicacao-social-de-alberto-arons-de-carvalho-e-joao-pedro-figueiredo\/#primaryimage"},"image":{"@id":"https:\/\/icnova.staging.widgilabs-sites.com\/novo-livro-legislacao-da-comunicacao-social-de-alberto-arons-de-carvalho-e-joao-pedro-figueiredo\/#primaryimage"},"thumbnailUrl":"https:\/\/www.icnova.fcsh.unl.pt\/wp-content\/uploads\/2023\/07\/img_imprensa-Nacional-da-Casa-da-Moeda.png","datePublished":"2018-06-15T20:40:00+00:00","dateModified":"2023-07-18T20:44:25+00:00","breadcrumb":{"@id":"https:\/\/icnova.staging.widgilabs-sites.com\/novo-livro-legislacao-da-comunicacao-social-de-alberto-arons-de-carvalho-e-joao-pedro-figueiredo\/#breadcrumb"},"inLanguage":"en-US","potentialAction":[{"@type":"ReadAction","target":["https:\/\/icnova.staging.widgilabs-sites.com\/novo-livro-legislacao-da-comunicacao-social-de-alberto-arons-de-carvalho-e-joao-pedro-figueiredo\/"]}]},{"@type":"ImageObject","inLanguage":"en-US","@id":"https:\/\/icnova.staging.widgilabs-sites.com\/novo-livro-legislacao-da-comunicacao-social-de-alberto-arons-de-carvalho-e-joao-pedro-figueiredo\/#primaryimage","url":"https:\/\/www.icnova.fcsh.unl.pt\/wp-content\/uploads\/2023\/07\/img_imprensa-Nacional-da-Casa-da-Moeda.png","contentUrl":"https:\/\/www.icnova.fcsh.unl.pt\/wp-content\/uploads\/2023\/07\/img_imprensa-Nacional-da-Casa-da-Moeda.png","width":900,"height":600},{"@type":"BreadcrumbList","@id":"https:\/\/icnova.staging.widgilabs-sites.com\/novo-livro-legislacao-da-comunicacao-social-de-alberto-arons-de-carvalho-e-joao-pedro-figueiredo\/#breadcrumb","itemListElement":[{"@type":"ListItem","position":1,"name":"Home","item":"https:\/\/www.icnova.fcsh.unl.pt\/en\/home\/"},{"@type":"ListItem","position":2,"name":"Novo livro: \u201cLegisla\u00e7\u00e3o da Comunica\u00e7\u00e3o Social\u201d, de Alberto Arons de Carvalho e Jo\u00e3o Pedro Figueiredo"}]},{"@type":"WebSite","@id":"https:\/\/icnova.staging.widgilabs-sites.com\/#website","url":"https:\/\/icnova.staging.widgilabs-sites.com\/","name":"ICNOVA","description":"INSTITUTO DE COMUNICA\u00c7\u00c3O DA NOVA","publisher":{"@id":"https:\/\/icnova.staging.widgilabs-sites.com\/#organization"},"potentialAction":[{"@type":"SearchAction","target":{"@type":"EntryPoint","urlTemplate":"https:\/\/icnova.staging.widgilabs-sites.com\/?s={search_term_string}"},"query-input":"required name=search_term_string"}],"inLanguage":"en-US"},{"@type":"Organization","@id":"https:\/\/icnova.staging.widgilabs-sites.com\/#organization","name":"ICNOVA","url":"https:\/\/icnova.staging.widgilabs-sites.com\/","logo":{"@type":"ImageObject","inLanguage":"en-US","@id":"https:\/\/icnova.staging.widgilabs-sites.com\/#\/schema\/logo\/image\/","url":"https:\/\/www.icnova.fcsh.unl.pt\/wp-content\/uploads\/2020\/02\/logo2.png","contentUrl":"https:\/\/www.icnova.fcsh.unl.pt\/wp-content\/uploads\/2020\/02\/logo2.png","width":730,"height":209,"caption":"ICNOVA"},"image":{"@id":"https:\/\/icnova.staging.widgilabs-sites.com\/#\/schema\/logo\/image\/"}},{"@type":"Person","@id":"https:\/\/icnova.staging.widgilabs-sites.com\/#\/schema\/person\/0d803b540460c426d691833df5852ebc","name":"Patr\u00edcia Contreiras_ICNOVA","image":{"@type":"ImageObject","inLanguage":"en-US","@id":"https:\/\/icnova.staging.widgilabs-sites.com\/#\/schema\/person\/image\/","url":"https:\/\/secure.gravatar.com\/avatar\/3e00fc71b55e67086a0e1f8fa518d14f?s=96&d=mm&r=g","contentUrl":"https:\/\/secure.gravatar.com\/avatar\/3e00fc71b55e67086a0e1f8fa518d14f?s=96&d=mm&r=g","caption":"Patr\u00edcia Contreiras_ICNOVA"},"url":"https:\/\/www.icnova.fcsh.unl.pt\/en\/author\/icnova\/"}]}},"_links":{"self":[{"href":"https:\/\/www.icnova.fcsh.unl.pt\/en\/wp-json\/wp\/v2\/posts\/996093"}],"collection":[{"href":"https:\/\/www.icnova.fcsh.unl.pt\/en\/wp-json\/wp\/v2\/posts"}],"about":[{"href":"https:\/\/www.icnova.fcsh.unl.pt\/en\/wp-json\/wp\/v2\/types\/post"}],"author":[{"embeddable":true,"href":"https:\/\/www.icnova.fcsh.unl.pt\/en\/wp-json\/wp\/v2\/users\/8"}],"replies":[{"embeddable":true,"href":"https:\/\/www.icnova.fcsh.unl.pt\/en\/wp-json\/wp\/v2\/comments?post=996093"}],"version-history":[{"count":1,"href":"https:\/\/www.icnova.fcsh.unl.pt\/en\/wp-json\/wp\/v2\/posts\/996093\/revisions"}],"predecessor-version":[{"id":996095,"href":"https:\/\/www.icnova.fcsh.unl.pt\/en\/wp-json\/wp\/v2\/posts\/996093\/revisions\/996095"}],"wp:featuredmedia":[{"embeddable":true,"href":"https:\/\/www.icnova.fcsh.unl.pt\/en\/wp-json\/wp\/v2\/media\/996094"}],"wp:attachment":[{"href":"https:\/\/www.icnova.fcsh.unl.pt\/en\/wp-json\/wp\/v2\/media?parent=996093"}],"wp:term":[{"taxonomy":"category","embeddable":true,"href":"https:\/\/www.icnova.fcsh.unl.pt\/en\/wp-json\/wp\/v2\/categories?post=996093"},{"taxonomy":"post_tag","embeddable":true,"href":"https:\/\/www.icnova.fcsh.unl.pt\/en\/wp-json\/wp\/v2\/tags?post=996093"}],"curies":[{"name":"wp","href":"https:\/\/api.w.org\/{rel}","templated":true}]}}