{"id":997500,"date":"2024-01-12T18:13:26","date_gmt":"2024-01-12T18:13:26","guid":{"rendered":"https:\/\/icnova.staging.widgilabs-sites.com\/?p=997500"},"modified":"2024-03-11T14:25:08","modified_gmt":"2024-03-11T14:25:08","slug":"open-calls-media-jornalismo-journalism-and-fiction-novo-prazo-de-submissao-7-de-fevereiro-2024","status":"publish","type":"post","link":"https:\/\/www.icnova.fcsh.unl.pt\/en\/open-calls-media-jornalismo-journalism-and-fiction-novo-prazo-de-submissao-7-de-fevereiro-2024\/","title":{"rendered":"Open Calls &#8211; Media &#038; Jornalismo &#8211;  Journalism And Fiction &#8211; Novo prazo de submiss\u00e3o: 7 de fevereiro, 2024"},"content":{"rendered":"<div class=\"vgblk-rw-wrapper limit-wrapper\">\n<p><strong>PRORROGA\u00c7\u00c3O DA<\/strong> <strong>CHAMADA DE ARTIGOS | JORNALISMO E FIC\u00c7\u00c3O<\/strong><\/p>\n\n\n\n<p><strong>EDITORES DO N\u00daMERO:<br><\/strong>Mar Chicharro-Merayo (Universidad de Burgos)<br>Javier Mateos-P\u00e9rez (Universidad Complutense de Madrid)<br>Lorena Antezana (Universidad de Chile)<\/p>\n\n\n\n<p><strong>DATAS IMPORTANTES:<br>Novo prazo de submiss\u00e3o: 7 de fevereiro, 2024<br><\/strong>Prazo para a submiss\u00e3o de artigos: de 15 de novembro de 2023 a 15 de janeiro de 2024<br>Decis\u00e3o dos editores: abril de 2024<br>Data prevista para a publica\u00e7\u00e3o: maio\/junho de 2024<\/p>\n\n\n\n<p>As contribui\u00e7\u00f5es para a edi\u00e7\u00e3o podem incluir, mas n\u00e3o est\u00e3o limitadas, aos seguintes t\u00f3picos:<\/p>\n\n\n\n<ul class=\"wp-block-list\">\n<li>Rela\u00e7\u00e3o entre g\u00e9neros noticiosos e formatos de fic\u00e7\u00e3o: quest\u00f5es gerais.<\/li>\n\n\n\n<li>Cria\u00e7\u00e3o, divulga\u00e7\u00e3o e consumo de produtos em que se conecta informa\u00e7\u00e3o e fic\u00e7\u00e3o.<\/li>\n\n\n\n<li>Uso de g\u00e9neros e estrat\u00e9gias que hibridizam informa\u00e7\u00e3o e fic\u00e7\u00e3o: docudrama, docuss\u00e9rie, reality show.<\/li>\n\n\n\n<li>\u00c9tica e deontologia profissional face \u00e0 hibridiza\u00e7\u00e3o de conte\u00fados e c\u00f3digos.<\/li>\n\n\n\n<li>Narrativas de informa\u00e7\u00e3o e fic\u00e7\u00e3o: sinergias e cont\u00e1gios.<\/li>\n\n\n\n<li>A fic\u00e7\u00e3o como fonte de informa\u00e7\u00e3o: o caso da fic\u00e7\u00e3o hist\u00f3rica.<\/li>\n\n\n\n<li>Fic\u00e7\u00e3o televisiva e imagin\u00e1rios jornal\u00edsticos. Representa\u00e7\u00f5es do jornalismo atrav\u00e9s da fic\u00e7\u00e3o. A mulher jornalista na fic\u00e7\u00e3o.<\/li>\n\n\n\n<li>Jornalismo cinematogr\u00e1fico. Estudos de caso. A adapta\u00e7\u00e3o do jornalismo \u00e0 fic\u00e7\u00e3o.<\/li>\n\n\n\n<li>Mostrar a realidade. O document\u00e1rio e o ensaio audiovisual.<\/li>\n\n\n\n<li>Os processos de recep\u00e7\u00e3o: audi\u00eancias diante da confus\u00e3o entre realidade e fic\u00e7\u00e3o.<\/li>\n\n\n\n<li><\/li>\n<\/ul>\n\n\n\n<p>A Revista<em>&nbsp;Media &amp; Jornalismo<\/em>&nbsp;(RMJ) \u00e9 uma revista cient\u00edfica de acesso aberto arbitrada por pares, que opera num processo de dupla revis\u00e3o cega, estando indexada na Scopus. Cada trabalho submetido ser\u00e1 distribu\u00eddo a dois revisores previamente convidados a avali\u00e1-lo, de acordo com a qualidade acad\u00e9mica, originalidade e relev\u00e2ncia para os objetivos e \u00e2mbito da tem\u00e1tica desta edi\u00e7\u00e3o da Revista. Os artigos podem ser submetidos em Ingl\u00eas, Espanhol ou Portugu\u00eas.<\/p>\n\n\n\n<p>Os manuscritos devem ser submetidos atrav\u00e9s do website da revista (<a href=\"https:\/\/impactum-journals.uc.pt\/mj\">https:\/\/impactum-journals.uc.pt\/mj<\/a>). No acesso \u00e0 RMJ pela primeira vez, deve&nbsp;<a href=\"https:\/\/impactum-journals.uc.pt\/mj\/user\/register\">registar-se<\/a>&nbsp;para poder submeter o seu artigo e acompanh\u00e1-lo ao longo do processo editorial. Consulte as&nbsp;<a href=\"https:\/\/impactum-journals.uc.pt\/index.php\/mj\/about\/submissions#onlineSubmissions\">Instru\u00e7\u00f5es para Autores&nbsp;<\/a>,&nbsp;<a href=\"https:\/\/impactum-journals.uc.pt\/index.php\/mj\/about\/submissions#onlineSubmissions\">Condi\u00e7\u00f5es para Submiss\u00e3o<\/a>&nbsp;e as&nbsp;<a href=\"https:\/\/impactum-journals.uc.pt\/index.php\/mj\/about\/editorialPolicies#openAccessPolicy\">Pol\u00edticas editoriais da revista<\/a>.<\/p>\n\n\n\n<p>Para mais informa\u00e7\u00f5es, entre em contato pelo email:&nbsp;<a href=\"mailto:patriciacontreiras@fcsh.unl.pt\">patriciacontreiras@fcsh.unl.pt<\/a><\/p>\n<\/div><!-- .vgblk-rw-wrapper -->","protected":false},"excerpt":{"rendered":"<p>PRORROGA\u00c7\u00c3O DA CHAMADA DE ARTIGOS | JORNALISMO E FIC\u00c7\u00c3O EDITORES DO N\u00daMERO:Mar Chicharro-Merayo (Universidad de Burgos)Javier Mateos-P\u00e9rez (Universidad Complutense de Madrid)Lorena Antezana (Universidad de Chile) DATAS IMPORTANTES:Novo prazo de submiss\u00e3o: 7 de fevereiro, 2024Prazo para a submiss\u00e3o de artigos: de 15 de novembro de 2023 a 15 de janeiro de 2024Decis\u00e3o dos editores: abril de&#8230;<\/p>\n","protected":false},"author":12,"featured_media":997501,"comment_status":"open","ping_status":"open","sticky":false,"template":"","format":"standard","meta":{"footnotes":""},"categories":[42],"tags":[92,185],"class_list":["post-997500","post","type-post","status-publish","format-standard","has-post-thumbnail","hentry","category-calls-icnova","tag-media-jornalismo","tag-media-e-jornalismo"],"acf":[],"yoast_head":"<!-- This site is optimized with the Yoast SEO plugin v23.2 - https:\/\/yoast.com\/wordpress\/plugins\/seo\/ -->\n<title>Open Calls - Media &amp; Jornalismo - Journalism And Fiction - Novo prazo de submiss\u00e3o: 7 de fevereiro, 2024 - ICNOVA<\/title>\n<meta name=\"robots\" content=\"index, follow, max-snippet:-1, max-image-preview:large, max-video-preview:-1\" \/>\n<link rel=\"canonical\" href=\"https:\/\/icnova.staging.widgilabs-sites.com\/open-calls-media-jornalismo-journalism-and-fiction-novo-prazo-de-submissao-7-de-fevereiro-2024\/\" \/>\n<meta property=\"og:locale\" content=\"en_US\" \/>\n<meta property=\"og:type\" content=\"article\" \/>\n<meta property=\"og:title\" content=\"Open Calls - Media &amp; Jornalismo - Journalism And Fiction - Novo prazo de submiss\u00e3o: 7 de fevereiro, 2024 - ICNOVA\" \/>\n<meta property=\"og:description\" content=\"PRORROGA\u00c7\u00c3O DA CHAMADA DE ARTIGOS | JORNALISMO E FIC\u00c7\u00c3O EDITORES DO N\u00daMERO:Mar Chicharro-Merayo (Universidad de Burgos)Javier Mateos-P\u00e9rez (Universidad Complutense de Madrid)Lorena Antezana (Universidad de Chile) DATAS IMPORTANTES:Novo prazo de submiss\u00e3o: 7 de fevereiro, 2024Prazo para a submiss\u00e3o de artigos: de 15 de novembro de 2023 a 15 de janeiro de 2024Decis\u00e3o dos editores: abril de...\" \/>\n<meta property=\"og:url\" content=\"https:\/\/icnova.staging.widgilabs-sites.com\/open-calls-media-jornalismo-journalism-and-fiction-novo-prazo-de-submissao-7-de-fevereiro-2024\/\" \/>\n<meta property=\"og:site_name\" content=\"ICNOVA\" \/>\n<meta property=\"article:published_time\" content=\"2024-01-12T18:13:26+00:00\" \/>\n<meta property=\"article:modified_time\" content=\"2024-03-11T14:25:08+00:00\" \/>\n<meta property=\"og:image\" content=\"https:\/\/icnova.staging.widgilabs-sites.com\/wp-content\/uploads\/2024\/01\/419217071_1070917304260700_5581389290239803369_n.jpg\" \/>\n\t<meta property=\"og:image:width\" content=\"1080\" \/>\n\t<meta property=\"og:image:height\" content=\"1080\" \/>\n\t<meta property=\"og:image:type\" content=\"image\/jpeg\" \/>\n<meta name=\"author\" content=\"B\u00e1rbara B. Novaes\" \/>\n<meta name=\"twitter:card\" content=\"summary_large_image\" \/>\n<meta name=\"twitter:label1\" content=\"Written by\" \/>\n\t<meta name=\"twitter:data1\" content=\"B\u00e1rbara B. Novaes\" \/>\n\t<meta name=\"twitter:label2\" content=\"Est. reading time\" \/>\n\t<meta name=\"twitter:data2\" content=\"2 minutes\" \/>\n<script type=\"application\/ld+json\" class=\"yoast-schema-graph\">{\"@context\":\"https:\/\/schema.org\",\"@graph\":[{\"@type\":\"Article\",\"@id\":\"https:\/\/icnova.staging.widgilabs-sites.com\/open-calls-media-jornalismo-journalism-and-fiction-novo-prazo-de-submissao-7-de-fevereiro-2024\/#article\",\"isPartOf\":{\"@id\":\"https:\/\/icnova.staging.widgilabs-sites.com\/open-calls-media-jornalismo-journalism-and-fiction-novo-prazo-de-submissao-7-de-fevereiro-2024\/\"},\"author\":{\"name\":\"B\u00e1rbara B. Novaes\",\"@id\":\"https:\/\/icnova.staging.widgilabs-sites.com\/#\/schema\/person\/448361a3369e91f99e516588a123c7ee\"},\"headline\":\"Open Calls &#8211; Media &#038; Jornalismo &#8211; Journalism And Fiction &#8211; Novo prazo de submiss\u00e3o: 7 de fevereiro, 2024\",\"datePublished\":\"2024-01-12T18:13:26+00:00\",\"dateModified\":\"2024-03-11T14:25:08+00:00\",\"mainEntityOfPage\":{\"@id\":\"https:\/\/icnova.staging.widgilabs-sites.com\/open-calls-media-jornalismo-journalism-and-fiction-novo-prazo-de-submissao-7-de-fevereiro-2024\/\"},\"wordCount\":415,\"commentCount\":0,\"publisher\":{\"@id\":\"https:\/\/icnova.staging.widgilabs-sites.com\/#organization\"},\"image\":{\"@id\":\"https:\/\/icnova.staging.widgilabs-sites.com\/open-calls-media-jornalismo-journalism-and-fiction-novo-prazo-de-submissao-7-de-fevereiro-2024\/#primaryimage\"},\"thumbnailUrl\":\"https:\/\/www.icnova.fcsh.unl.pt\/wp-content\/uploads\/2024\/01\/419217071_1070917304260700_5581389290239803369_n.jpg\",\"keywords\":[\"Media &amp; Jornalismo\",\"Media e Jornalismo\"],\"articleSection\":[\"Calls ICNOVA\"],\"inLanguage\":\"en-US\",\"potentialAction\":[{\"@type\":\"CommentAction\",\"name\":\"Comment\",\"target\":[\"https:\/\/icnova.staging.widgilabs-sites.com\/open-calls-media-jornalismo-journalism-and-fiction-novo-prazo-de-submissao-7-de-fevereiro-2024\/#respond\"]}]},{\"@type\":\"WebPage\",\"@id\":\"https:\/\/icnova.staging.widgilabs-sites.com\/open-calls-media-jornalismo-journalism-and-fiction-novo-prazo-de-submissao-7-de-fevereiro-2024\/\",\"url\":\"https:\/\/icnova.staging.widgilabs-sites.com\/open-calls-media-jornalismo-journalism-and-fiction-novo-prazo-de-submissao-7-de-fevereiro-2024\/\",\"name\":\"Open Calls - Media & Jornalismo - Journalism And Fiction - Novo prazo de submiss\u00e3o: 7 de fevereiro, 2024 - ICNOVA\",\"isPartOf\":{\"@id\":\"https:\/\/icnova.staging.widgilabs-sites.com\/#website\"},\"primaryImageOfPage\":{\"@id\":\"https:\/\/icnova.staging.widgilabs-sites.com\/open-calls-media-jornalismo-journalism-and-fiction-novo-prazo-de-submissao-7-de-fevereiro-2024\/#primaryimage\"},\"image\":{\"@id\":\"https:\/\/icnova.staging.widgilabs-sites.com\/open-calls-media-jornalismo-journalism-and-fiction-novo-prazo-de-submissao-7-de-fevereiro-2024\/#primaryimage\"},\"thumbnailUrl\":\"https:\/\/www.icnova.fcsh.unl.pt\/wp-content\/uploads\/2024\/01\/419217071_1070917304260700_5581389290239803369_n.jpg\",\"datePublished\":\"2024-01-12T18:13:26+00:00\",\"dateModified\":\"2024-03-11T14:25:08+00:00\",\"breadcrumb\":{\"@id\":\"https:\/\/icnova.staging.widgilabs-sites.com\/open-calls-media-jornalismo-journalism-and-fiction-novo-prazo-de-submissao-7-de-fevereiro-2024\/#breadcrumb\"},\"inLanguage\":\"en-US\",\"potentialAction\":[{\"@type\":\"ReadAction\",\"target\":[\"https:\/\/icnova.staging.widgilabs-sites.com\/open-calls-media-jornalismo-journalism-and-fiction-novo-prazo-de-submissao-7-de-fevereiro-2024\/\"]}]},{\"@type\":\"ImageObject\",\"inLanguage\":\"en-US\",\"@id\":\"https:\/\/icnova.staging.widgilabs-sites.com\/open-calls-media-jornalismo-journalism-and-fiction-novo-prazo-de-submissao-7-de-fevereiro-2024\/#primaryimage\",\"url\":\"https:\/\/www.icnova.fcsh.unl.pt\/wp-content\/uploads\/2024\/01\/419217071_1070917304260700_5581389290239803369_n.jpg\",\"contentUrl\":\"https:\/\/www.icnova.fcsh.unl.pt\/wp-content\/uploads\/2024\/01\/419217071_1070917304260700_5581389290239803369_n.jpg\",\"width\":1080,\"height\":1080},{\"@type\":\"BreadcrumbList\",\"@id\":\"https:\/\/icnova.staging.widgilabs-sites.com\/open-calls-media-jornalismo-journalism-and-fiction-novo-prazo-de-submissao-7-de-fevereiro-2024\/#breadcrumb\",\"itemListElement\":[{\"@type\":\"ListItem\",\"position\":1,\"name\":\"Home\",\"item\":\"https:\/\/www.icnova.fcsh.unl.pt\/en\/home\/\"},{\"@type\":\"ListItem\",\"position\":2,\"name\":\"Open Calls &#8211; Media &#038; Jornalismo &#8211; Journalism And Fiction &#8211; Novo prazo de submiss\u00e3o: 7 de fevereiro, 2024\"}]},{\"@type\":\"WebSite\",\"@id\":\"https:\/\/icnova.staging.widgilabs-sites.com\/#website\",\"url\":\"https:\/\/icnova.staging.widgilabs-sites.com\/\",\"name\":\"ICNOVA\",\"description\":\"INSTITUTO DE COMUNICA\u00c7\u00c3O DA NOVA\",\"publisher\":{\"@id\":\"https:\/\/icnova.staging.widgilabs-sites.com\/#organization\"},\"potentialAction\":[{\"@type\":\"SearchAction\",\"target\":{\"@type\":\"EntryPoint\",\"urlTemplate\":\"https:\/\/icnova.staging.widgilabs-sites.com\/?s={search_term_string}\"},\"query-input\":\"required name=search_term_string\"}],\"inLanguage\":\"en-US\"},{\"@type\":\"Organization\",\"@id\":\"https:\/\/icnova.staging.widgilabs-sites.com\/#organization\",\"name\":\"ICNOVA\",\"url\":\"https:\/\/icnova.staging.widgilabs-sites.com\/\",\"logo\":{\"@type\":\"ImageObject\",\"inLanguage\":\"en-US\",\"@id\":\"https:\/\/icnova.staging.widgilabs-sites.com\/#\/schema\/logo\/image\/\",\"url\":\"https:\/\/www.icnova.fcsh.unl.pt\/wp-content\/uploads\/2020\/02\/logo2.png\",\"contentUrl\":\"https:\/\/www.icnova.fcsh.unl.pt\/wp-content\/uploads\/2020\/02\/logo2.png\",\"width\":730,\"height\":209,\"caption\":\"ICNOVA\"},\"image\":{\"@id\":\"https:\/\/icnova.staging.widgilabs-sites.com\/#\/schema\/logo\/image\/\"}},{\"@type\":\"Person\",\"@id\":\"https:\/\/icnova.staging.widgilabs-sites.com\/#\/schema\/person\/448361a3369e91f99e516588a123c7ee\",\"name\":\"B\u00e1rbara B. Novaes\",\"image\":{\"@type\":\"ImageObject\",\"inLanguage\":\"en-US\",\"@id\":\"https:\/\/icnova.staging.widgilabs-sites.com\/#\/schema\/person\/image\/\",\"url\":\"https:\/\/secure.gravatar.com\/avatar\/980018600039737321d16d8a0fe94fbf?s=96&d=mm&r=g\",\"contentUrl\":\"https:\/\/secure.gravatar.com\/avatar\/980018600039737321d16d8a0fe94fbf?s=96&d=mm&r=g\",\"caption\":\"B\u00e1rbara B. Novaes\"},\"url\":\"https:\/\/www.icnova.fcsh.unl.pt\/en\/author\/barbarabergg\/\"}]}<\/script>\n<!-- \/ Yoast SEO plugin. -->","yoast_head_json":{"title":"Open Calls - Media & Jornalismo - Journalism And Fiction - Novo prazo de submiss\u00e3o: 7 de fevereiro, 2024 - ICNOVA","robots":{"index":"index","follow":"follow","max-snippet":"max-snippet:-1","max-image-preview":"max-image-preview:large","max-video-preview":"max-video-preview:-1"},"canonical":"https:\/\/icnova.staging.widgilabs-sites.com\/open-calls-media-jornalismo-journalism-and-fiction-novo-prazo-de-submissao-7-de-fevereiro-2024\/","og_locale":"en_US","og_type":"article","og_title":"Open Calls - Media & Jornalismo - Journalism And Fiction - Novo prazo de submiss\u00e3o: 7 de fevereiro, 2024 - ICNOVA","og_description":"PRORROGA\u00c7\u00c3O DA CHAMADA DE ARTIGOS | JORNALISMO E FIC\u00c7\u00c3O EDITORES DO N\u00daMERO:Mar Chicharro-Merayo (Universidad de Burgos)Javier Mateos-P\u00e9rez (Universidad Complutense de Madrid)Lorena Antezana (Universidad de Chile) DATAS IMPORTANTES:Novo prazo de submiss\u00e3o: 7 de fevereiro, 2024Prazo para a submiss\u00e3o de artigos: de 15 de novembro de 2023 a 15 de janeiro de 2024Decis\u00e3o dos editores: abril de...","og_url":"https:\/\/icnova.staging.widgilabs-sites.com\/open-calls-media-jornalismo-journalism-and-fiction-novo-prazo-de-submissao-7-de-fevereiro-2024\/","og_site_name":"ICNOVA","article_published_time":"2024-01-12T18:13:26+00:00","article_modified_time":"2024-03-11T14:25:08+00:00","og_image":[{"width":1080,"height":1080,"url":"https:\/\/icnova.staging.widgilabs-sites.com\/wp-content\/uploads\/2024\/01\/419217071_1070917304260700_5581389290239803369_n.jpg","type":"image\/jpeg"}],"author":"B\u00e1rbara B. Novaes","twitter_card":"summary_large_image","twitter_misc":{"Written by":"B\u00e1rbara B. Novaes","Est. reading time":"2 minutes"},"schema":{"@context":"https:\/\/schema.org","@graph":[{"@type":"Article","@id":"https:\/\/icnova.staging.widgilabs-sites.com\/open-calls-media-jornalismo-journalism-and-fiction-novo-prazo-de-submissao-7-de-fevereiro-2024\/#article","isPartOf":{"@id":"https:\/\/icnova.staging.widgilabs-sites.com\/open-calls-media-jornalismo-journalism-and-fiction-novo-prazo-de-submissao-7-de-fevereiro-2024\/"},"author":{"name":"B\u00e1rbara B. Novaes","@id":"https:\/\/icnova.staging.widgilabs-sites.com\/#\/schema\/person\/448361a3369e91f99e516588a123c7ee"},"headline":"Open Calls &#8211; Media &#038; Jornalismo &#8211; Journalism And Fiction &#8211; Novo prazo de submiss\u00e3o: 7 de fevereiro, 2024","datePublished":"2024-01-12T18:13:26+00:00","dateModified":"2024-03-11T14:25:08+00:00","mainEntityOfPage":{"@id":"https:\/\/icnova.staging.widgilabs-sites.com\/open-calls-media-jornalismo-journalism-and-fiction-novo-prazo-de-submissao-7-de-fevereiro-2024\/"},"wordCount":415,"commentCount":0,"publisher":{"@id":"https:\/\/icnova.staging.widgilabs-sites.com\/#organization"},"image":{"@id":"https:\/\/icnova.staging.widgilabs-sites.com\/open-calls-media-jornalismo-journalism-and-fiction-novo-prazo-de-submissao-7-de-fevereiro-2024\/#primaryimage"},"thumbnailUrl":"https:\/\/www.icnova.fcsh.unl.pt\/wp-content\/uploads\/2024\/01\/419217071_1070917304260700_5581389290239803369_n.jpg","keywords":["Media &amp; Jornalismo","Media e Jornalismo"],"articleSection":["Calls ICNOVA"],"inLanguage":"en-US","potentialAction":[{"@type":"CommentAction","name":"Comment","target":["https:\/\/icnova.staging.widgilabs-sites.com\/open-calls-media-jornalismo-journalism-and-fiction-novo-prazo-de-submissao-7-de-fevereiro-2024\/#respond"]}]},{"@type":"WebPage","@id":"https:\/\/icnova.staging.widgilabs-sites.com\/open-calls-media-jornalismo-journalism-and-fiction-novo-prazo-de-submissao-7-de-fevereiro-2024\/","url":"https:\/\/icnova.staging.widgilabs-sites.com\/open-calls-media-jornalismo-journalism-and-fiction-novo-prazo-de-submissao-7-de-fevereiro-2024\/","name":"Open Calls - Media & Jornalismo - Journalism And Fiction - Novo prazo de submiss\u00e3o: 7 de fevereiro, 2024 - ICNOVA","isPartOf":{"@id":"https:\/\/icnova.staging.widgilabs-sites.com\/#website"},"primaryImageOfPage":{"@id":"https:\/\/icnova.staging.widgilabs-sites.com\/open-calls-media-jornalismo-journalism-and-fiction-novo-prazo-de-submissao-7-de-fevereiro-2024\/#primaryimage"},"image":{"@id":"https:\/\/icnova.staging.widgilabs-sites.com\/open-calls-media-jornalismo-journalism-and-fiction-novo-prazo-de-submissao-7-de-fevereiro-2024\/#primaryimage"},"thumbnailUrl":"https:\/\/www.icnova.fcsh.unl.pt\/wp-content\/uploads\/2024\/01\/419217071_1070917304260700_5581389290239803369_n.jpg","datePublished":"2024-01-12T18:13:26+00:00","dateModified":"2024-03-11T14:25:08+00:00","breadcrumb":{"@id":"https:\/\/icnova.staging.widgilabs-sites.com\/open-calls-media-jornalismo-journalism-and-fiction-novo-prazo-de-submissao-7-de-fevereiro-2024\/#breadcrumb"},"inLanguage":"en-US","potentialAction":[{"@type":"ReadAction","target":["https:\/\/icnova.staging.widgilabs-sites.com\/open-calls-media-jornalismo-journalism-and-fiction-novo-prazo-de-submissao-7-de-fevereiro-2024\/"]}]},{"@type":"ImageObject","inLanguage":"en-US","@id":"https:\/\/icnova.staging.widgilabs-sites.com\/open-calls-media-jornalismo-journalism-and-fiction-novo-prazo-de-submissao-7-de-fevereiro-2024\/#primaryimage","url":"https:\/\/www.icnova.fcsh.unl.pt\/wp-content\/uploads\/2024\/01\/419217071_1070917304260700_5581389290239803369_n.jpg","contentUrl":"https:\/\/www.icnova.fcsh.unl.pt\/wp-content\/uploads\/2024\/01\/419217071_1070917304260700_5581389290239803369_n.jpg","width":1080,"height":1080},{"@type":"BreadcrumbList","@id":"https:\/\/icnova.staging.widgilabs-sites.com\/open-calls-media-jornalismo-journalism-and-fiction-novo-prazo-de-submissao-7-de-fevereiro-2024\/#breadcrumb","itemListElement":[{"@type":"ListItem","position":1,"name":"Home","item":"https:\/\/www.icnova.fcsh.unl.pt\/en\/home\/"},{"@type":"ListItem","position":2,"name":"Open Calls &#8211; Media &#038; Jornalismo &#8211; Journalism And Fiction &#8211; Novo prazo de submiss\u00e3o: 7 de fevereiro, 2024"}]},{"@type":"WebSite","@id":"https:\/\/icnova.staging.widgilabs-sites.com\/#website","url":"https:\/\/icnova.staging.widgilabs-sites.com\/","name":"ICNOVA","description":"INSTITUTO DE COMUNICA\u00c7\u00c3O DA NOVA","publisher":{"@id":"https:\/\/icnova.staging.widgilabs-sites.com\/#organization"},"potentialAction":[{"@type":"SearchAction","target":{"@type":"EntryPoint","urlTemplate":"https:\/\/icnova.staging.widgilabs-sites.com\/?s={search_term_string}"},"query-input":"required name=search_term_string"}],"inLanguage":"en-US"},{"@type":"Organization","@id":"https:\/\/icnova.staging.widgilabs-sites.com\/#organization","name":"ICNOVA","url":"https:\/\/icnova.staging.widgilabs-sites.com\/","logo":{"@type":"ImageObject","inLanguage":"en-US","@id":"https:\/\/icnova.staging.widgilabs-sites.com\/#\/schema\/logo\/image\/","url":"https:\/\/www.icnova.fcsh.unl.pt\/wp-content\/uploads\/2020\/02\/logo2.png","contentUrl":"https:\/\/www.icnova.fcsh.unl.pt\/wp-content\/uploads\/2020\/02\/logo2.png","width":730,"height":209,"caption":"ICNOVA"},"image":{"@id":"https:\/\/icnova.staging.widgilabs-sites.com\/#\/schema\/logo\/image\/"}},{"@type":"Person","@id":"https:\/\/icnova.staging.widgilabs-sites.com\/#\/schema\/person\/448361a3369e91f99e516588a123c7ee","name":"B\u00e1rbara B. Novaes","image":{"@type":"ImageObject","inLanguage":"en-US","@id":"https:\/\/icnova.staging.widgilabs-sites.com\/#\/schema\/person\/image\/","url":"https:\/\/secure.gravatar.com\/avatar\/980018600039737321d16d8a0fe94fbf?s=96&d=mm&r=g","contentUrl":"https:\/\/secure.gravatar.com\/avatar\/980018600039737321d16d8a0fe94fbf?s=96&d=mm&r=g","caption":"B\u00e1rbara B. Novaes"},"url":"https:\/\/www.icnova.fcsh.unl.pt\/en\/author\/barbarabergg\/"}]}},"_links":{"self":[{"href":"https:\/\/www.icnova.fcsh.unl.pt\/en\/wp-json\/wp\/v2\/posts\/997500"}],"collection":[{"href":"https:\/\/www.icnova.fcsh.unl.pt\/en\/wp-json\/wp\/v2\/posts"}],"about":[{"href":"https:\/\/www.icnova.fcsh.unl.pt\/en\/wp-json\/wp\/v2\/types\/post"}],"author":[{"embeddable":true,"href":"https:\/\/www.icnova.fcsh.unl.pt\/en\/wp-json\/wp\/v2\/users\/12"}],"replies":[{"embeddable":true,"href":"https:\/\/www.icnova.fcsh.unl.pt\/en\/wp-json\/wp\/v2\/comments?post=997500"}],"version-history":[{"count":1,"href":"https:\/\/www.icnova.fcsh.unl.pt\/en\/wp-json\/wp\/v2\/posts\/997500\/revisions"}],"predecessor-version":[{"id":997502,"href":"https:\/\/www.icnova.fcsh.unl.pt\/en\/wp-json\/wp\/v2\/posts\/997500\/revisions\/997502"}],"wp:featuredmedia":[{"embeddable":true,"href":"https:\/\/www.icnova.fcsh.unl.pt\/en\/wp-json\/wp\/v2\/media\/997501"}],"wp:attachment":[{"href":"https:\/\/www.icnova.fcsh.unl.pt\/en\/wp-json\/wp\/v2\/media?parent=997500"}],"wp:term":[{"taxonomy":"category","embeddable":true,"href":"https:\/\/www.icnova.fcsh.unl.pt\/en\/wp-json\/wp\/v2\/categories?post=997500"},{"taxonomy":"post_tag","embeddable":true,"href":"https:\/\/www.icnova.fcsh.unl.pt\/en\/wp-json\/wp\/v2\/tags?post=997500"}],"curies":[{"name":"wp","href":"https:\/\/api.w.org\/{rel}","templated":true}]}}